{"id":511,"date":"2014-01-07T00:00:00","date_gmt":"2014-01-07T02:00:00","guid":{"rendered":"https:\/\/hostnetart.com.br\/baixada\/contraf-cut-retoma-negociacoes-com-bndes-e-define-novas-rodadas\/"},"modified":"2014-01-07T00:00:00","modified_gmt":"2014-01-07T02:00:00","slug":"contraf-cut-retoma-negociacoes-com-bndes-e-define-novas-rodadas","status":"publish","type":"post","link":"https:\/\/hostnetart.com.br\/baixada\/contraf-cut-retoma-negociacoes-com-bndes-e-define-novas-rodadas\/","title":{"rendered":"Contraf-CUT retoma negocia\u00e7\u00f5es com BNDES e define novas rodadas"},"content":{"rendered":"<p>A Contraf-CUT, junto com a Comiss\u00e3o de Negocia\u00e7\u00e3o dos Empregados, retomou nesta segunda-feira (6) os debates com a dire\u00e7\u00e3o do BNDES, conforme havia sido informado que ocorreria na assembleia dos funcion\u00e1rios, realizada no dia 17 de dezembro, no Rio de Janeiro.<\/p>\n<p>\u00a0<br \/>Na primeira rodada em 2014, houve a apresenta\u00e7\u00e3o pelo banco de uma minuta de proposta para o acordo da campanha salarial de 2013, com algumas novas cl\u00e1usulas, por\u00e9m sem que constasse no texto qualquer men\u00e7\u00e3o \u00e0 formaliza\u00e7\u00e3o das apresenta\u00e7\u00f5es do GEP Carreira, realizadas em novembro pela \u00c1rea de Recursos Humanos (ARH), como a base da negocia\u00e7\u00e3o para a constru\u00e7\u00e3o final da proposta do Plano de Carreira.<\/p>\n<p>\u00a0<br \/>Diante do entendimento da necessidade dessa formaliza\u00e7\u00e3o no Acordo Coletivo de Trabalho (ACT) 2013\/2014, uma vez que o pr\u00f3prio presidente do BNDES, Luciano Coutinho, j\u00e1 oficializou a apresenta\u00e7\u00e3o como a base da proposta a ser negociada, inclusive estipulando o prazo de 15 de fevereiro como o limite para a conclus\u00e3o dos trabalhos, a Comiss\u00e3o dos Empregados insistiu para que a minuta retorne \u00e0 aprecia\u00e7\u00e3o da diretoria do banco, o que deve acontecer nesta ter\u00e7a-feira (7) para a inser\u00e7\u00e3o de cl\u00e1usula com reda\u00e7\u00e3o do item 1 do referido documento do presidente, que diz:<\/p>\n<p>\u00a0<br \/><em>&#8211; \u201cO BNDES considera que a base da proposta do novo plano de carreira \u00e9 a apresenta\u00e7\u00e3o realizada nos dias 18 e 19\/11\/13 pela \u00c1rea de Recursos Humanos\u201d.<\/em><\/p>\n<p>\u00a0<br \/>Para Miguel Pereira, secret\u00e1rio de Organiza\u00e7\u00e3o do Ramo Financeiro da Contraf-CUT, foi uma surpresa a proposta do GEP Carreira novamente n\u00e3o constar da reda\u00e7\u00e3o formal do ACT. \u201cEsse \u00e9 o ponto que vimos batendo o tempo todo na mesa de negocia\u00e7\u00e3o e o que vem retardando a apresenta\u00e7\u00e3o de uma proposta global \u00e0s assembleias, e mesmo quando o presidente do BNDES o fez diretamente, por escrito, \u00e0 Contraf-CUT, em dezembro \u00faltimo, a diretoria do banco n\u00e3o o apresenta no ACT\u201d.<\/p>\n<p>\u00a0<br \/>\u201cEspero sinceramente que tenha ocorrido uma incompreens\u00e3o da import\u00e2ncia na constru\u00e7\u00e3o do instrumento normativo por parte da diretoria do BNDES ou, caso contr\u00e1rio, estamos diante de um problema muito maior\u201d, argumenta Miguel.<\/p>\n<p>\u00a0<br \/>Outra quest\u00e3o importante \u00e9 o tratamento do ponto do dia 10 de dezembro, data da paralisa\u00e7\u00e3o de 24 horas. A minuta apresentada traz consigo o abono integral do dia, sujeito por quest\u00f5es formais \u00e0 aprecia\u00e7\u00e3o da proposta em assembleia geral. Como a minuta retornou para ajustes em fun\u00e7\u00e3o da formaliza\u00e7\u00e3o do GEP Carreira, n\u00e3o dever\u00e1 haver nova assembleia antes de sexta-feira (10), data m\u00e1xima para ajuste do ponto no sistema do banco.<\/p>\n<p>\u00a0<br \/>Diante da inten\u00e7\u00e3o de abonar o ponto e da falta de tempo h\u00e1bil antes de sexta-feira para uma assembleia, a Comiss\u00e3o dos Empregados cobrou que a administra\u00e7\u00e3o do BNDES publique informativo orientando os empregados sobre o procedimento a ser adotado. At\u00e9 que tal ocorra, os empregados devem deixar a marca\u00e7\u00e3o em branco sem lan\u00e7ar qualquer c\u00f3digo.<\/p>\n<p>\u00a0<br \/>A an\u00e1lise das demais condi\u00e7\u00f5es da proposta ser\u00e1 realizada quando da altera\u00e7\u00e3o solicitada na minuta. Caso a formaliza\u00e7\u00e3o do GEP Carreira dentro do ACT seja concretizada, haver\u00e1 indica\u00e7\u00e3o de assembleia geral deliberativa sobre a proposta para a pr\u00f3xima semana.<\/p>\n<p>\u00a0<br \/><strong>Novas rodadas de negocia\u00e7\u00f5es<\/strong><\/p>\n<p>\u00a0<br \/>Na reuni\u00e3o desta segunda-feira tamb\u00e9m ficou definida a realiza\u00e7\u00e3o de tr\u00eas rodadas durante o m\u00eas de janeiro, uma a cada semana, para que sejam debatidas finalmente as quest\u00f5es relativas \u00e0 GEP Carreira.<\/p>\n<p>\u00a0<br \/>J\u00e1 est\u00e1 agendada uma nova reuni\u00e3o para esta quinta-feira (9), com previs\u00e3o de durar todo o dia, para iniciar a discuss\u00e3o dos pontos de ajustes e melhorias do GEP Carreira.<\/p>\n<p>\u00a0<br \/>\u201cDiante de tanta protela\u00e7\u00e3o, \u00e9 grande a ansiedade para iniciarmos logo a negocia\u00e7\u00e3o que realmente \u00e9 a mais importante no momento, que \u00e9 a efetiva\u00e7\u00e3o da GEP Carreira, com os fundamentos j\u00e1 divulgados, como a Senioridade e a Incorpora\u00e7\u00e3o de Fun\u00e7\u00e3o, por exemplo. Ainda temos que correr contra o tempo, j\u00e1 que teremos at\u00e9 o dia 15 de fevereiro para concluir essa negocia\u00e7\u00e3o\u201d, conclui Miguel.<\/p>\n<p>\u00a0<br \/>Fonte: Contraf-CUT<\/p>\n","protected":false},"excerpt":{"rendered":"<p>A Contraf-CUT, junto com a Comiss\u00e3o de Negocia\u00e7\u00e3o dos Empregados, retomou nesta segunda-feira (6) os debates com a dire\u00e7\u00e3o do BNDES, conforme havia sido informado que ocorreria na assembleia dos funcion\u00e1rios, realizada no dia 17 de dezembro, no Rio de Janeiro. \u00a0Na primeira rodada em 2014, houve a apresenta\u00e7\u00e3o pelo banco de uma minuta de [&hellip;]<\/p>\n","protected":false},"author":1,"featured_media":0,"comment_status":"","ping_status":"","sticky":false,"template":"","format":"standard","meta":{"footnotes":""},"categories":[3],"tags":[],"class_list":["post-511","post","type-post","status-publish","format-standard","hentry","category-noticias"],"_links":{"self":[{"href":"https:\/\/hostnetart.com.br\/baixada\/wp-json\/wp\/v2\/posts\/511","targetHints":{"allow":["GET"]}}],"collection":[{"href":"https:\/\/hostnetart.com.br\/baixada\/wp-json\/wp\/v2\/posts"}],"about":[{"href":"https:\/\/hostnetart.com.br\/baixada\/wp-json\/wp\/v2\/types\/post"}],"author":[{"embeddable":true,"href":"https:\/\/hostnetart.com.br\/baixada\/wp-json\/wp\/v2\/users\/1"}],"replies":[{"embeddable":true,"href":"https:\/\/hostnetart.com.br\/baixada\/wp-json\/wp\/v2\/comments?post=511"}],"version-history":[{"count":0,"href":"https:\/\/hostnetart.com.br\/baixada\/wp-json\/wp\/v2\/posts\/511\/revisions"}],"wp:attachment":[{"href":"https:\/\/hostnetart.com.br\/baixada\/wp-json\/wp\/v2\/media?parent=511"}],"wp:term":[{"taxonomy":"category","embeddable":true,"href":"https:\/\/hostnetart.com.br\/baixada\/wp-json\/wp\/v2\/categories?post=511"},{"taxonomy":"post_tag","embeddable":true,"href":"https:\/\/hostnetart.com.br\/baixada\/wp-json\/wp\/v2\/tags?post=511"}],"curies":[{"name":"wp","href":"https:\/\/api.w.org\/{rel}","templated":true}]}}