{"id":5107,"date":"2018-08-22T18:12:42","date_gmt":"2018-08-22T21:12:42","guid":{"rendered":"https:\/\/hostnetart.com.br\/baixada\/mesa-especifica-do-banco-do-brasil-acontece-hoje-as-15h\/"},"modified":"2018-08-22T18:12:42","modified_gmt":"2018-08-22T21:12:42","slug":"mesa-especifica-do-banco-do-brasil-acontece-hoje-as-15h","status":"publish","type":"post","link":"https:\/\/hostnetart.com.br\/baixada\/mesa-especifica-do-banco-do-brasil-acontece-hoje-as-15h\/","title":{"rendered":"Mesa espec\u00edfica do Banco do Brasil acontece hoje, \u00e0s 15h"},"content":{"rendered":"<div class=\"content\">\n<p>A Comiss\u00e3o de Empresa dos Funcion\u00e1rios do Banco do Brasil se reunir\u00e1 com os representantes do banco, nesta quarta-feira (22), \u00e0s 15h, para dar continuidade a negocia\u00e7\u00e3o do acordo espec\u00edfico do BB.\u00a0<\/p>\n<p>Na \u00faltima reuni\u00e3o, a Comiss\u00e3o de Empresa informou ao banco que o acordo de quatro anos e a redu\u00e7\u00e3o dos direitos dos trabalhadores foi rejeitada nas assembleias, realizadas no dia 8 de agosto.<\/p>\n<p>O banco se comprometeu a apresentar a reda\u00e7\u00e3o sobre o banco de horas e o intervalo de almo\u00e7o, que tamb\u00e9m est\u00e1 em discuss\u00e3o na mesa \u00fanica.<\/p>\n<p>\u201cEsperamos que o banco apresente avan\u00e7os na pauta espec\u00edfica e que consigamos ajustar a reda\u00e7\u00e3o das cl\u00e1usulas que est\u00e3o sendo abatidas\u201d, afirmou Wagner Nascimento, coordenador da Comiss\u00e3o de Empresa dos Funcion\u00e1rios do Banco do Brasil.<\/p>\n<p>\u00a0<\/p>\n<p>\u00a0<\/p>\n<\/div>\n<p id=\"page-author\"><strong>Fonte: Contraf-CUT<\/strong><\/p>\n","protected":false},"excerpt":{"rendered":"<p>A Comiss\u00e3o de Empresa dos Funcion\u00e1rios do Banco do Brasil se reunir\u00e1 com os representantes do banco, nesta quarta-feira (22), \u00e0s 15h, para dar continuidade a negocia\u00e7\u00e3o do acordo espec\u00edfico do BB.\u00a0 Na \u00faltima reuni\u00e3o, a Comiss\u00e3o de Empresa informou ao banco que o acordo de quatro anos e a redu\u00e7\u00e3o dos direitos dos trabalhadores [&hellip;]<\/p>\n","protected":false},"author":2,"featured_media":5106,"comment_status":"","ping_status":"","sticky":false,"template":"","format":"standard","meta":{"footnotes":""},"categories":[3],"tags":[],"class_list":["post-5107","post","type-post","status-publish","format-standard","has-post-thumbnail","hentry","category-noticias"],"_links":{"self":[{"href":"https:\/\/hostnetart.com.br\/baixada\/wp-json\/wp\/v2\/posts\/5107","targetHints":{"allow":["GET"]}}],"collection":[{"href":"https:\/\/hostnetart.com.br\/baixada\/wp-json\/wp\/v2\/posts"}],"about":[{"href":"https:\/\/hostnetart.com.br\/baixada\/wp-json\/wp\/v2\/types\/post"}],"author":[{"embeddable":true,"href":"https:\/\/hostnetart.com.br\/baixada\/wp-json\/wp\/v2\/users\/2"}],"replies":[{"embeddable":true,"href":"https:\/\/hostnetart.com.br\/baixada\/wp-json\/wp\/v2\/comments?post=5107"}],"version-history":[{"count":0,"href":"https:\/\/hostnetart.com.br\/baixada\/wp-json\/wp\/v2\/posts\/5107\/revisions"}],"wp:featuredmedia":[{"embeddable":true,"href":"https:\/\/hostnetart.com.br\/baixada\/wp-json\/wp\/v2\/media\/5106"}],"wp:attachment":[{"href":"https:\/\/hostnetart.com.br\/baixada\/wp-json\/wp\/v2\/media?parent=5107"}],"wp:term":[{"taxonomy":"category","embeddable":true,"href":"https:\/\/hostnetart.com.br\/baixada\/wp-json\/wp\/v2\/categories?post=5107"},{"taxonomy":"post_tag","embeddable":true,"href":"https:\/\/hostnetart.com.br\/baixada\/wp-json\/wp\/v2\/tags?post=5107"}],"curies":[{"name":"wp","href":"https:\/\/api.w.org\/{rel}","templated":true}]}}