{"id":5105,"date":"2018-08-22T16:58:50","date_gmt":"2018-08-22T19:58:50","guid":{"rendered":"https:\/\/hostnetart.com.br\/baixada\/estudo-mostra-que-acesso-a-escola-diminui-crimes-na-adolescencia\/"},"modified":"2018-08-22T16:58:50","modified_gmt":"2018-08-22T19:58:50","slug":"estudo-mostra-que-acesso-a-escola-diminui-crimes-na-adolescencia","status":"publish","type":"post","link":"https:\/\/hostnetart.com.br\/baixada\/estudo-mostra-que-acesso-a-escola-diminui-crimes-na-adolescencia\/","title":{"rendered":"Estudo mostra que acesso \u00e0 escola diminui crimes na adolesc\u00eancia"},"content":{"rendered":"<p>Uma pesquisa do <a class=\"external-link\" title=\"\" href=\"http:\/\/www.soudapaz.org\" target=\"_blank\" rel=\"noopener noreferrer\">Instituto Sou da Paz<\/a> aponta que a maioria dos jovens infratores que cumpriram pena s\u00f3cio-educativa n\u00e3o frequentavam a escola e poucos deles conseguem emprego ap\u00f3s terem passado pela\u00a0Funda\u00e7\u00e3o Casa. Os dados constam do estudo <em>A\u00ed Eu Voltei Para o Corre &#8211; Estudo da Reincid\u00eancia Infracional do Adolescente no Estado de S\u00e3o Paulo<\/em>, divulgado nesta semana, que analisou a efic\u00e1cia das a\u00e7\u00f5es daquela entidade no ressocializa\u00e7\u00e3o dos menores.<\/p>\n<p>O estudo destaca que 86% dos <a class=\"internal-link\" title=\"\" href=\"https:\/\/www.redebrasilatual.com.br\/cidadania\/2018\/02\/em-seis-anos-numero-de-jovens-cumprindo-pena-aumenta-em-58\" target=\"_blank\" rel=\"noopener noreferrer\">jovens entraram em conflito com a lei<\/a>\u00a0por roubo ou tr\u00e1fico de drogas. A pesquisadora do Instituto Sou da Paz Ana Carolina Pekny comenta que o artigo 122 do Estatuto da Crian\u00e7a e do Adolescente (ECA) n\u00e3o prev\u00ea a interna\u00e7\u00e3o de jovens apreendidos por tr\u00e1fico sem reincid\u00eancia ou ato infracional grave.<\/p>\n<p>&#8220;O roubo \u00e9 um crime praticado com viol\u00eancia, ent\u00e3o a interna\u00e7\u00e3o \u00e9 cab\u00edvel. No caso do tr\u00e1fico, que \u00e9 um crime sem viol\u00eancia, o adolescente s\u00f3 deveria ser internado se tiver um hist\u00f3rico reiterado. Um adolescente que nunca tinha sido pego antes, nem teve acesso \u00e0s medidas socioeducativas, n\u00e3o deveria estar internado, mas ter outro tipo de iniciativa&#8221;, afirma a pesquisadora \u00e0 rep\u00f3rter\u00a0Ana Rosa Carrara, da\u00a0<strong>R\u00e1dio Brasil Atual<\/strong>.<\/p>\n<p>Segundo o estudo, 67% dos adolescentes entrevistados n\u00e3o frequentavam a escola antes da interna\u00e7\u00e3o. Ao sa\u00edrem da <a class=\"internal-link\" title=\"\" href=\"https:\/\/www.redebrasilatual.com.br\/cidadania\/2017\/07\/genocidio-de-adolescentes-e-jovens-negros-da-periferia-embranquece-unidades-da-fundacao-casa\" target=\"_blank\" rel=\"noopener noreferrer\">Funda\u00e7\u00e3o Casa<\/a>, 30% dos adolescentes n\u00e3o retornaram para as institui\u00e7\u00f5es de ensino e apenas 18% conseguiram emprego ap\u00f3s a interna\u00e7\u00e3o.<\/p>\n<p>Ao serem perguntados sobre projetos de vida, a maioria dos adolescentes teve dificuldade de falar sobre o futuro. A pesquisadora entende como fundamental o acesso \u00e0 educa\u00e7\u00e3o para ressocializar e mostrar uma nova perspectiva de vida para esses jovens.<\/p>\n<p>&#8220;Quase 70% dos adolescentes com que conversamos estavam foram da escola quando foram detidos. Esse abandono escolar acontece muito, at\u00e9 os 14 anos. Houve meninos e meninas que estavam cinco anos atrasados na escolaridade ideal. A situa\u00e7\u00e3o tamb\u00e9m \u00e9 dif\u00edcil quando eles saem da Funda\u00e7\u00e3o e voltam \u00e0 escola, porque eles saem estigmatizados e, \u00e0s vezes, a pr\u00f3pria escola nega a matr\u00edcula deles. Um ter\u00e7o dos reincidentes nem voltaram \u00e0 escola&#8221;, explica ela.<\/p>\n<p>A pesquisa mostra que esses jovens n\u00e3o t\u00eam acesso a direitos previstos no ECA, destaca Ana Carolina. &#8220;Os <a class=\"internal-link\" title=\"\" href=\"https:\/\/www.redebrasilatual.com.br\/cidadania\/2017\/09\/em-pauta-no-senado-maioridade-penal-nao-e-solucao-para-reduzir-criminalidade\" target=\"_blank\" rel=\"noopener noreferrer\">projetos que pedem redu\u00e7\u00e3o da maioridade penal<\/a> ou aumento da interna\u00e7\u00e3o argumentam que o ECA \u00e9 leniente com os adolescentes que cometem infra\u00e7\u00f5es. S\u00f3 que o estatuto fala sobre uma s\u00e9rie de direitos que o jovem tem e n\u00e3o s\u00e3o respeitados. Ent\u00e3o, \u00e9 complicado pedir o endurecimento do ECA, mas n\u00e3o pedir que os direitos (dos infratores) sejam assegurados&#8221;, acrescenta.\u00a0<\/p>\n<p class=\" \">O documento ainda traz um conjunto de <a class=\"internal-link\" title=\"\" href=\"https:\/\/www.redebrasilatual.com.br\/cidadania\/2018\/08\/entidades-denunciam-maus-tratos-contra-jovens-institucionalizados-na-fundacao-casa\" target=\"_blank\" rel=\"noopener noreferrer\">recomenda\u00e7\u00f5es para a Funda\u00e7\u00e3o Casa<\/a> e para o Estado, visando aprimorar a implementa\u00e7\u00e3o das medidas socioeducativas. A pesquisa completa pode ser acessada no <a class=\"external-link\" title=\"\" href=\"http:\/\/www.soudapaz.org\/upload\/pdf\/ai_eu_voltei_pro_corre_2018.pdf\" target=\"_blank\" rel=\"noopener noreferrer\">site do Instituto Sou da Paz<\/a>.\u00a0\u00a0<\/p>\n<p class=\" \">\u00a0<\/p>\n<p class=\" \"><strong>Fonte: Rede Brasil Atual<\/strong><\/p>\n","protected":false},"excerpt":{"rendered":"<p>Uma pesquisa do Instituto Sou da Paz aponta que a maioria dos jovens infratores que cumpriram pena s\u00f3cio-educativa n\u00e3o frequentavam a escola e poucos deles conseguem emprego ap\u00f3s terem passado pela\u00a0Funda\u00e7\u00e3o Casa. Os dados constam do estudo A\u00ed Eu Voltei Para o Corre &#8211; Estudo da Reincid\u00eancia Infracional do Adolescente no Estado de S\u00e3o Paulo, [&hellip;]<\/p>\n","protected":false},"author":2,"featured_media":5104,"comment_status":"","ping_status":"","sticky":false,"template":"","format":"standard","meta":{"footnotes":""},"categories":[3],"tags":[],"class_list":["post-5105","post","type-post","status-publish","format-standard","has-post-thumbnail","hentry","category-noticias"],"_links":{"self":[{"href":"https:\/\/hostnetart.com.br\/baixada\/wp-json\/wp\/v2\/posts\/5105","targetHints":{"allow":["GET"]}}],"collection":[{"href":"https:\/\/hostnetart.com.br\/baixada\/wp-json\/wp\/v2\/posts"}],"about":[{"href":"https:\/\/hostnetart.com.br\/baixada\/wp-json\/wp\/v2\/types\/post"}],"author":[{"embeddable":true,"href":"https:\/\/hostnetart.com.br\/baixada\/wp-json\/wp\/v2\/users\/2"}],"replies":[{"embeddable":true,"href":"https:\/\/hostnetart.com.br\/baixada\/wp-json\/wp\/v2\/comments?post=5105"}],"version-history":[{"count":0,"href":"https:\/\/hostnetart.com.br\/baixada\/wp-json\/wp\/v2\/posts\/5105\/revisions"}],"wp:featuredmedia":[{"embeddable":true,"href":"https:\/\/hostnetart.com.br\/baixada\/wp-json\/wp\/v2\/media\/5104"}],"wp:attachment":[{"href":"https:\/\/hostnetart.com.br\/baixada\/wp-json\/wp\/v2\/media?parent=5105"}],"wp:term":[{"taxonomy":"category","embeddable":true,"href":"https:\/\/hostnetart.com.br\/baixada\/wp-json\/wp\/v2\/categories?post=5105"},{"taxonomy":"post_tag","embeddable":true,"href":"https:\/\/hostnetart.com.br\/baixada\/wp-json\/wp\/v2\/tags?post=5105"}],"curies":[{"name":"wp","href":"https:\/\/api.w.org\/{rel}","templated":true}]}}