{"id":5103,"date":"2018-08-22T16:57:06","date_gmt":"2018-08-22T19:57:06","guid":{"rendered":"https:\/\/hostnetart.com.br\/baixada\/inadimplencia-e-realidade-para-41-da-populacao-adulta-brasileira\/"},"modified":"2018-08-22T16:57:06","modified_gmt":"2018-08-22T19:57:06","slug":"inadimplencia-e-realidade-para-41-da-populacao-adulta-brasileira","status":"publish","type":"post","link":"https:\/\/hostnetart.com.br\/baixada\/inadimplencia-e-realidade-para-41-da-populacao-adulta-brasileira\/","title":{"rendered":"Inadimpl\u00eancia \u00e9 realidade para 41% da popula\u00e7\u00e3o adulta brasileira"},"content":{"rendered":"<p class=\" \">O Brasil fechou o m\u00eas de julho com <a class=\"external-link\" title=\"\" href=\"https:\/\/www.spcbrasil.org.br\/imprensa\/noticia\/5043\" target=\"_blank\" rel=\"noopener noreferrer\">63,4 milh\u00f5es de pessoas inadimplentes<\/a> e, segundo dados divulgados pelo Servi\u00e7o de Prote\u00e7\u00e3o ao Cr\u00e9dito (SPC Brasil), o n\u00famero representa 41% da popula\u00e7\u00e3o adulta do pa\u00eds. Para o comentarista pol\u00edtico Jos\u00e9 Lopez Feij\u00f3o, esse aumento na<a class=\"internal-link\" title=\"\" href=\"https:\/\/www.redebrasilatual.com.br\/economia\/2018\/03\/ais-de-40-dos-brasileiros-estao-no-spc-porque-nao-conseguiram-pagar-as-contas\" target=\"_blank\" rel=\"noopener noreferrer\"> taxa de pessoas com nome negativado<\/a>, que chegou a 4,31% em julho, est\u00e1 associado \u00e0 nova realidade imposta aos brasileiros ap\u00f3s o golpe de 2016 que culminou em aumento das taxas de desemprego, <a class=\"internal-link\" title=\"\" href=\"https:\/\/www.redebrasilatual.com.br\/trabalho\/2018\/08\/avanco-da-crise-e-da-informalidade-levam-mais-mulheres-ao-mercado-de-trabalho\" target=\"_blank\" rel=\"noopener noreferrer\">subocupa\u00e7\u00e3o<\/a> e <a class=\"internal-link\" title=\"\" href=\"https:\/\/www.redebrasilatual.com.br\/economia\/2018\/08\/em-dois-anos-pais-tem-mais-5-milhoes-de-subtilizados-e-1-6-milhao-de-desalentados\" target=\"_blank\" rel=\"noopener noreferrer\">desalento<\/a>.<\/p>\n<p class=\" \">&#8220;Isso \u00e9 f\u00e1cil de explicar. Um pa\u00eds que tem hoje, fruto de um golpe de estado que n\u00f3s estamos vivendo, 13 milh\u00f5es de desempregados, 27 milh\u00f5es de subocupados e mais de 65 milh\u00f5es de pessoas em idade ativa que nem trabalham e nem procuram emprego porque est\u00e3o atingidas pelo desalento&#8221;, explica Feij\u00f3o.<\/p>\n<p class=\" \">De acordo com o SPC Brasil, as contas de servi\u00e7os b\u00e1sicos como \u00e1gua e luz lideram a alta no atraso dos pagamentos com 7,66% na compara\u00e7\u00e3o atual. O contingente de inadimplentes chega a ser t\u00e3o grande que quase equivale \u00e0 popula\u00e7\u00e3o da It\u00e1lia. Feij\u00f3o cita ainda que, diante da crise, muitas <a class=\"internal-link\" title=\"\" href=\"https:\/\/www.redebrasilatual.com.br\/economia\/2018\/07\/gasto-das-familias-com-juros-sobe-18-alem-da%20inflacao-soma-r%24-354-bilhoes\" target=\"_blank\" rel=\"noopener noreferrer\">fam\u00edlias<\/a> t\u00eam buscado deixar o pa\u00eds para tentar melhores condi\u00e7\u00f5es de vida.<\/p>\n<p class=\" \">\u00a0<\/p>\n<p class=\" \"><strong>FONTE: Rede Brasil Atual<\/strong><\/p>\n","protected":false},"excerpt":{"rendered":"<p>O Brasil fechou o m\u00eas de julho com 63,4 milh\u00f5es de pessoas inadimplentes e, segundo dados divulgados pelo Servi\u00e7o de Prote\u00e7\u00e3o ao Cr\u00e9dito (SPC Brasil), o n\u00famero representa 41% da popula\u00e7\u00e3o adulta do pa\u00eds. Para o comentarista pol\u00edtico Jos\u00e9 Lopez Feij\u00f3o, esse aumento na taxa de pessoas com nome negativado, que chegou a 4,31% em [&hellip;]<\/p>\n","protected":false},"author":2,"featured_media":5102,"comment_status":"","ping_status":"","sticky":false,"template":"","format":"standard","meta":{"footnotes":""},"categories":[3],"tags":[],"class_list":["post-5103","post","type-post","status-publish","format-standard","has-post-thumbnail","hentry","category-noticias"],"_links":{"self":[{"href":"https:\/\/hostnetart.com.br\/baixada\/wp-json\/wp\/v2\/posts\/5103","targetHints":{"allow":["GET"]}}],"collection":[{"href":"https:\/\/hostnetart.com.br\/baixada\/wp-json\/wp\/v2\/posts"}],"about":[{"href":"https:\/\/hostnetart.com.br\/baixada\/wp-json\/wp\/v2\/types\/post"}],"author":[{"embeddable":true,"href":"https:\/\/hostnetart.com.br\/baixada\/wp-json\/wp\/v2\/users\/2"}],"replies":[{"embeddable":true,"href":"https:\/\/hostnetart.com.br\/baixada\/wp-json\/wp\/v2\/comments?post=5103"}],"version-history":[{"count":0,"href":"https:\/\/hostnetart.com.br\/baixada\/wp-json\/wp\/v2\/posts\/5103\/revisions"}],"wp:featuredmedia":[{"embeddable":true,"href":"https:\/\/hostnetart.com.br\/baixada\/wp-json\/wp\/v2\/media\/5102"}],"wp:attachment":[{"href":"https:\/\/hostnetart.com.br\/baixada\/wp-json\/wp\/v2\/media?parent=5103"}],"wp:term":[{"taxonomy":"category","embeddable":true,"href":"https:\/\/hostnetart.com.br\/baixada\/wp-json\/wp\/v2\/categories?post=5103"},{"taxonomy":"post_tag","embeddable":true,"href":"https:\/\/hostnetart.com.br\/baixada\/wp-json\/wp\/v2\/tags?post=5103"}],"curies":[{"name":"wp","href":"https:\/\/api.w.org\/{rel}","templated":true}]}}