{"id":5095,"date":"2018-08-21T23:43:08","date_gmt":"2018-08-22T02:43:08","guid":{"rendered":"https:\/\/hostnetart.com.br\/baixada\/comando-nacional-dos-bancarios-esta-reunido-com-fenaban-para-cobrar-proposta\/"},"modified":"2018-08-21T23:43:08","modified_gmt":"2018-08-22T02:43:08","slug":"comando-nacional-dos-bancarios-esta-reunido-com-fenaban-para-cobrar-proposta","status":"publish","type":"post","link":"https:\/\/hostnetart.com.br\/baixada\/comando-nacional-dos-bancarios-esta-reunido-com-fenaban-para-cobrar-proposta\/","title":{"rendered":"Comando Nacional dos Banc\u00e1rios est\u00e1 reunido com Fenaban para cobrar proposta"},"content":{"rendered":"<div class=\"content\">\n<p>O Comando Nacional dos Banc\u00e1rios est\u00e1 reunido com a Federa\u00e7\u00e3o Nacional dos Bancos (Fenaban), desde \u00e0s 14h, em S\u00e3o Paulo, para discutir clausula por clausula da proposta.\u00a0A reuni\u00e3o s\u00f3 ser\u00e1 encerrada com a apresenta\u00e7\u00e3o de uma\u00a0proposta decente ou um impasse.\u00a0Ambas as situa\u00e7\u00f5es ser\u00e3o apreciadas pelos banc\u00e1rios, em assembleias por todo o Brasil, para deliberar os rumos da campanha.<\/p>\n<p>Ao final da mesa de negocia\u00e7\u00e3o, a Contraf-CUT divulgar\u00e1 mais informa\u00e7\u00f5es.\u00a0\u00a0<\/p>\n<p>\u00a0<\/p>\n<\/div>\n<p id=\"page-author\"><strong>Fonte: Contraf-CUT<\/strong><\/p>\n","protected":false},"excerpt":{"rendered":"<p>O Comando Nacional dos Banc\u00e1rios est\u00e1 reunido com a Federa\u00e7\u00e3o Nacional dos Bancos (Fenaban), desde \u00e0s 14h, em S\u00e3o Paulo, para discutir clausula por clausula da proposta.\u00a0A reuni\u00e3o s\u00f3 ser\u00e1 encerrada com a apresenta\u00e7\u00e3o de uma\u00a0proposta decente ou um impasse.\u00a0Ambas as situa\u00e7\u00f5es ser\u00e3o apreciadas pelos banc\u00e1rios, em assembleias por todo o Brasil, para deliberar os [&hellip;]<\/p>\n","protected":false},"author":2,"featured_media":5094,"comment_status":"","ping_status":"","sticky":false,"template":"","format":"standard","meta":{"footnotes":""},"categories":[3],"tags":[],"class_list":["post-5095","post","type-post","status-publish","format-standard","has-post-thumbnail","hentry","category-noticias"],"_links":{"self":[{"href":"https:\/\/hostnetart.com.br\/baixada\/wp-json\/wp\/v2\/posts\/5095","targetHints":{"allow":["GET"]}}],"collection":[{"href":"https:\/\/hostnetart.com.br\/baixada\/wp-json\/wp\/v2\/posts"}],"about":[{"href":"https:\/\/hostnetart.com.br\/baixada\/wp-json\/wp\/v2\/types\/post"}],"author":[{"embeddable":true,"href":"https:\/\/hostnetart.com.br\/baixada\/wp-json\/wp\/v2\/users\/2"}],"replies":[{"embeddable":true,"href":"https:\/\/hostnetart.com.br\/baixada\/wp-json\/wp\/v2\/comments?post=5095"}],"version-history":[{"count":0,"href":"https:\/\/hostnetart.com.br\/baixada\/wp-json\/wp\/v2\/posts\/5095\/revisions"}],"wp:featuredmedia":[{"embeddable":true,"href":"https:\/\/hostnetart.com.br\/baixada\/wp-json\/wp\/v2\/media\/5094"}],"wp:attachment":[{"href":"https:\/\/hostnetart.com.br\/baixada\/wp-json\/wp\/v2\/media?parent=5095"}],"wp:term":[{"taxonomy":"category","embeddable":true,"href":"https:\/\/hostnetart.com.br\/baixada\/wp-json\/wp\/v2\/categories?post=5095"},{"taxonomy":"post_tag","embeddable":true,"href":"https:\/\/hostnetart.com.br\/baixada\/wp-json\/wp\/v2\/tags?post=5095"}],"curies":[{"name":"wp","href":"https:\/\/api.w.org\/{rel}","templated":true}]}}