{"id":5091,"date":"2018-08-21T13:47:10","date_gmt":"2018-08-21T16:47:10","guid":{"rendered":"https:\/\/hostnetart.com.br\/baixada\/em-favor-do-mercado-mec-amplia-total-de-cursos-de-graduacao-em-saude-a-distancia\/"},"modified":"2018-08-21T13:47:10","modified_gmt":"2018-08-21T16:47:10","slug":"em-favor-do-mercado-mec-amplia-total-de-cursos-de-graduacao-em-saude-a-distancia","status":"publish","type":"post","link":"https:\/\/hostnetart.com.br\/baixada\/em-favor-do-mercado-mec-amplia-total-de-cursos-de-graduacao-em-saude-a-distancia\/","title":{"rendered":"Em favor do mercado, MEC amplia total de cursos de gradua\u00e7\u00e3o em sa\u00fade a dist\u00e2ncia"},"content":{"rendered":"<p>Em um movimento que favorece sobretudo a rede privada de ensino, o\u00a0<a class=\"external-link\" title=\"\" href=\"https:\/\/www.mec.gov.br\/\" target=\"_blank\" rel=\"noopener noreferrer\">Minist\u00e9rio da Educa\u00e7\u00e3o (MEC)<\/a>\u00a0tem ampliado a oferta de cursos de gradua\u00e7\u00e3o na \u00e1rea de sa\u00fade na modalidade Ensino a Dist\u00e2ncia (EaD), aquela em que o estudante obt\u00e9m o diploma praticamente sem sair de casa, bastando ter um computador. Facilitados pelo\u00a0<a class=\"external-link\" title=\"\" href=\"http:\/\/www.planalto.gov.br\/ccivil_03\/_Ato2015-2018\/2017\/Decreto\/D9057.htm\" target=\"_blank\" rel=\"noopener noreferrer\">Decreto 9.057<\/a>, de maio de 2017, que flexibiliza as regras e elimina exig\u00eancias para a abertura dessas gradua\u00e7\u00f5es, s\u00f3 no \u00faltimo per\u00edodo de um ano foram criados 8.811 destes novos cursos \u2013 amplia\u00e7\u00e3o de 113% em rela\u00e7\u00e3o ao per\u00edodo anterior.<\/p>\n<p>Uma pesquisa realizada pela Comiss\u00e3o Intersetorial de Recursos Humanos e Rela\u00e7\u00e3o de Trabalho (CIRHRT), do Conselho Nacional de Sa\u00fade (CNS), mostra que o n\u00famero de vagas autorizadas pelo MEC em EaD para a sa\u00fade j\u00e1 totaliza cerca 690 mil, segundo dados de junho de 2018, um n\u00famero que n\u00e3o para de crescer segundo a comiss\u00e3o. Em todo o pa\u00eds, s\u00e3o 244 turmas mantidas por diversas universidades, pelas quais os estudantes podem cursar Biomedicina, Medicina Veterin\u00e1ria, Enfermagem, Farm\u00e1cia, Fonoaudiologia, Fisioterapia, Biologia, Terapia Ocupacional, Educa\u00e7\u00e3o F\u00edsica, Nutri\u00e7\u00e3o ou Servi\u00e7o Social.<\/p>\n<p>Esses atos normativos publicados pelo governo de Michel Temer s\u00e3o baixados \u00e0 revelia do CNS, que foi exclu\u00eddo das comiss\u00f5es para impedir que o controle social na sa\u00fade participe do processo que analisam esses cursos.\u00a0<a class=\"external-link\" title=\"\" href=\"https:\/\/pt.scribd.com\/document\/386656866\/Oficio-Do-CNS-Ao-MEC\" target=\"_blank\" rel=\"noopener noreferrer\">O colegiado j\u00e1 aprovou dez\u00a0resolu\u00e7\u00f5es e seis recomenda\u00e7\u00f5es criticando as decis\u00f5es nesse per\u00edodo<\/a>. As cr\u00edticas s\u00e3o endossadas por mais de 57 associa\u00e7\u00f5es, entidades profissionais, federa\u00e7\u00f5es de ensino e representa\u00e7\u00f5es estudantis. Entre elas, o Conselho Federal de Medicina, de Medicina Veterin\u00e1ria, Odontologia, Nutri\u00e7\u00e3o, Farm\u00e1cia, Fonoaudiologia, Terapia Ocupacional e Servi\u00e7o Social, por exemplo, s\u00e3o contr\u00e1rios a essa modalidade de ensino para cursos de gradua\u00e7\u00e3o na \u00e1rea de sa\u00fade. Tanto que assinam uma nota p\u00fablica contra \u00e0 medida do MEC.\u00a0<\/p>\n<p>O entendimento destas entidades \u00e9 que,\u00a0 para cuidar da sa\u00fade e da vida de pessoas, \u00e9 necess\u00e1rio contato presencial na forma\u00e7\u00e3o. Defendem tamb\u00e9m que a gradua\u00e7\u00e3o em sa\u00fade requer o contato direto entre professores, alunos e pacientes ao longo de todo o programa. &#8220;Estamos submetendo nossos estudantes ao aspecto mercadol\u00f3gico da educa\u00e7\u00e3o. \u00c9 uma situa\u00e7\u00e3o impratic\u00e1vel pela seguran\u00e7a dos pr\u00f3prios pacientes diante desses novos profissionais. O MEC e o Conselho Nacional de Educa\u00e7\u00e3o (CNE) n\u00e3o t\u00eam valorizado nosso espa\u00e7o, deixando uma lacuna e rasgando a Constitui\u00e7\u00e3o&#8221;, criticou a conselheira nacional de sa\u00fade Francisca R\u00eago, representante Associa\u00e7\u00e3o Brasileira de Ensino em Fisioterapia (Abenfisio).<\/p>\n<p>\u00a0<\/p>\n<dl class=\"image-inline captioned\">\n<dt><img fetchpriority=\"high\" decoding=\"async\" class=\" lazyloaded\" title=\"curso de enfermagem \u00e0 dist\u00e2ncia\" src=\"https:\/\/www.redebrasilatual.com.br\/educacao\/mec-amplia-em-113-o-numero-de-cursos-de-graduacao-em-saude-a-distancia-desde-2017\/enfermagem.jpg\/image\" alt=\"curso de enfermagem \u00e0 dist\u00e2ncia\" width=\"780\" height=\"667\" data-src=\"https:\/\/www.redebrasilatual.com.br\/educacao\/mec-amplia-em-113-o-numero-de-cursos-de-graduacao-em-saude-a-distancia-desde-2017\/enfermagem.jpg\/image\" \/><em>H\u00e1 na internet diversos sites que ajudam na busca de cursos de gradua\u00e7\u00e3o EaD em todas as \u00e1reas, inclusive da sa\u00fade<\/em><\/dt>\n<dt><\/dt>\n<\/dl>\n<p>Por isso o CNS reivindica que\u00a0o CNE, vinculado ao MEC, oficialize sua representa\u00e7\u00e3o nas comiss\u00f5es que analisam as gradua\u00e7\u00f5es em sa\u00fade no Brasil. &#8220;Gostar\u00edamos tamb\u00e9m de ter acesso ao calend\u00e1rio dos avaliadores das institui\u00e7\u00f5es de ensino. O controle social na sa\u00fade precisa acompanhar esse processo&#8221;, disse Cleoneide Pinheiro, conselheira nacional de sa\u00fade, representante da Federa\u00e7\u00e3o Nacional das Associa\u00e7\u00f5es de Cel\u00edacos do Brasil (Fenacelbra).<\/p>\n<p>Na quinta-feira (16), conselheiros nacionais de Sa\u00fade se reuniram com representantes do MEC. Na pauta, a reivindica\u00e7\u00e3o do cumprimento da Constitui\u00e7\u00e3o federal pela pasta, que em seu artigo 200 estabelece que o Sistema \u00danico de Sa\u00fade (SUS) tem entre suas atribui\u00e7\u00f5es ordenar a forma\u00e7\u00e3o de recursos humanos na \u00e1rea de sa\u00fade, bem como da\u00a0Lei n\u00ba 8.080, de 1990, que define o SUS e que d\u00e1 \u00e0 Comiss\u00e3o Intersetorial de Recursos Humanos e Rela\u00e7\u00f5es de Trabalho (CIRHRT), do CNS, a prerrogativa de articular recursos humanos na sa\u00fade.<\/p>\n<p>O Conselho reivindica tamb\u00e9m o restabelecimento dos processos de autoriza\u00e7\u00e3o dos cursos de Medicina no \u00e2mbito do programa Mais M\u00e9dicos, que foram retirados do CNS desde 2017 por meio da Portaria Normativa n\u00ba 7. E a oficializa\u00e7\u00e3o da sua representa\u00e7\u00e3o nas comiss\u00f5es que analisam os cursos de gradua\u00e7\u00e3o em sa\u00fade no \u00e2mbito do\u00a0Conselho Nacional de Educa\u00e7\u00e3o.<\/p>\n<p>&#8220;Gostar\u00edamos tamb\u00e9m de ter acesso ao calend\u00e1rio dos avaliadores das institui\u00e7\u00f5es de ensino. O controle social na sa\u00fade precisa acompanhar esse processo&#8221;, disse Cleoneide Pinheiro, conselheira nacional de sa\u00fade, representante da Federa\u00e7\u00e3o Nacional das Associa\u00e7\u00f5es de Cel\u00edacos do Brasil (Fenacelbra).<\/p>\n<p>&#8220;Nossas recomenda\u00e7\u00f5es s\u00e3o produzidas por gestores, trabalhadores, usu\u00e1rios e acad\u00eamicos em um amplo processo de debate. H\u00e1 um esfor\u00e7o enorme do CNS para darmos nossas contribui\u00e7\u00f5es diante das 14 profiss\u00f5es da sa\u00fade. Por\u00e9m esse esfor\u00e7o n\u00e3o est\u00e1 sendo levado em considera\u00e7\u00e3o pelas estruturas da educa\u00e7\u00e3o no pais&#8221;, criticou o\u00a0presidente do CNS, Ronald dos Santos.<\/p>\n<p>Na reuni\u00e3o, o conselheiro nacional de sa\u00fade Neilton Ara\u00fajo, representante do Minist\u00e9rio da Sa\u00fade, solicitou mais escuta do MEC em todo esse processo. &#8220;N\u00f3s nos colocamos solid\u00e1rios aos representantes dos usu\u00e1rios e trabalhadores da sa\u00fade. Temos defendido um alinhamento entre MEC e CNS. O Minist\u00e9rio da Sa\u00fade n\u00e3o \u00e9 ausente nas discuss\u00f5es. Mesmo que discorde, ele d\u00e1 uma resposta. O MEC precisa dar explica\u00e7\u00f5es ao CNS. N\u00e3o d\u00e1 para ignorar as demandas dos conselheiros&#8221;, afirmou.<\/p>\n<p>Alegando compromissos com Michel Temer, o ministro da Educa\u00e7\u00e3o, Rossieli Soares, faltou \u00e0 reuni\u00e3o. Seu representante, o secret\u00e1rio de Educa\u00e7\u00e3o Superior do MEC, Paulo Barone, ficou de encaminhar as reivindica\u00e7\u00f5es.<\/p>\n<p>O tema continua em discuss\u00e3o e ser\u00e1 pauta da pr\u00f3xima reuni\u00e3o ordin\u00e1ria do CNS, agendada para os dias 12 e 13 de setembro.<\/p>\n<p><img decoding=\"async\" class=\"image-inline captioned lazyloaded\" title=\"gradua\u00e7\u00e3o em educa\u00e7\u00e3o f\u00edsica \u00e0 dist\u00e2ncia\" src=\"https:\/\/www.redebrasilatual.com.br\/educacao\/mec-amplia-em-113-o-numero-de-cursos-de-graduacao-em-saude-a-distancia-desde-2017\/educacao-fisica.jpg\" alt=\"gradua\u00e7\u00e3o em educa\u00e7\u00e3o f\u00edsica \u00e0 dist\u00e2ncia\" data-src=\"https:\/\/www.redebrasilatual.com.br\/educacao\/mec-amplia-em-113-o-numero-de-cursos-de-graduacao-em-saude-a-distancia-desde-2017\/educacao-fisica.jpg\" \/><\/p>\n<p>\u00a0<\/p>\n<p><strong>Fonte: Rede Brasil Atual<\/strong><\/p>\n","protected":false},"excerpt":{"rendered":"<p>Em um movimento que favorece sobretudo a rede privada de ensino, o\u00a0Minist\u00e9rio da Educa\u00e7\u00e3o (MEC)\u00a0tem ampliado a oferta de cursos de gradua\u00e7\u00e3o na \u00e1rea de sa\u00fade na modalidade Ensino a Dist\u00e2ncia (EaD), aquela em que o estudante obt\u00e9m o diploma praticamente sem sair de casa, bastando ter um computador. Facilitados pelo\u00a0Decreto 9.057, de maio de [&hellip;]<\/p>\n","protected":false},"author":2,"featured_media":5090,"comment_status":"","ping_status":"","sticky":false,"template":"","format":"standard","meta":{"footnotes":""},"categories":[3],"tags":[],"class_list":["post-5091","post","type-post","status-publish","format-standard","has-post-thumbnail","hentry","category-noticias"],"_links":{"self":[{"href":"https:\/\/hostnetart.com.br\/baixada\/wp-json\/wp\/v2\/posts\/5091","targetHints":{"allow":["GET"]}}],"collection":[{"href":"https:\/\/hostnetart.com.br\/baixada\/wp-json\/wp\/v2\/posts"}],"about":[{"href":"https:\/\/hostnetart.com.br\/baixada\/wp-json\/wp\/v2\/types\/post"}],"author":[{"embeddable":true,"href":"https:\/\/hostnetart.com.br\/baixada\/wp-json\/wp\/v2\/users\/2"}],"replies":[{"embeddable":true,"href":"https:\/\/hostnetart.com.br\/baixada\/wp-json\/wp\/v2\/comments?post=5091"}],"version-history":[{"count":0,"href":"https:\/\/hostnetart.com.br\/baixada\/wp-json\/wp\/v2\/posts\/5091\/revisions"}],"wp:featuredmedia":[{"embeddable":true,"href":"https:\/\/hostnetart.com.br\/baixada\/wp-json\/wp\/v2\/media\/5090"}],"wp:attachment":[{"href":"https:\/\/hostnetart.com.br\/baixada\/wp-json\/wp\/v2\/media?parent=5091"}],"wp:term":[{"taxonomy":"category","embeddable":true,"href":"https:\/\/hostnetart.com.br\/baixada\/wp-json\/wp\/v2\/categories?post=5091"},{"taxonomy":"post_tag","embeddable":true,"href":"https:\/\/hostnetart.com.br\/baixada\/wp-json\/wp\/v2\/tags?post=5091"}],"curies":[{"name":"wp","href":"https:\/\/api.w.org\/{rel}","templated":true}]}}