{"id":509,"date":"2014-01-07T00:00:00","date_gmt":"2014-01-07T02:00:00","guid":{"rendered":"https:\/\/hostnetart.com.br\/baixada\/bb-diz-que-comprara-novo-ar-condicionado-para-agencia-em-porto-alegre\/"},"modified":"2014-01-07T00:00:00","modified_gmt":"2014-01-07T02:00:00","slug":"bb-diz-que-comprara-novo-ar-condicionado-para-agencia-em-porto-alegre","status":"publish","type":"post","link":"https:\/\/hostnetart.com.br\/baixada\/bb-diz-que-comprara-novo-ar-condicionado-para-agencia-em-porto-alegre\/","title":{"rendered":"BB diz que comprar\u00e1 novo ar condicionado para ag\u00eancia em Porto Alegre"},"content":{"rendered":"<p>Desde novembro, o Sindicato dos Banc\u00e1rios de Porto Alegre atua para resolver um problema que tem deixado os colegas da Ag\u00eancia Pra\u00e7a da Alf\u00e2ndega do BB, no centro da capital ga\u00facha, expostos ao calor\u00e3o dos \u00faltimos 20 dias. Ap\u00f3s receber den\u00fancias de que havia problemas no sistema de refrigera\u00e7\u00e3o central, a dire\u00e7\u00e3o do Sindicato entrou em contato com gestores de tr\u00eas \u00e1reas e conseguiu encaminhar uma solu\u00e7\u00e3o provis\u00f3ria e outra definitiva. O BB anunciou que vai resolver o problema nesta semana e encaminha processo licitat\u00f3rio para comprar equipamento de refrigera\u00e7\u00e3o novo.<\/p>\n<p>\u00a0<br \/>O contato com os \u00f3rg\u00e3os intervenientes (Superintend\u00eancia Estadual, Genop e Gepes) possibilitou que fossem negociadas solu\u00e7\u00f5es a curto, m\u00e9dio e longo prazo. Num primeiro momento, para enfrentar o surto de altas temperaturas em todo o Rio Grande do Sul, o banco providenciou a instala\u00e7\u00e3o de seis ventiladores na ag\u00eancia. O segundo passo \u00e9 providenciar o concerto do ar-condicionado central na pr\u00f3xima semana.<\/p>\n<p>\u00a0<br \/>O equipamento com defeito ser\u00e1 retirado do pr\u00e9dio, levado para ser consertado e reinstalado. O desmonte da m\u00e1quina ser\u00e1 efetuado durante o fim de semana. O conserto, segundo a informa\u00e7\u00e3o repassada ao diretor do Sindicato e funcion\u00e1rio do BB, Fl\u00e1vio Pastoriz, deve estar pronto at\u00e9 a metade da pr\u00f3xima semana. \u201cFomos informados de que antes do final da pr\u00f3xima semana o sistema deve estar funcionando normalmente\u201d, detalhou Pastoriz.<\/p>\n<p>\u00a0<br \/>A retirada do equipamento, de grande porte, \u00e9 complexa, pois envolve duas etapas. Na primeira, os t\u00e9cnicos ter\u00e3o que esvaziar a coluna d\u2019\u00e1gua do pr\u00e9dio, nos dias 4 e 5 de janeiro (s\u00e1bado e domingo). Essa drenagem possibilita que o condensador do aparelho possa ser soldado e recuperado.<\/p>\n<p>\u00a0<br \/>Entre 6 e 8 de janeiro (segunda e quarta-feira, respectivamente) os t\u00e9cnicos providenciar\u00e3o a reinstala\u00e7\u00e3o e testes do equipamento. Provavelmente na quinta ou sexta-feira (9 e 10\/1) o servi\u00e7o estar\u00e1 completado e o ar condicionado em funcionamento.<\/p>\n<p>\u00a0<\/p>\n<p>\u00a0<\/p>\n<p><strong>Ar condicionado novo<\/strong><\/p>\n<p>\u00a0<\/p>\n<p>A retirada e o conserto do equipamento de ar condicionado central exigem muito tempo e n\u00e3o representam a solu\u00e7\u00e3o definitiva para o problema. Os gestores afirmaram para Pastoriz que um processo de licita\u00e7\u00e3o j\u00e1 foi encaminhado para a compra de um equipamento totalmente novo.<\/p>\n<p>\u00a0<\/p>\n<p>A previs\u00e3o \u00e9 que at\u00e9 a metade de 2014 o equipamento esteja em pleno funcionamento. \u201cA previs\u00e3o \u00e9 ter um equipamento novo funcionando ainda no primeiro semestre. O importante para o SindBanc\u00e1rios \u00e9 o bem-estar e a seguran\u00e7a dos funcion\u00e1rios. Estamos atentos. Os colegas devem continuar denunciando\u201d, afirma diretor do Sindicato e tamb\u00e9m funcion\u00e1rio do BB, J\u00falio Vivian.<\/p>\n<p>\u00a0<\/p>\n<p>Fonte: Seeb Porto Alegre<\/p>\n","protected":false},"excerpt":{"rendered":"<p>Desde novembro, o Sindicato dos Banc\u00e1rios de Porto Alegre atua para resolver um problema que tem deixado os colegas da Ag\u00eancia Pra\u00e7a da Alf\u00e2ndega do BB, no centro da capital ga\u00facha, expostos ao calor\u00e3o dos \u00faltimos 20 dias. Ap\u00f3s receber den\u00fancias de que havia problemas no sistema de refrigera\u00e7\u00e3o central, a dire\u00e7\u00e3o do Sindicato entrou [&hellip;]<\/p>\n","protected":false},"author":1,"featured_media":0,"comment_status":"","ping_status":"","sticky":false,"template":"","format":"standard","meta":{"footnotes":""},"categories":[3],"tags":[],"class_list":["post-509","post","type-post","status-publish","format-standard","hentry","category-noticias"],"_links":{"self":[{"href":"https:\/\/hostnetart.com.br\/baixada\/wp-json\/wp\/v2\/posts\/509","targetHints":{"allow":["GET"]}}],"collection":[{"href":"https:\/\/hostnetart.com.br\/baixada\/wp-json\/wp\/v2\/posts"}],"about":[{"href":"https:\/\/hostnetart.com.br\/baixada\/wp-json\/wp\/v2\/types\/post"}],"author":[{"embeddable":true,"href":"https:\/\/hostnetart.com.br\/baixada\/wp-json\/wp\/v2\/users\/1"}],"replies":[{"embeddable":true,"href":"https:\/\/hostnetart.com.br\/baixada\/wp-json\/wp\/v2\/comments?post=509"}],"version-history":[{"count":0,"href":"https:\/\/hostnetart.com.br\/baixada\/wp-json\/wp\/v2\/posts\/509\/revisions"}],"wp:attachment":[{"href":"https:\/\/hostnetart.com.br\/baixada\/wp-json\/wp\/v2\/media?parent=509"}],"wp:term":[{"taxonomy":"category","embeddable":true,"href":"https:\/\/hostnetart.com.br\/baixada\/wp-json\/wp\/v2\/categories?post=509"},{"taxonomy":"post_tag","embeddable":true,"href":"https:\/\/hostnetart.com.br\/baixada\/wp-json\/wp\/v2\/tags?post=509"}],"curies":[{"name":"wp","href":"https:\/\/api.w.org\/{rel}","templated":true}]}}