{"id":5089,"date":"2018-08-21T13:43:56","date_gmt":"2018-08-21T16:43:56","guid":{"rendered":"https:\/\/hostnetart.com.br\/baixada\/rio-de-janeiro-registra-recorde-de-tiroteios-no-ano-apos-operacao-militar\/"},"modified":"2018-08-21T13:43:56","modified_gmt":"2018-08-21T16:43:56","slug":"rio-de-janeiro-registra-recorde-de-tiroteios-no-ano-apos-operacao-militar","status":"publish","type":"post","link":"https:\/\/hostnetart.com.br\/baixada\/rio-de-janeiro-registra-recorde-de-tiroteios-no-ano-apos-operacao-militar\/","title":{"rendered":"Rio de Janeiro registra recorde de tiroteios no ano ap\u00f3s opera\u00e7\u00e3o militar"},"content":{"rendered":"<p>A \u00faltima segunda-feira (20) registrou o\u00a0maior n\u00famero de tiroteios em um \u00fanico dia no ano de 2018 no Rio de Janeiro: foram 43 casos em todo o estado. Os dados s\u00e3o da plataforma\u00a0Onde Tem Tiroteio (OTT), ap\u00f3s a opera\u00e7\u00e3o das For\u00e7as Armadas nos Complexos do Alem\u00e3o, da Penha e da Mar\u00e9.\u00a0<\/p>\n<p>S\u00f3 ontem, a\u00a0ponte Rio-Niter\u00f3i ficou fechada por conta de um tiroteio, e\u00a0<a class=\"internal-link\" title=\"\" href=\"https:\/\/www.redebrasilatual.com.br\/politica\/2018\/03\/intervencao-no-rio-escancara-apartheid-social-que-toma-conta-do-pais\" target=\"_blank\" rel=\"noopener noreferrer\">tr\u00eas favelas da zona norte da cidade foram ocupadas por militares<\/a>. O saldo oficial das opera\u00e7\u00f5es foi de 13 mortos \u2013 entre eles, dois militares.\u00a0<\/p>\n<p>Segundo o laborat\u00f3rio de dados Fogo Cruzado, desde o in\u00edcio da interven\u00e7\u00e3o federal no Rio,\u00a0<a class=\"internal-link\" title=\"\" href=\"https:\/\/www.redebrasilatual.com.br\/blogs\/blog-na-rede\/2018\/04\/o-ovo-de-serpente-da-intervencao-no-rio\" target=\"_blank\" rel=\"noopener noreferrer\">em fevereiro<\/a>, j\u00e1 foram registrados cinco mil tiroteios na regi\u00e3o metropolitana. Um aumento de 61% comparado ao ano anterior.\u00a0<\/p>\n<p>Fizeram parte da megaopera\u00e7\u00e3o aproximadamente 4.200 militares das For\u00e7as Armadas e 70 policiais civis, com apoio de blindados e aeronaves. &#8220;Foram tr\u00eas conjuntos de favelas que amanheceram com um tanque de guerra, com helic\u00f3pteros atirando de cima para baixo, com caveir\u00f5es e policiais invadindo as nossas ruas e as nossas casas&#8221;, relata Gisele Martins, moradora da Mar\u00e9.<\/p>\n<p>Al\u00e9m do medo, nas redes sociais, os\u00a0<a class=\"internal-link\" title=\"\" href=\"https:\/\/www.redebrasilatual.com.br\/cidadania\/2018\/03\/maria-rita-kehl-rio-precisa-de-politicas-publicas-e-nao-de-intervencao-militar\" target=\"_blank\" rel=\"noopener noreferrer\">moradores relataram diversas viola\u00e7\u00f5es<\/a>\u00a0de direitos durante a opera\u00e7\u00e3o, como casas sendo invadidas e celulares revistados sem mandado judicial. &#8220;Teve um morador, aqui na Penha, que foi preso porque os militares olharam o celular dele viram que ele fazia parte de um chat de orienta\u00e7\u00f5es na situa\u00e7\u00e3o de conflito, para evitar regi\u00f5es de tiroteio&#8221;, conta Thain\u00e3 de Medeiros, morador do Complexo do Alem\u00e3o.<\/p>\n<p>Uma das principais vias da Baixada Fluminense, a Ponte Rio-Niter\u00f3i, ficou fechada pela manh\u00e3 de ontem ap\u00f3s uma persegui\u00e7\u00e3o policial que terminou com seis mortos. &#8220;Voc\u00ea vai trocar tiro l\u00e1? Colocando em risco todas as outras pessoas que est\u00e3o ali? Que tipo de pol\u00edtica \u00e9 essa, que cada vez mais \u00e9 normalizada? Ontem era caveir\u00e3o, agora s\u00e3o tanques de guerras nas ruas. Isso n\u00e3o pode ser aceit\u00e1vel&#8221;, lamenta Gisele.<\/p>\n<p>A\u00a0interven\u00e7\u00e3o federal na seguran\u00e7a do Rio\u00a0completou seis meses na quinta-feira (16).\u00a0<a class=\"internal-link\" title=\"\" href=\"https:\/\/www.redebrasilatual.com.br\/cidadania\/2018\/07\/comissao-da-verdade-aponta-aumento-da-violencia-durante-intervencao-no-rio\" target=\"_blank\" rel=\"noopener noreferrer\">Segundo os dados<\/a>, o n\u00famero de homic\u00eddios n\u00e3o se reduziu, juntamente ao maior \u00edndice de mortes por policiais desde 2008. A interven\u00e7\u00e3o vale at\u00e9 o dia 31 de dezembro deste ano.<\/p>\n<p>&#8220;<a class=\"internal-link\" title=\"\" href=\"https:\/\/www.redebrasilatual.com.br\/blogs\/blog-na-rede\/2018\/02\/hildergad-angel-critica-intervencao-militar-no-rio\" target=\"_blank\" rel=\"noopener noreferrer\">Seis meses da interven\u00e7\u00e3o militar<\/a><span class=\"internal-link\">\u00a0e<\/span>\u00a0um aumento de 38% na viol\u00eancia. As chacinas aumentaram quase 80%, isso tem que parar agora&#8221;, acrescenta Virg\u00ednia Berriel, da Comiss\u00e3o Popular da Verdade.<\/p>\n<p>\u00a0<\/p>\n<p><strong>FONTE: Rede Brasil Atual<\/strong><\/p>\n","protected":false},"excerpt":{"rendered":"<p>A \u00faltima segunda-feira (20) registrou o\u00a0maior n\u00famero de tiroteios em um \u00fanico dia no ano de 2018 no Rio de Janeiro: foram 43 casos em todo o estado. Os dados s\u00e3o da plataforma\u00a0Onde Tem Tiroteio (OTT), ap\u00f3s a opera\u00e7\u00e3o das For\u00e7as Armadas nos Complexos do Alem\u00e3o, da Penha e da Mar\u00e9.\u00a0 S\u00f3 ontem, a\u00a0ponte Rio-Niter\u00f3i [&hellip;]<\/p>\n","protected":false},"author":2,"featured_media":5088,"comment_status":"","ping_status":"","sticky":false,"template":"","format":"standard","meta":{"footnotes":""},"categories":[3],"tags":[],"class_list":["post-5089","post","type-post","status-publish","format-standard","has-post-thumbnail","hentry","category-noticias"],"_links":{"self":[{"href":"https:\/\/hostnetart.com.br\/baixada\/wp-json\/wp\/v2\/posts\/5089","targetHints":{"allow":["GET"]}}],"collection":[{"href":"https:\/\/hostnetart.com.br\/baixada\/wp-json\/wp\/v2\/posts"}],"about":[{"href":"https:\/\/hostnetart.com.br\/baixada\/wp-json\/wp\/v2\/types\/post"}],"author":[{"embeddable":true,"href":"https:\/\/hostnetart.com.br\/baixada\/wp-json\/wp\/v2\/users\/2"}],"replies":[{"embeddable":true,"href":"https:\/\/hostnetart.com.br\/baixada\/wp-json\/wp\/v2\/comments?post=5089"}],"version-history":[{"count":0,"href":"https:\/\/hostnetart.com.br\/baixada\/wp-json\/wp\/v2\/posts\/5089\/revisions"}],"wp:featuredmedia":[{"embeddable":true,"href":"https:\/\/hostnetart.com.br\/baixada\/wp-json\/wp\/v2\/media\/5088"}],"wp:attachment":[{"href":"https:\/\/hostnetart.com.br\/baixada\/wp-json\/wp\/v2\/media?parent=5089"}],"wp:term":[{"taxonomy":"category","embeddable":true,"href":"https:\/\/hostnetart.com.br\/baixada\/wp-json\/wp\/v2\/categories?post=5089"},{"taxonomy":"post_tag","embeddable":true,"href":"https:\/\/hostnetart.com.br\/baixada\/wp-json\/wp\/v2\/tags?post=5089"}],"curies":[{"name":"wp","href":"https:\/\/api.w.org\/{rel}","templated":true}]}}