{"id":5087,"date":"2018-08-21T13:43:04","date_gmt":"2018-08-21T16:43:04","guid":{"rendered":"https:\/\/hostnetart.com.br\/baixada\/campanha-nacional-2018-caixa-confunde-e-desinforma-bancarios\/"},"modified":"2018-08-21T13:43:04","modified_gmt":"2018-08-21T16:43:04","slug":"campanha-nacional-2018-caixa-confunde-e-desinforma-bancarios","status":"publish","type":"post","link":"https:\/\/hostnetart.com.br\/baixada\/campanha-nacional-2018-caixa-confunde-e-desinforma-bancarios\/","title":{"rendered":"Campanha Nacional 2018: Caixa confunde e desinforma banc\u00e1rios"},"content":{"rendered":"<div class=\"content\">\n<p>A Caixa divulgou para os empregados a proposta apresentada na sexta rodada da negocia\u00e7\u00e3o espec\u00edfica da Campanha Nacional 2018. O texto mais desinforma e confunde do que explica.<\/p>\n<p>Com rela\u00e7\u00e3o ao Sa\u00fade Caixa, o banco diz que os atuais empregados ativos e os j\u00e1 aposentados continuar\u00e3o a usufruir dos benef\u00edcios do conv\u00eanio. Entretanto, no mesmo comunicado o banco diz que ir\u00e1 se pautar pelas orienta\u00e7\u00f5es da CGPAR.<\/p>\n<p>\u201cEssas duas informa\u00e7\u00f5es juntas s\u00e3o conflitantes. Ou o banco mant\u00e9m os atuais moldes do Sa\u00fade Caixa, ou se pautar\u00e1 pelas orienta\u00e7\u00f5es da CGPAR. N\u00e3o \u00e9 poss\u00edvel respeitar ambas\u201d, afirmou Dion\u00edsio Reis, coordenador da Comiss\u00e3o Executiva dos Empregados (CEE\/Caixa).<\/p>\n<p>Dentre outros pontos prejudiciais, a resolu\u00e7\u00e3o 23 da CGPAR (Comiss\u00e3o Interministerial de Governan\u00e7a Corporativa e de Administra\u00e7\u00e3o de Participa\u00e7\u00f5es Societ\u00e1rias da Uni\u00e3o) exclui os aposentados dos planos de sa\u00fade, cobra mensalidade para cada membro da fam\u00edlia e limita a cobertura somente aos filhos at\u00e9 24 anos que estejam cursando 3\u00ba grau. A CGPAR \u00e9 um \u00f3rg\u00e3o vinculado ao governo federal.<\/p>\n<p>Al\u00e9m disso, nas duas \u00faltimas rodadas de negocia\u00e7\u00e3o da Campanha Nacional 2018, a Caixa apresentou proposta para renova\u00e7\u00e3o do Acordo Coletivo de Trabalho que simplesmente ignora dezenas de direitos assegurados pelo acordo atual. Em face da nova lei trabalhista, os acordos e conven\u00e7\u00f5es coletivas perdem a validade ap\u00f3s a data vase da categoria (no caso dos banc\u00e1rios, primeiro de setembro). \u00c9 o chamado fim da ultratividade.<\/p>\n<p>\u201cCen\u00e1rio \u00e9 de ampliar a conscientiza\u00e7\u00e3o do que temos em nosso ACT e que s\u00e3o conquistas hist\u00f3ricas. Vamos permanecer mobilizados e resistir se necess\u00e1rio. Refor\u00e7ar nenhum direito a menos. Todos por tudo!\u201d, disse Fabiana Ueraha Proscholdt, secret\u00e1ria da Cultura e Representante da Cntraf-CUT nas negocia\u00e7\u00f5es.<\/p>\n<p>Al\u00e9m do Sa\u00fade Caixa nos moldes atuais, a proposta apresentada pelos representantes do banco suprime diversos outros direitos como o pagamento da PLR Social.<\/p>\n<p>Tamb\u00e9m n\u00e3o inclui exclus\u00e3o do hor\u00e1rio misto \u2013 adicional noturno; limita o t\u00edquete alimenta\u00e7\u00e3o em 180 dias para aux\u00edlio doen\u00e7a comum; limita\u00e7\u00e3o do t\u00edquete alimenta\u00e7\u00e3o para casos de doen\u00e7a grave e LATP; exclus\u00e3o de t\u00edquete alimenta\u00e7\u00e3o para Licen\u00e7a Caixa; exclui aus\u00eancias permitidas para acompanhar interna\u00e7\u00e3o hospitalar por motivo de doen\u00e7a de c\u00f4njuge ou companheiro, filho, enteado, pai e m\u00e3e, e participa\u00e7\u00e3o em semin\u00e1rios, congressos ou outras atividades. Al\u00e9m disso, a proposta reduz intervalo de uma hora para 30 minutos, para as jornadas de oito horas.<\/p>\n<p>\u201cS\u00e3o direitos dos empregados conquistados historicamente que a Caixa tenciona eliminar justo quando o banco atinge seu maior lucro para um semestre na sua hist\u00f3ria, o que revela total falta de justificativa para suprimir essas garantias que s\u00e3o fruto da mobiliza\u00e7\u00e3o e da luta dos trabalhadores. Por isso qualquer proposta que retire direitos do Acordo Coletivo de Trabalho \u00e9 totalmente inaceit\u00e1vel, e os banc\u00e1rios devem estar preparados para a mobiliza\u00e7\u00e3o\u201d, garantiu Dion\u00edsio Reis.<\/p>\n<p>\u201cOs banc\u00e1rios j\u00e1 rejeitaram essa proposta incompleta e sem a garantia da manuten\u00e7\u00e3o do Sa\u00fade Caixa na assembleia do dia 8 e a expectativa \u00e9 que a dire\u00e7\u00e3o do banco apresente uma proposta decente na negocia\u00e7\u00e3o que ocorrer\u00e1 logo depois de encerrada a entre o Comando Nacional e a Fenaban\u201d, afirma Dion\u00edsio Reis.<\/p>\n<p>Leia mais:<\/p>\n<h1><a href=\"http:\/\/www.contrafcut.org.br\/noticias\/caixa-tem-lucro-recorde-de-r-6-65-bilhoes-no-1-semestre-de-2018-e9e4\/\">Caixa tem lucro recorde de R$ 6,65 bilh\u00f5es no 1\u00ba semestre de 2018<\/a><\/h1>\n<\/div>\n<p id=\"page-author\"><strong>Fonte: Contraf-CUT, com Seeb SP<\/strong><\/p>\n","protected":false},"excerpt":{"rendered":"<p>A Caixa divulgou para os empregados a proposta apresentada na sexta rodada da negocia\u00e7\u00e3o espec\u00edfica da Campanha Nacional 2018. O texto mais desinforma e confunde do que explica. Com rela\u00e7\u00e3o ao Sa\u00fade Caixa, o banco diz que os atuais empregados ativos e os j\u00e1 aposentados continuar\u00e3o a usufruir dos benef\u00edcios do conv\u00eanio. Entretanto, no mesmo [&hellip;]<\/p>\n","protected":false},"author":2,"featured_media":5086,"comment_status":"","ping_status":"","sticky":false,"template":"","format":"standard","meta":{"footnotes":""},"categories":[3],"tags":[],"class_list":["post-5087","post","type-post","status-publish","format-standard","has-post-thumbnail","hentry","category-noticias"],"_links":{"self":[{"href":"https:\/\/hostnetart.com.br\/baixada\/wp-json\/wp\/v2\/posts\/5087","targetHints":{"allow":["GET"]}}],"collection":[{"href":"https:\/\/hostnetart.com.br\/baixada\/wp-json\/wp\/v2\/posts"}],"about":[{"href":"https:\/\/hostnetart.com.br\/baixada\/wp-json\/wp\/v2\/types\/post"}],"author":[{"embeddable":true,"href":"https:\/\/hostnetart.com.br\/baixada\/wp-json\/wp\/v2\/users\/2"}],"replies":[{"embeddable":true,"href":"https:\/\/hostnetart.com.br\/baixada\/wp-json\/wp\/v2\/comments?post=5087"}],"version-history":[{"count":0,"href":"https:\/\/hostnetart.com.br\/baixada\/wp-json\/wp\/v2\/posts\/5087\/revisions"}],"wp:featuredmedia":[{"embeddable":true,"href":"https:\/\/hostnetart.com.br\/baixada\/wp-json\/wp\/v2\/media\/5086"}],"wp:attachment":[{"href":"https:\/\/hostnetart.com.br\/baixada\/wp-json\/wp\/v2\/media?parent=5087"}],"wp:term":[{"taxonomy":"category","embeddable":true,"href":"https:\/\/hostnetart.com.br\/baixada\/wp-json\/wp\/v2\/categories?post=5087"},{"taxonomy":"post_tag","embeddable":true,"href":"https:\/\/hostnetart.com.br\/baixada\/wp-json\/wp\/v2\/tags?post=5087"}],"curies":[{"name":"wp","href":"https:\/\/api.w.org\/{rel}","templated":true}]}}