{"id":5085,"date":"2018-08-20T20:25:13","date_gmt":"2018-08-20T23:25:13","guid":{"rendered":"https:\/\/hostnetart.com.br\/baixada\/crise-faz-com-que-mulheres-entrem-no-mercado-de-trabalho-de-forma-precaria\/"},"modified":"2018-08-20T20:25:13","modified_gmt":"2018-08-20T23:25:13","slug":"crise-faz-com-que-mulheres-entrem-no-mercado-de-trabalho-de-forma-precaria","status":"publish","type":"post","link":"https:\/\/hostnetart.com.br\/baixada\/crise-faz-com-que-mulheres-entrem-no-mercado-de-trabalho-de-forma-precaria\/","title":{"rendered":"Crise faz com que mulheres entrem no mercado de trabalho de forma prec\u00e1ria"},"content":{"rendered":"<p class=\" \">Do ponto de vista hist\u00f3rico, a entrada das mulheres no mercado de trabalho \u00e9 um dado positivo, que evidencia mudan\u00e7as na sociedade. No entanto, essa participa\u00e7\u00e3o no momento atual do pa\u00eds se d\u00e1 de outra forma, de acordo com a an\u00e1lise do diretor t\u00e9cnico do Dieese, Clemente Ganz L\u00facio, em entrevista \u00e0 <strong>R\u00e1dio Brasil Atual<\/strong>.<\/p>\n<p class=\" \">&#8220;A participa\u00e7\u00e3o das mulheres neste momento, crescendo mais do que a dos homens, se deve fundamentalmente ao <a class=\"internal-link\" title=\"\" href=\"https:\/\/www.redebrasilatual.com.br\/economia\/2018\/08\/em-dois-anos-pais-tem-mais-5-milhoes-de-subtilizados-e-1-6-milhao-de-desalentados\" target=\"_blank\" rel=\"noopener noreferrer\">desemprego de longa dura\u00e7\u00e3o<\/a>, estrutural, que tem criado v\u00e1rios obst\u00e1culos \u00e0 inser\u00e7\u00e3o no mercado de trabalho&#8221;, explica. &#8220;Essa entrada tem se dado para suprir a aus\u00eancia de renda da fam\u00edlia e a mulher vem para o mercado de trabalho tendo ocupa\u00e7\u00f5es extremamente prec\u00e1rias&#8221;, afirma Clemente.<\/p>\n<p class=\" \">De acordo com o diretor t\u00e9cnico, o que qualifica como \u201csitua\u00e7\u00e3o adversa\u201d relaciona-se a <a class=\"internal-link\" title=\"\" href=\"https:\/\/www.redebrasilatual.com.br\/economia\/2018\/01\/trabalho-intermitente-contrata-6-mil-acordos-demitem-7-mil\" target=\"_blank\" rel=\"noopener noreferrer\">atividades prec\u00e1rias<\/a> ocupadas pelas mulheres, como subempregos, atividades aut\u00f4nomas, trabalho dom\u00e9stico ou servente e auxiliar. \u201c\u00c9 essa caracter\u00edstica que tem predominado nesse cen\u00e1rio de crise, principalmente pela exig\u00eancia da renda familiar\u201d, garante.<\/p>\n<p class=\" \">Apesar das altera\u00e7\u00f5es nos \u00faltimos 30 anos do ponto de vista da participa\u00e7\u00e3o feminina na for\u00e7a do trabalho, a taxa de ocupa\u00e7\u00e3o dos homens, estimada em 63,6%, ainda \u00e9 maior que a das mulheres, 44,5%, segundo dados do primeiro trimestre do <a class=\"external-link\" title=\"\" href=\"https:\/\/agenciadenoticias.ibge.gov.br\/agencia-sala-de-imprensa\/2013-agencia-de-noticias\/releases\/22218-pnad-continua-tri-taxa-de-subutilizacao-da-forca-de-trabalho-e-de-24-6-no-segundo-trimestre-de-2018\" target=\"_blank\" rel=\"noopener noreferrer\">IBGE<\/a>.<\/p>\n<p class=\" \">\u00a0<\/p>\n<p class=\" \"><strong>Fonte: Rede Brasil Atual<\/strong><\/p>\n","protected":false},"excerpt":{"rendered":"<p>Do ponto de vista hist\u00f3rico, a entrada das mulheres no mercado de trabalho \u00e9 um dado positivo, que evidencia mudan\u00e7as na sociedade. No entanto, essa participa\u00e7\u00e3o no momento atual do pa\u00eds se d\u00e1 de outra forma, de acordo com a an\u00e1lise do diretor t\u00e9cnico do Dieese, Clemente Ganz L\u00facio, em entrevista \u00e0 R\u00e1dio Brasil Atual. [&hellip;]<\/p>\n","protected":false},"author":2,"featured_media":5084,"comment_status":"","ping_status":"","sticky":false,"template":"","format":"standard","meta":{"footnotes":""},"categories":[3],"tags":[],"class_list":["post-5085","post","type-post","status-publish","format-standard","has-post-thumbnail","hentry","category-noticias"],"_links":{"self":[{"href":"https:\/\/hostnetart.com.br\/baixada\/wp-json\/wp\/v2\/posts\/5085","targetHints":{"allow":["GET"]}}],"collection":[{"href":"https:\/\/hostnetart.com.br\/baixada\/wp-json\/wp\/v2\/posts"}],"about":[{"href":"https:\/\/hostnetart.com.br\/baixada\/wp-json\/wp\/v2\/types\/post"}],"author":[{"embeddable":true,"href":"https:\/\/hostnetart.com.br\/baixada\/wp-json\/wp\/v2\/users\/2"}],"replies":[{"embeddable":true,"href":"https:\/\/hostnetart.com.br\/baixada\/wp-json\/wp\/v2\/comments?post=5085"}],"version-history":[{"count":0,"href":"https:\/\/hostnetart.com.br\/baixada\/wp-json\/wp\/v2\/posts\/5085\/revisions"}],"wp:featuredmedia":[{"embeddable":true,"href":"https:\/\/hostnetart.com.br\/baixada\/wp-json\/wp\/v2\/media\/5084"}],"wp:attachment":[{"href":"https:\/\/hostnetart.com.br\/baixada\/wp-json\/wp\/v2\/media?parent=5085"}],"wp:term":[{"taxonomy":"category","embeddable":true,"href":"https:\/\/hostnetart.com.br\/baixada\/wp-json\/wp\/v2\/categories?post=5085"},{"taxonomy":"post_tag","embeddable":true,"href":"https:\/\/hostnetart.com.br\/baixada\/wp-json\/wp\/v2\/tags?post=5085"}],"curies":[{"name":"wp","href":"https:\/\/api.w.org\/{rel}","templated":true}]}}