{"id":5077,"date":"2018-08-20T18:21:08","date_gmt":"2018-08-20T21:21:08","guid":{"rendered":"https:\/\/hostnetart.com.br\/baixada\/mesa-especifica-da-caixa-mobilizacao-traz-avancos-ainda-insuficientes\/"},"modified":"2018-08-20T18:21:08","modified_gmt":"2018-08-20T21:21:08","slug":"mesa-especifica-da-caixa-mobilizacao-traz-avancos-ainda-insuficientes","status":"publish","type":"post","link":"https:\/\/hostnetart.com.br\/baixada\/mesa-especifica-da-caixa-mobilizacao-traz-avancos-ainda-insuficientes\/","title":{"rendered":"Mesa espec\u00edfica da Caixa: Mobiliza\u00e7\u00e3o traz avan\u00e7os ainda insuficientes"},"content":{"rendered":"<div class=\"content\">\n<p>A rejei\u00e7\u00e3o das propostas da Federa\u00e7\u00e3o Nacional dos Bancos (Fenaban) e da Caixa nas assembleias, realizadas pelos sindicatos de todo o Brasil no dia 8 de agosto \u2013 que contaram com presen\u00e7a maci\u00e7a dos empregados \u2013, foi repassada \u00e0 dire\u00e7\u00e3o do banco, na sexta rodada de negocia\u00e7\u00e3o espec\u00edfica, na tarde desta sexta-feira (17), em S\u00e3o Paulo.<\/p>\n<p>\u201cOs empregados da Caixa v\u00eam organizando um movimento em defesa da Caixa 100% P\u00fablica, em defesa do Sa\u00fade Caixa, em defesa da Funcef, em defesa da sa\u00fade e de melhores condi\u00e7\u00f5es de trabalho e em defesa por Nenhum Direito a Menos\u201d, exaltou Dion\u00edsio Reis, coordenador da Comiss\u00e3o Executiva dos Empregados da Caixa (CEE\/Caixa).<\/p>\n<p>Clique <a href=\"http:\/\/www.contrafcut.org.br\/fotos\/sexta-mesa-de-negociacao-especifica-caixa-93e4\">aqui<\/a> para ver a galeria de fotos.<\/p>\n<p>Na sequ\u00eancia, os empregados cobraram uma mudan\u00e7a de postura na mesa por parte do banco.\u00a0 Diante disso, a Caixa apresentou uma nova complementa\u00e7\u00e3o da proposta das cl\u00e1usulas do Acordo Coletivo de Trabalho (ACT), mas ainda existem pendencias. O Banco tamb\u00e9m reafirmou que vai seguir os \u00edndices da Fenaban nas cl\u00e1usulas econ\u00f4micas.<\/p>\n<p>Na \u00faltima negocia\u00e7\u00e3o, o banco havia apresentado uma proposta de renova\u00e7\u00e3o do ACT que ignorava diversas cl\u00e1usulas conquistadas. O debate foi intenso e itens que n\u00e3o tinham sido garantidos anteriormente foram apresentados, mas com propostas de mudan\u00e7as.<\/p>\n<p>Um avan\u00e7o importante na reuni\u00e3o foi a PLR. \u201cA Caixa revelou que conseguiu vencer o limitador da PLR e que seguir\u00e1 as regras da Fenaban. \u00c9 uma conquista da luta, da nossa mobiliza\u00e7\u00e3o. Por isso, os empregados devem lotar, novamente, as pr\u00f3ximas assembleias\u201d, comemorou o coordenador<\/p>\n<p>Dion\u00edsio Reis cobrou ainda que \u00e9 preciso fazer um debate s\u00e9rio sobre o Sa\u00fade Caixa. \u201cO banco colocou uma proposta de assist\u00eancia sa\u00fade que n\u00e3o \u00e9 o Sa\u00fade Caixa. Ela disse que garante Sa\u00fade Caixa na ativa para quem esta na ativa e para quem est\u00e1 aposentado atualmente, com o modelo atual, at\u00e9 2021, mas n\u00e3o deixa claro como vai se dar o custeio e a as demais garantias do Sa\u00fade Caixa. Por isso, os empregados precisam continuar mobilizados para defender nossos direitos. N\u00f3s precisamos de unidade e que os empregados estejam mobilizados juntos com os sindicatos.\u201d<\/p>\n<p>A pr\u00f3xima reuni\u00e3o foi marcada para ter\u00e7a-feira (21). \u201cO momento \u00e9 de refor\u00e7ar a conscientiza\u00e7\u00e3o. Esperamos que a Caixa traga propostas que garantam os nossos direitos e valorizem o corpo funcional. Juntos somos mais. Vamos permanecer mobilizados\u201d, declarou Fabiana Uehara Proscholdt, secret\u00e1ria de Cultura e representante da Contraf-CUT nas negocia\u00e7\u00f5es.<\/p>\n<\/div>\n<p id=\"page-author\"><strong>Fonte: Contraf-CUT<\/strong><\/p>\n","protected":false},"excerpt":{"rendered":"<p>A rejei\u00e7\u00e3o das propostas da Federa\u00e7\u00e3o Nacional dos Bancos (Fenaban) e da Caixa nas assembleias, realizadas pelos sindicatos de todo o Brasil no dia 8 de agosto \u2013 que contaram com presen\u00e7a maci\u00e7a dos empregados \u2013, foi repassada \u00e0 dire\u00e7\u00e3o do banco, na sexta rodada de negocia\u00e7\u00e3o espec\u00edfica, na tarde desta sexta-feira (17), em S\u00e3o [&hellip;]<\/p>\n","protected":false},"author":2,"featured_media":5076,"comment_status":"","ping_status":"","sticky":false,"template":"","format":"standard","meta":{"footnotes":""},"categories":[3],"tags":[],"class_list":["post-5077","post","type-post","status-publish","format-standard","has-post-thumbnail","hentry","category-noticias"],"_links":{"self":[{"href":"https:\/\/hostnetart.com.br\/baixada\/wp-json\/wp\/v2\/posts\/5077","targetHints":{"allow":["GET"]}}],"collection":[{"href":"https:\/\/hostnetart.com.br\/baixada\/wp-json\/wp\/v2\/posts"}],"about":[{"href":"https:\/\/hostnetart.com.br\/baixada\/wp-json\/wp\/v2\/types\/post"}],"author":[{"embeddable":true,"href":"https:\/\/hostnetart.com.br\/baixada\/wp-json\/wp\/v2\/users\/2"}],"replies":[{"embeddable":true,"href":"https:\/\/hostnetart.com.br\/baixada\/wp-json\/wp\/v2\/comments?post=5077"}],"version-history":[{"count":0,"href":"https:\/\/hostnetart.com.br\/baixada\/wp-json\/wp\/v2\/posts\/5077\/revisions"}],"wp:featuredmedia":[{"embeddable":true,"href":"https:\/\/hostnetart.com.br\/baixada\/wp-json\/wp\/v2\/media\/5076"}],"wp:attachment":[{"href":"https:\/\/hostnetart.com.br\/baixada\/wp-json\/wp\/v2\/media?parent=5077"}],"wp:term":[{"taxonomy":"category","embeddable":true,"href":"https:\/\/hostnetart.com.br\/baixada\/wp-json\/wp\/v2\/categories?post=5077"},{"taxonomy":"post_tag","embeddable":true,"href":"https:\/\/hostnetart.com.br\/baixada\/wp-json\/wp\/v2\/tags?post=5077"}],"curies":[{"name":"wp","href":"https:\/\/api.w.org\/{rel}","templated":true}]}}