{"id":5075,"date":"2018-08-20T18:19:40","date_gmt":"2018-08-20T21:19:40","guid":{"rendered":"https:\/\/hostnetart.com.br\/baixada\/mesa-do-bb-continuara-junto-com-a-negociacao-da-mesa-unica-na-proxima-terca-21\/"},"modified":"2018-08-20T18:19:40","modified_gmt":"2018-08-20T21:19:40","slug":"mesa-do-bb-continuara-junto-com-a-negociacao-da-mesa-unica-na-proxima-terca-21","status":"publish","type":"post","link":"https:\/\/hostnetart.com.br\/baixada\/mesa-do-bb-continuara-junto-com-a-negociacao-da-mesa-unica-na-proxima-terca-21\/","title":{"rendered":"Mesa do BB continuar\u00e1 junto com a negocia\u00e7\u00e3o da mesa \u00fanica na pr\u00f3xima ter\u00e7a (21)"},"content":{"rendered":"<div class=\"content\">\n<p>O Banco do Brasil reafirmou, nesta sexta-feira (17), na reuni\u00e3o com a Comiss\u00e3o de Empresa dos Funcion\u00e1rios do banco, a manuten\u00e7\u00e3o das cl\u00e1usulas do acordo que n\u00e3o t\u00eam rela\u00e7\u00e3o com a Conven\u00e7\u00e3o Coletiva de Trabalho (CCT) e apresentou uma reda\u00e7\u00e3o de todas as cl\u00e1usulas discutidas para modifica\u00e7\u00e3o. Dentre as cl\u00e1usulas, est\u00e1 a cl\u00e1usula de descomissionamento por desempenho, na qual o banco apresentou proposta de redu\u00e7\u00e3o dos ciclos avaliat\u00f3rios.<\/p>\n<p>A Comiss\u00e3o de Empresa informou ao banco que o acordo de quatro anos e a redu\u00e7\u00e3o dos direitos dos trabalhadores foi rejeitada nas assembleias, realizadas no dia 8 de agosto, e que a mesa tem disposi\u00e7\u00e3o de continuar a negocia\u00e7\u00e3o at\u00e9 que se chegue em um acordo ou uma defini\u00e7\u00e3o clara de impasse.<\/p>\n<p>O banco se comprometeu a apresentar ainda a reda\u00e7\u00e3o sobre o banco de horas e o intervalo de almo\u00e7o que est\u00e1 sendo discutido tamb\u00e9m na mesa \u00fanica.<\/p>\n<p>Para o coordenador da Comiss\u00e3o de Empresa, Wagner Nascimento, ainda existem muitos direitos a serem garantidos pelo BB. \u201cA negocia\u00e7\u00e3o, at\u00e9 o momento, tem rendido a manuten\u00e7\u00e3o da maioria das cl\u00e1usulas do acordo coletivo. Com tudo, ainda temos muitos direitos a serem garantidos pelo banco. Entre as cl\u00e1usulas amea\u00e7adas de sa\u00edrem do acordo est\u00e1 a das tr\u00eas avalia\u00e7\u00f5es. Tanto nas visitas na base, quanto nas assembleias ficou evidente que os banc\u00e1rios temem a retirada dessa cl\u00e1usula pela forte amea\u00e7a de descomissionamento e perda do seu cargo. Esperamos que na pr\u00f3xima semana, de fato, tenhamos uma defini\u00e7\u00e3o clara de fechamento de acordo. Caso ocorra um impasse, organizaremos a nossa mobiliza\u00e7\u00e3o\u201d, finalizou.<\/p>\n<p>\u00a0<\/p>\n<\/div>\n<p id=\"page-author\"><strong>Fonte: Contraf-CUT<\/strong><\/p>\n","protected":false},"excerpt":{"rendered":"<p>O Banco do Brasil reafirmou, nesta sexta-feira (17), na reuni\u00e3o com a Comiss\u00e3o de Empresa dos Funcion\u00e1rios do banco, a manuten\u00e7\u00e3o das cl\u00e1usulas do acordo que n\u00e3o t\u00eam rela\u00e7\u00e3o com a Conven\u00e7\u00e3o Coletiva de Trabalho (CCT) e apresentou uma reda\u00e7\u00e3o de todas as cl\u00e1usulas discutidas para modifica\u00e7\u00e3o. Dentre as cl\u00e1usulas, est\u00e1 a cl\u00e1usula de descomissionamento [&hellip;]<\/p>\n","protected":false},"author":2,"featured_media":5074,"comment_status":"","ping_status":"","sticky":false,"template":"","format":"standard","meta":{"footnotes":""},"categories":[3],"tags":[],"class_list":["post-5075","post","type-post","status-publish","format-standard","has-post-thumbnail","hentry","category-noticias"],"_links":{"self":[{"href":"https:\/\/hostnetart.com.br\/baixada\/wp-json\/wp\/v2\/posts\/5075","targetHints":{"allow":["GET"]}}],"collection":[{"href":"https:\/\/hostnetart.com.br\/baixada\/wp-json\/wp\/v2\/posts"}],"about":[{"href":"https:\/\/hostnetart.com.br\/baixada\/wp-json\/wp\/v2\/types\/post"}],"author":[{"embeddable":true,"href":"https:\/\/hostnetart.com.br\/baixada\/wp-json\/wp\/v2\/users\/2"}],"replies":[{"embeddable":true,"href":"https:\/\/hostnetart.com.br\/baixada\/wp-json\/wp\/v2\/comments?post=5075"}],"version-history":[{"count":0,"href":"https:\/\/hostnetart.com.br\/baixada\/wp-json\/wp\/v2\/posts\/5075\/revisions"}],"wp:featuredmedia":[{"embeddable":true,"href":"https:\/\/hostnetart.com.br\/baixada\/wp-json\/wp\/v2\/media\/5074"}],"wp:attachment":[{"href":"https:\/\/hostnetart.com.br\/baixada\/wp-json\/wp\/v2\/media?parent=5075"}],"wp:term":[{"taxonomy":"category","embeddable":true,"href":"https:\/\/hostnetart.com.br\/baixada\/wp-json\/wp\/v2\/categories?post=5075"},{"taxonomy":"post_tag","embeddable":true,"href":"https:\/\/hostnetart.com.br\/baixada\/wp-json\/wp\/v2\/tags?post=5075"}],"curies":[{"name":"wp","href":"https:\/\/api.w.org\/{rel}","templated":true}]}}