{"id":5073,"date":"2018-08-17T18:30:58","date_gmt":"2018-08-17T21:30:58","guid":{"rendered":"https:\/\/hostnetart.com.br\/baixada\/especialistas-apontam-perdas-e-retrocessos-com-venda-de-estatais\/"},"modified":"2018-08-17T18:30:58","modified_gmt":"2018-08-17T21:30:58","slug":"especialistas-apontam-perdas-e-retrocessos-com-venda-de-estatais","status":"publish","type":"post","link":"https:\/\/hostnetart.com.br\/baixada\/especialistas-apontam-perdas-e-retrocessos-com-venda-de-estatais\/","title":{"rendered":"Especialistas apontam perdas e retrocessos com venda de estatais"},"content":{"rendered":"<p class=\" \">Apesar das <a class=\"internal-link\" title=\"\" href=\"https:\/\/www.redebrasilatual.com.br\/politica\/2018\/08\/bancarios-se-manifestam-em-brasilia-nesta-quarta-por-bancos-publicos\" target=\"_blank\" rel=\"noopener noreferrer\">mobiliza\u00e7\u00f5es<\/a> dos <a class=\"internal-link\" title=\"\" href=\"https:\/\/www.redebrasilatual.com.br\/politica\/2018\/08\/fup-debate-para-avancar-na-luta-pela-soberania-e-apontar-caminhos-contra-o-golpe\" target=\"_blank\" rel=\"noopener noreferrer\">trabalhadores<\/a> e movimentos sociais, das 157 <a class=\"internal-link\" title=\"\" href=\"https:\/\/www.redebrasilatual.com.br\/politica\/2018\/07\/lula-temer-vende-patrimonio-publico-a-preco-de-banana\" target=\"_blank\" rel=\"noopener noreferrer\">empresas p\u00fablicas<\/a> listadas pelo Governo Federal, 30% delas j\u00e1 foram privatizadas, conforme aponta a coordenadora do Comit\u00ea Nacional em Defesa das Empresas P\u00fablicas, Rita Serrano. Durante debate realizado nesta quinta-feira (17), na Universidade Federal do ABC, em S\u00e3o Bernardo do Campo, especialistas analisaram os impactos da <a class=\"internal-link\" title=\"\" href=\"https:\/\/www.redebrasilatual.com.br\/economia\/2018\/07\/privatizacao-da-cepisa-deve-causar-demissoes-e-precarizacao-dos-servicos\" target=\"_blank\" rel=\"noopener noreferrer\">privatiza\u00e7\u00e3o<\/a>\u00a0em curso desde 2016.<\/p>\n<p class=\" \">Coautora do livro &#8220;Se \u00e9 p\u00fablico, \u00e9 para todos&#8221;, organizado pelo colunista da <b>R\u00e1dio Brasil Atual <\/b>Emir Sader, Rita afirma que as <a class=\"internal-link\" title=\"\" href=\"https:\/\/www.redebrasilatual.com.br\/economia\/2018\/07\/privatizacao-da-cepisa-deve-causar-demissoes-e-precarizacao-dos-servicos\" target=\"_blank\" rel=\"noopener noreferrer\">privatiza\u00e7\u00f5es<\/a> em conjunto com o <a class=\"internal-link\" title=\"\" href=\"https:\/\/www.redebrasilatual.com.br\/trabalho\/2018\/07\/eletricitarios-do-rs-mantem-mobilizacao-para-evitar-privatizacao-da-ceee\" target=\"_blank\" rel=\"noopener noreferrer\">sucateamento das empresas p\u00fablicas<\/a>, resultam em um processo de perdas para o Brasil, que afetam a popula\u00e7\u00e3o e o pr\u00f3prio governo, que deixa de lucrar com os dividendos repassados ao Estado pelas empresas estatais.<\/p>\n<p class=\" \">Ao rep\u00f3rter J\u00f4 Miyagui, do <i>Seu Jornal<\/i>, da <b>TVT<\/b>, o docente em Ci\u00eancia Pol\u00edtica da UFABC Sidney Jard da Silva acrescenta que, \u00e0 medida que o programa de\u00a0<a class=\"internal-link\" title=\"\" href=\"https:\/\/www.redebrasilatual.com.br\/blogs\/blog-na-rede\/2018\/07\/quando-economistas-ortodoxos-se-inspiram-em-goebbels\" target=\"_blank\" rel=\"noopener noreferrer\">privatiza\u00e7\u00e3o<\/a>\u00a0do governo golpista de Michel Temer avan\u00e7a, o desenvolvimento econ\u00f4mico e social \u00e9 comprometido. &#8220;O Estado deve estar a servi\u00e7o da popula\u00e7\u00e3o e para ele prestar esse servi\u00e7o \u00e9 preciso controlar e regular certos setores estrat\u00e9gicos&#8221;, defende.<\/p>\n<p class=\" \">\u00a0<\/p>\n<p class=\" \"><strong>Fonte: Rede Brasil Atual<\/strong><\/p>\n","protected":false},"excerpt":{"rendered":"<p>Apesar das mobiliza\u00e7\u00f5es dos trabalhadores e movimentos sociais, das 157 empresas p\u00fablicas listadas pelo Governo Federal, 30% delas j\u00e1 foram privatizadas, conforme aponta a coordenadora do Comit\u00ea Nacional em Defesa das Empresas P\u00fablicas, Rita Serrano. Durante debate realizado nesta quinta-feira (17), na Universidade Federal do ABC, em S\u00e3o Bernardo do Campo, especialistas analisaram os impactos [&hellip;]<\/p>\n","protected":false},"author":2,"featured_media":5072,"comment_status":"","ping_status":"","sticky":false,"template":"","format":"standard","meta":{"footnotes":""},"categories":[3],"tags":[],"class_list":["post-5073","post","type-post","status-publish","format-standard","has-post-thumbnail","hentry","category-noticias"],"_links":{"self":[{"href":"https:\/\/hostnetart.com.br\/baixada\/wp-json\/wp\/v2\/posts\/5073","targetHints":{"allow":["GET"]}}],"collection":[{"href":"https:\/\/hostnetart.com.br\/baixada\/wp-json\/wp\/v2\/posts"}],"about":[{"href":"https:\/\/hostnetart.com.br\/baixada\/wp-json\/wp\/v2\/types\/post"}],"author":[{"embeddable":true,"href":"https:\/\/hostnetart.com.br\/baixada\/wp-json\/wp\/v2\/users\/2"}],"replies":[{"embeddable":true,"href":"https:\/\/hostnetart.com.br\/baixada\/wp-json\/wp\/v2\/comments?post=5073"}],"version-history":[{"count":0,"href":"https:\/\/hostnetart.com.br\/baixada\/wp-json\/wp\/v2\/posts\/5073\/revisions"}],"wp:featuredmedia":[{"embeddable":true,"href":"https:\/\/hostnetart.com.br\/baixada\/wp-json\/wp\/v2\/media\/5072"}],"wp:attachment":[{"href":"https:\/\/hostnetart.com.br\/baixada\/wp-json\/wp\/v2\/media?parent=5073"}],"wp:term":[{"taxonomy":"category","embeddable":true,"href":"https:\/\/hostnetart.com.br\/baixada\/wp-json\/wp\/v2\/categories?post=5073"},{"taxonomy":"post_tag","embeddable":true,"href":"https:\/\/hostnetart.com.br\/baixada\/wp-json\/wp\/v2\/tags?post=5073"}],"curies":[{"name":"wp","href":"https:\/\/api.w.org\/{rel}","templated":true}]}}