{"id":5067,"date":"2018-08-16T17:00:06","date_gmt":"2018-08-16T20:00:06","guid":{"rendered":"https:\/\/hostnetart.com.br\/baixada\/apos-seis-meses-intervencao-no-rio-produz-resultados-pifios-aponta-relatorio\/"},"modified":"2018-08-16T17:00:06","modified_gmt":"2018-08-16T20:00:06","slug":"apos-seis-meses-intervencao-no-rio-produz-resultados-pifios-aponta-relatorio","status":"publish","type":"post","link":"https:\/\/hostnetart.com.br\/baixada\/apos-seis-meses-intervencao-no-rio-produz-resultados-pifios-aponta-relatorio\/","title":{"rendered":"Ap\u00f3s seis meses, interven\u00e7\u00e3o no Rio produz resultados p\u00edfios, aponta relat\u00f3rio"},"content":{"rendered":"<p>Metas descumpridas, nenhuma a\u00e7\u00e3o significativa de intelig\u00eancia policial, aumento da criminalidade e da viol\u00eancia em v\u00e1rias regi\u00f5es, investiga\u00e7\u00e3o ineficiente e falta de transpar\u00eancia. Esse \u00e9 o resultado da interven\u00e7\u00e3o federal na\u00a0<a class=\"internal-link\" title=\"\" href=\"https:\/\/www.redebrasilatual.com.br\/politica\/2018\/02\/temer-decreta-intervencao-federal-na-seguranca-publica-do-rio-de-janeiro\" target=\"_blank\" rel=\"noopener noreferrer\">seguran\u00e7a p\u00fablica do estado do Rio de Janeiro<\/a>\u00a0ap\u00f3s seis meses de opera\u00e7\u00f5es que mobilizaram milhares de soldados do Ex\u00e9rcito e agentes policiais militares e civis, segundo o relat\u00f3rio Vozes sobre a Interven\u00e7\u00e3o, divulgado na manh\u00e3 de hoje (16) pelo Observat\u00f3rio da Interven\u00e7\u00e3o, uma iniciativa do Centro de Estudos de Seguran\u00e7a e Cidadania (Cesec) da Universidade C\u00e2ndido Mendes.<\/p>\n<p>\u201cEst\u00e3o ganhando todas as batalhas e perdendo a guerra, p\u00f5em tr\u00eas mil soldados na rua, os criminosos se recolhem, apreendem algumas armas e drogas, mas n\u00e3o muda a realidade. Est\u00e3o perdendo a disputa moral com o crime e perdendo totalmente a confian\u00e7a dos moradores das favelas e da sociedade\u201d, afirmou a cientista pol\u00edtica e pesquisadora do Cesec Silvia Ramos. Ela destacou que no per\u00edodo de interven\u00e7\u00e3o ocorreram v\u00e1rias chacinas, al\u00e9m do\u00a0<a class=\"internal-link\" title=\"\" href=\"https:\/\/www.redebrasilatual.com.br\/cidadania\/2018\/08\/camara-do-rio-aprova-cinco-projetos-de-marielle-franco\" target=\"_blank\" rel=\"noopener noreferrer\">assassinato da vereadora Marielle Franco (Psol)<\/a>\u00a0que at\u00e9 agora n\u00e3o tiveram nenhuma resposta das investiga\u00e7\u00f5es.<\/p>\n<p>Desde o in\u00edcio da interven\u00e7\u00e3o, em 16 de fevereiro, ocorreram 31 chacinas com 130 mortos. O n\u00famero de tiroteios aumentou de 3.477 (nos seis meses anteriores \u00e0 interven\u00e7\u00e3o) para 4.850 (passados seis meses). Todos os demais dados da seguran\u00e7a pioraram. Foram 2.617 homic\u00eddios dolosos, 736 pessoas mortas em a\u00e7\u00f5es policiais, 99.571 roubos registrados. As 372 opera\u00e7\u00f5es realizadas pelas for\u00e7as de seguran\u00e7a empregaram 172 mil agentes e resultaram em 81 mortos e 373 armas apreendidas.\u00a0<a class=\"external-link\" title=\"\" href=\"https:\/\/drive.google.com\/file\/d\/1MB8rshox_wecNNkvj4PKNGp8xipUSp9h\/view\" target=\"_blank\" rel=\"noopener noreferrer\">Resultado considerado p\u00edfio pelo observat\u00f3rio<\/a>.<\/p>\n<p>\u201cN\u00e3o teve not\u00edcia alguma de a\u00e7\u00e3o de intelig\u00eancia em seis meses de interven\u00e7\u00e3o, de um s\u00f3 fuzil apreendido, uma caixa de muni\u00e7\u00e3o, antes que se ingressasse nas comunidades, antes que precisasse de outro fuzil atirando para apreender esse fuzil. A investiga\u00e7\u00e3o do caso Marielle \u00e9 dominada por fofocas, boatos e alguns vazamentos question\u00e1veis de informa\u00e7\u00e3o. Mas n\u00e3o tem uma explica\u00e7\u00e3o s\u00e9ria ainda por parte da pol\u00edcia. Houve v\u00e1rias chacinas. Onde est\u00e3o as investiga\u00e7\u00f5es? Onde est\u00e3o os resultados? Temos crimes chocantes e uma aus\u00eancia total de respostas pra sociedade\u201d, disse Silvia.<\/p>\n<p>O Plano de Interven\u00e7\u00e3o trazia 66 a\u00e7\u00f5es a serem realizadas durante a interven\u00e7\u00e3o, sendo onze focadas na amplia\u00e7\u00e3o e capacita\u00e7\u00e3o do efetivo dos agentes de seguran\u00e7a p\u00fablica (16%) e 17 relacionadas \u00e0 aquisi\u00e7\u00e3o de materiais e viaturas (25%). Quatro a\u00e7\u00f5es eram relativas \u00e0 intelig\u00eancia (6%). Nenhuma iniciativa para combate \u00e0 corrup\u00e7\u00e3o nas institui\u00e7\u00f5es policiais foi definida, embora tenha sido uma promessa dos interventores. Por\u00e9m, faltando quatro meses para finaliza\u00e7\u00e3o da interven\u00e7\u00e3o, apenas 10 a\u00e7\u00f5es foram concretizadas.<\/p>\n<p><img decoding=\"async\" class=\"image-inline lazyloaded\" title=\"metas\" src=\"https:\/\/www.redebrasilatual.com.br\/cidadania\/2018\/08\/apos-seis-meses-intervencao-no-rio-produz-resultados-pifios-diz-relatorio\/METAS.jpg\" alt=\"metas\" data-src=\"https:\/\/www.redebrasilatual.com.br\/cidadania\/2018\/08\/apos-seis-meses-intervencao-no-rio-produz-resultados-pifios-diz-relatorio\/METAS.jpg\" \/><\/p>\n<p>Os dados tamb\u00e9m indicam que as opera\u00e7\u00f5es conseguem efeitos de redu\u00e7\u00e3o da criminalidade e viol\u00eancia de forma muito localizada e que esses crimes est\u00e3o migrando para outras regi\u00f5es do estado. Por demanda empresarial, houve um foco no combate ao roubo de cargas na regi\u00e3o da Pavuna, com aloca\u00e7\u00e3o de militares e policiais nessa \u00e1rea de concentra\u00e7\u00e3o que resultou em queda do crime no local. No entanto, n\u00e3o houve registro de desarticula\u00e7\u00e3o de grupos de receptadores, por exemplo, ao mesmo tempo que este delito aumentou muito na regi\u00e3o de Tangu\u00e1. Enquanto a criminalidade, em geral, caiu em Copacabana, aumentou severamente em Nova Igua\u00e7u e S\u00e3o Gon\u00e7alo.<\/p>\n<p>\u201c\u00c9 inconceb\u00edvel que pol\u00edticas de seguran\u00e7a desenvolvidas em 2018 ainda n\u00e3o coloquem munic\u00edpios da regi\u00e3o metropolitana no centro de suas metas. A disparidade da criminalidade n\u00e3o \u00e9 s\u00f3 nos crimes contra a vida ou mortes decorrentes de a\u00e7\u00e3o policial. Tamb\u00e9m nos crimes contra o patrim\u00f4nio. Temos padr\u00f5es de pa\u00edses diferentes na mesma cidade. \u00c9 absurdo que n\u00e3o tenhamos uma atua\u00e7\u00e3o articulada do governo sobre isso\u201d, lamentou Silvia.<\/p>\n<p><img decoding=\"async\" class=\"image-inline lazyloaded\" title=\"criminalidade\" src=\"https:\/\/www.redebrasilatual.com.br\/cidadania\/2018\/08\/apos-seis-meses-intervencao-no-rio-produz-resultados-pifios-diz-relatorio\/interveno.jpg\" alt=\"criminalidade\" data-src=\"https:\/\/www.redebrasilatual.com.br\/cidadania\/2018\/08\/apos-seis-meses-intervencao-no-rio-produz-resultados-pifios-diz-relatorio\/interveno.jpg\" \/><\/p>\n<p>Outra quest\u00e3o considerada preocupante pelo observat\u00f3rio \u00e9 que at\u00e9 agora n\u00e3o se sabe o montante de dinheiro investido na interven\u00e7\u00e3o. O governo de Michel Temer (MDB) falou em R$ 1,2 bilh\u00e3o para a opera\u00e7\u00e3o. Mas o que se tem s\u00e3o dados das opera\u00e7\u00f5es de Garantia da Lei e da Ordem (GLO), cujo decreto estava em vigor quando a interven\u00e7\u00e3o foi decretada, com o custo das a\u00e7\u00f5es estimado em R$ 45 milh\u00f5es.<\/p>\n<p>Dentre as principais propostas do observat\u00f3rio para reverter a situa\u00e7\u00e3o est\u00e3o: dar prioridade para elucida\u00e7\u00e3o de homic\u00eddios e chacinas; alocar recursos materiais e de intelig\u00eancia para estancar o ingresso de armas e muni\u00e7\u00f5es nas \u00e1reas mais atingidas por conflitos; reduzir a letalidade policial por meio de a\u00e7\u00f5es que desarticulem esquemas cr\u00f4nicos de corrup\u00e7\u00e3o em batalh\u00f5es e delegacias, trocando comandos e guarni\u00e7\u00f5es inteiras; aprimorar mecanismos de gest\u00e3o e monitoramento, implementando sistemas autom\u00e1ticos de alerta da pol\u00edcia e integrando sistemas de vigil\u00e2ncia privados, da pol\u00edcia e das guardas municipais.<\/p>\n<p>\u00a0<\/p>\n<p><strong>Fonte: Rede Brasil Atual<\/strong><\/p>\n","protected":false},"excerpt":{"rendered":"<p>Metas descumpridas, nenhuma a\u00e7\u00e3o significativa de intelig\u00eancia policial, aumento da criminalidade e da viol\u00eancia em v\u00e1rias regi\u00f5es, investiga\u00e7\u00e3o ineficiente e falta de transpar\u00eancia. Esse \u00e9 o resultado da interven\u00e7\u00e3o federal na\u00a0seguran\u00e7a p\u00fablica do estado do Rio de Janeiro\u00a0ap\u00f3s seis meses de opera\u00e7\u00f5es que mobilizaram milhares de soldados do Ex\u00e9rcito e agentes policiais militares e civis, [&hellip;]<\/p>\n","protected":false},"author":2,"featured_media":5066,"comment_status":"","ping_status":"","sticky":false,"template":"","format":"standard","meta":{"footnotes":""},"categories":[3],"tags":[],"class_list":["post-5067","post","type-post","status-publish","format-standard","has-post-thumbnail","hentry","category-noticias"],"_links":{"self":[{"href":"https:\/\/hostnetart.com.br\/baixada\/wp-json\/wp\/v2\/posts\/5067","targetHints":{"allow":["GET"]}}],"collection":[{"href":"https:\/\/hostnetart.com.br\/baixada\/wp-json\/wp\/v2\/posts"}],"about":[{"href":"https:\/\/hostnetart.com.br\/baixada\/wp-json\/wp\/v2\/types\/post"}],"author":[{"embeddable":true,"href":"https:\/\/hostnetart.com.br\/baixada\/wp-json\/wp\/v2\/users\/2"}],"replies":[{"embeddable":true,"href":"https:\/\/hostnetart.com.br\/baixada\/wp-json\/wp\/v2\/comments?post=5067"}],"version-history":[{"count":0,"href":"https:\/\/hostnetart.com.br\/baixada\/wp-json\/wp\/v2\/posts\/5067\/revisions"}],"wp:featuredmedia":[{"embeddable":true,"href":"https:\/\/hostnetart.com.br\/baixada\/wp-json\/wp\/v2\/media\/5066"}],"wp:attachment":[{"href":"https:\/\/hostnetart.com.br\/baixada\/wp-json\/wp\/v2\/media?parent=5067"}],"wp:term":[{"taxonomy":"category","embeddable":true,"href":"https:\/\/hostnetart.com.br\/baixada\/wp-json\/wp\/v2\/categories?post=5067"},{"taxonomy":"post_tag","embeddable":true,"href":"https:\/\/hostnetart.com.br\/baixada\/wp-json\/wp\/v2\/tags?post=5067"}],"curies":[{"name":"wp","href":"https:\/\/api.w.org\/{rel}","templated":true}]}}