{"id":5065,"date":"2018-08-16T16:42:23","date_gmt":"2018-08-16T19:42:23","guid":{"rendered":"https:\/\/hostnetart.com.br\/baixada\/correios-fecham-com-reposicao-da-inflacao-e-manutencao-de-direitos\/"},"modified":"2018-08-16T16:42:23","modified_gmt":"2018-08-16T19:42:23","slug":"correios-fecham-com-reposicao-da-inflacao-e-manutencao-de-direitos","status":"publish","type":"post","link":"https:\/\/hostnetart.com.br\/baixada\/correios-fecham-com-reposicao-da-inflacao-e-manutencao-de-direitos\/","title":{"rendered":"Correios fecham com reposi\u00e7\u00e3o da infla\u00e7\u00e3o e manuten\u00e7\u00e3o de direitos"},"content":{"rendered":"<div class=\"content\">\n<p>Os trabalhadores da Empresa Brasileira de Correios e Tel\u00e9grafos (ECT) aceitaram proposta conciliat\u00f3ria feita pelo Tribunal Superior do Trabalho (TST) e v\u00e3o encerrar a campanha salarial 2018 com a reposi\u00e7\u00e3o da infla\u00e7\u00e3o e a manuten\u00e7\u00e3o dos direitos previstos.<\/p>\n<p>A proposta foi aprovada em assembleias realizadas no dia 14 e encerrou a possibilidade de paralisa\u00e7\u00e3o.<\/p>\n<p>Segundo o TST, \u201c\u00e9 a primeira vez em mais de duas d\u00e9cadas que os Correios e as representa\u00e7\u00f5es sindicais chegam a um consenso sem a realiza\u00e7\u00e3o de greve\u201d.<\/p>\n<p>O reajuste salarial ser\u00e1 de 3,68%, correspondente \u00e0 varia\u00e7\u00e3o acumulada em 12 meses pelo \u00cdndice Nacional de Pre\u00e7os ao Consumidor (INPC), at\u00e9 julho. A data base da categoria \u00e9 1\u00ba de agosto.<\/p>\n<p><strong>Estado de greve<\/strong><br \/>Os trabalhadores, no entanto, seguem apreensivos com dois problemas n\u00e3o resolvidos durante a campanha: o sucateamento da institui\u00e7\u00e3o e as medidas de \u201causteridade\u201d que pesam contra os funcion\u00e1rios, como o corte de benef\u00edcios que levou \u00e0 alta nos pre\u00e7os do plano de sa\u00fade. Por isso, os trabalhadores decidiram permanecer em \u201cestado de greve\u201d.<\/p>\n<p>A Federa\u00e7\u00e3o Nacional dos Trabalhadores em Empresa de Correios, Tel\u00e9grafos e Similares (Fentect-CUT) lembra que a categoria enfrentou uma conjuntura desfavor\u00e1vel, marcada pela entrada em vigor da \u201creforma\u201d trabalhista, capitaneada pelo governo ileg\u00edtimo de Michel Temer (MDB). \u201cFoi um processo dif\u00edcil, j\u00e1 que somos a primeira categoria a fechar um acordo coletivo ap\u00f3s a aprova\u00e7\u00e3o da reforma trabalhista. Sabemos que n\u00e3o \u00e9 a melhor proposta do mundo\u201d, disse o secret\u00e1rio-geral da Fentect, Jos\u00e9 Rivaldo.<\/p>\n<\/div>\n<p id=\"page-author\"><span style=\"text-decoration: underline;\"><em><strong>Fonte: Contraf-CUT<\/strong><\/em><\/span><\/p>\n","protected":false},"excerpt":{"rendered":"<p>Os trabalhadores da Empresa Brasileira de Correios e Tel\u00e9grafos (ECT) aceitaram proposta conciliat\u00f3ria feita pelo Tribunal Superior do Trabalho (TST) e v\u00e3o encerrar a campanha salarial 2018 com a reposi\u00e7\u00e3o da infla\u00e7\u00e3o e a manuten\u00e7\u00e3o dos direitos previstos. A proposta foi aprovada em assembleias realizadas no dia 14 e encerrou a possibilidade de paralisa\u00e7\u00e3o. Segundo [&hellip;]<\/p>\n","protected":false},"author":2,"featured_media":5064,"comment_status":"","ping_status":"","sticky":false,"template":"","format":"standard","meta":{"footnotes":""},"categories":[3],"tags":[],"class_list":["post-5065","post","type-post","status-publish","format-standard","has-post-thumbnail","hentry","category-noticias"],"_links":{"self":[{"href":"https:\/\/hostnetart.com.br\/baixada\/wp-json\/wp\/v2\/posts\/5065","targetHints":{"allow":["GET"]}}],"collection":[{"href":"https:\/\/hostnetart.com.br\/baixada\/wp-json\/wp\/v2\/posts"}],"about":[{"href":"https:\/\/hostnetart.com.br\/baixada\/wp-json\/wp\/v2\/types\/post"}],"author":[{"embeddable":true,"href":"https:\/\/hostnetart.com.br\/baixada\/wp-json\/wp\/v2\/users\/2"}],"replies":[{"embeddable":true,"href":"https:\/\/hostnetart.com.br\/baixada\/wp-json\/wp\/v2\/comments?post=5065"}],"version-history":[{"count":0,"href":"https:\/\/hostnetart.com.br\/baixada\/wp-json\/wp\/v2\/posts\/5065\/revisions"}],"wp:featuredmedia":[{"embeddable":true,"href":"https:\/\/hostnetart.com.br\/baixada\/wp-json\/wp\/v2\/media\/5064"}],"wp:attachment":[{"href":"https:\/\/hostnetart.com.br\/baixada\/wp-json\/wp\/v2\/media?parent=5065"}],"wp:term":[{"taxonomy":"category","embeddable":true,"href":"https:\/\/hostnetart.com.br\/baixada\/wp-json\/wp\/v2\/categories?post=5065"},{"taxonomy":"post_tag","embeddable":true,"href":"https:\/\/hostnetart.com.br\/baixada\/wp-json\/wp\/v2\/tags?post=5065"}],"curies":[{"name":"wp","href":"https:\/\/api.w.org\/{rel}","templated":true}]}}