{"id":5059,"date":"2018-08-16T14:02:47","date_gmt":"2018-08-16T17:02:47","guid":{"rendered":"https:\/\/hostnetart.com.br\/baixada\/em-dois-anos-pais-tem-mais-5-milhoes-de-subutilizados-e-1-6-milhao-de-desalentados\/"},"modified":"2018-08-16T14:02:47","modified_gmt":"2018-08-16T17:02:47","slug":"em-dois-anos-pais-tem-mais-5-milhoes-de-subutilizados-e-1-6-milhao-de-desalentados","status":"publish","type":"post","link":"https:\/\/hostnetart.com.br\/baixada\/em-dois-anos-pais-tem-mais-5-milhoes-de-subutilizados-e-1-6-milhao-de-desalentados\/","title":{"rendered":"Em dois anos, pa\u00eds tem mais 5 milh\u00f5es de &#8216;subutilizados&#8217; e 1,6 milh\u00e3o de desalentados"},"content":{"rendered":"<p>O pa\u00eds fechou o segundo trimestre com 27,636 milh\u00f5es de subutilizados, termo usado pelo IBGE para definir o conjunto de desempregados e aqueles que gostariam de trabalhar mais, mas n\u00e3o conseguem. Um n\u00famero est\u00e1vel diante do primeiro trimestre, mas que subiu em rela\u00e7\u00e3o a igual per\u00edodo de 2017, com a taxa passando de 23,8% para 24,6%. No segundo trimestre de 2016, eram 22,651 milh\u00f5es. Assim, depois de dois anos, a partir do\u00a0<a class=\"internal-link\" title=\"\" href=\"https:\/\/www.redebrasilatual.com.br\/revistas\/127\/pais-golpeado-retrocessos-marcam-um-ano-de-aceitacao-de-impeachment\" target=\"_blank\" rel=\"noopener noreferrer\">impeachment de Dilma Rousseff<\/a>, esse contingente aumentou em quase 5 milh\u00f5es.<\/p>\n<p>Pelos dados da Pesquisa Nacional por Amostra de Domic\u00edlios (Pnad) Cont\u00ednua divulgados nesta quinta-feira (16), isso acontece tamb\u00e9m com os desalentados, aquelas pessoas que\u00a0<a class=\"internal-link\" title=\"\" href=\"https:\/\/www.redebrasilatual.com.br\/politica\/2018\/07\/desalento-piora-indices-de-desemprego-no-pais-analisa-feijoo\" target=\"_blank\" rel=\"noopener noreferrer\">desistiram de procurar emprego<\/a>\u00a0por diversas raz\u00f5es. Eram 4,833 milh\u00f5es no final do segundo trimestre \u2013 a maior quantidade da s\u00e9rie hist\u00f3rica, iniciada em 2012 \u2013, ante 4,630 milh\u00f5es no primeiro, 3,994 milh\u00f5es h\u00e1 um ano e 3,242 milh\u00f5es em 2016 \u2013 1,6 milh\u00e3o a mais em dois anos.<\/p>\n<p>Os desalentados somam 4,4% da for\u00e7a de trabalho, tamb\u00e9m o maior percentual da s\u00e9rie. Eram 3,7% um ano atr\u00e1s. Mas chegam a 16,2% no Maranh\u00e3o e a 16,6% em Alagoas. E se reduzem a 1,2% no Rio de Janeiro e a 0,7% em Santa Catarina.\u00a0<\/p>\n<p>Segundo o IBGE, as maiores taxas de subutiliza\u00e7\u00e3o s\u00e3o as de Piau\u00ed (40,6%), Maranh\u00e3o e Bahia (ambos com 39,7%). E as menores, de Santa Catarina (10,9%), Rio Grande do Sul (15,2%) e Rond\u00f4nia (15,5%). Em S\u00e3o Paulo, a taxa \u00e9 de 13,6%.\u00a0<\/p>\n<h3>Perfil do desemprego<\/h3>\n<p>Considerada apenas a taxa de desemprego, as maiores no segundo trimestre foram apuradas em Amap\u00e1 (21,3), Alagoas (17,3%), Pernambuco (16,9%), Sergipe (16,8%) e Bahia (16,5%). As menores, em Santa Catarina (6,5%), Mato Grosso do Sul (7,6%), Rio Grande do Sul (8,3%) e Mato Grosso (8,5%). A taxa m\u00e9dia brasileira foi de 12,4%. Entre as capitais, a maior \u00e9 a de S\u00e3o Lu\u00eds (19,6%) e a menor, de Florian\u00f3polis (6,3%).<\/p>\n<p>A propor\u00e7\u00e3o diminuiu, mas as mulheres ainda s\u00e3o maioria (51%) entre os desempregados. A taxa de desemprego delas \u00e9 de 14,2%, ante 11% dos homens. Quase 35% dos desempregados t\u00eam de 25 a 39 anos, 32% t\u00eam de 18 a 24 anos e 22,7%, de 40 a 59 anos. Pretos e pardos (classifica\u00e7\u00e3o do IBGE) representam 64,1% dos desempregados e brancos, 35%. A taxa de desemprego dos pretos \u00e9 de 15,5% e a dos brancos, de 9,9%.<\/p>\n<p>No recorte por escolaridade, a maior taxa de desemprego segue sendo a do grupo com ensino m\u00e9dio incompleto (21,1%). Entre os que t\u00eam ensino superior completo, cai para 6,3%.<\/p>\n<p>De acordo com a Pnad, 74,9% dos empregados no setor privado tinham carteira assinada no segundo trimestre, 0,9 ponto percentual a menos do que em igual per\u00edodo do ano passado. No trabalho dom\u00e9stico, a propor\u00e7\u00e3o de registro em carteira caiu de 30,6% para 29,4%.<\/p>\n<p>O pa\u00eds tinha 91,2 milh\u00f5es de ocupados no final do segundo trimestre. Desse total, 67,6% eram empregados (incluindo dom\u00e9sticos), enquanto 25,3% trabalhavam por conta pr\u00f3pria, percentuais que sobem para 34,3% no Par\u00e1, 33% no Maranh\u00e3o e 32,2% no Amazonas.<\/p>\n<p>\u00a0<\/p>\n<p><strong>Fonte: Rede Brasil Atual<\/strong><\/p>\n","protected":false},"excerpt":{"rendered":"<p>O pa\u00eds fechou o segundo trimestre com 27,636 milh\u00f5es de subutilizados, termo usado pelo IBGE para definir o conjunto de desempregados e aqueles que gostariam de trabalhar mais, mas n\u00e3o conseguem. Um n\u00famero est\u00e1vel diante do primeiro trimestre, mas que subiu em rela\u00e7\u00e3o a igual per\u00edodo de 2017, com a taxa passando de 23,8% para [&hellip;]<\/p>\n","protected":false},"author":2,"featured_media":5058,"comment_status":"","ping_status":"","sticky":false,"template":"","format":"standard","meta":{"footnotes":""},"categories":[3],"tags":[],"class_list":["post-5059","post","type-post","status-publish","format-standard","has-post-thumbnail","hentry","category-noticias"],"_links":{"self":[{"href":"https:\/\/hostnetart.com.br\/baixada\/wp-json\/wp\/v2\/posts\/5059","targetHints":{"allow":["GET"]}}],"collection":[{"href":"https:\/\/hostnetart.com.br\/baixada\/wp-json\/wp\/v2\/posts"}],"about":[{"href":"https:\/\/hostnetart.com.br\/baixada\/wp-json\/wp\/v2\/types\/post"}],"author":[{"embeddable":true,"href":"https:\/\/hostnetart.com.br\/baixada\/wp-json\/wp\/v2\/users\/2"}],"replies":[{"embeddable":true,"href":"https:\/\/hostnetart.com.br\/baixada\/wp-json\/wp\/v2\/comments?post=5059"}],"version-history":[{"count":0,"href":"https:\/\/hostnetart.com.br\/baixada\/wp-json\/wp\/v2\/posts\/5059\/revisions"}],"wp:featuredmedia":[{"embeddable":true,"href":"https:\/\/hostnetart.com.br\/baixada\/wp-json\/wp\/v2\/media\/5058"}],"wp:attachment":[{"href":"https:\/\/hostnetart.com.br\/baixada\/wp-json\/wp\/v2\/media?parent=5059"}],"wp:term":[{"taxonomy":"category","embeddable":true,"href":"https:\/\/hostnetart.com.br\/baixada\/wp-json\/wp\/v2\/categories?post=5059"},{"taxonomy":"post_tag","embeddable":true,"href":"https:\/\/hostnetart.com.br\/baixada\/wp-json\/wp\/v2\/tags?post=5059"}],"curies":[{"name":"wp","href":"https:\/\/api.w.org\/{rel}","templated":true}]}}