{"id":5057,"date":"2018-08-16T14:00:45","date_gmt":"2018-08-16T17:00:45","guid":{"rendered":"https:\/\/hostnetart.com.br\/baixada\/com-desmonte-da-saude-publica-mortalidade-materna-volta-a-crescer\/"},"modified":"2018-08-16T14:00:45","modified_gmt":"2018-08-16T17:00:45","slug":"com-desmonte-da-saude-publica-mortalidade-materna-volta-a-crescer","status":"publish","type":"post","link":"https:\/\/hostnetart.com.br\/baixada\/com-desmonte-da-saude-publica-mortalidade-materna-volta-a-crescer\/","title":{"rendered":"Com desmonte da sa\u00fade p\u00fablica, mortalidade materna volta a crescer"},"content":{"rendered":"<p class=\" \">Ap\u00f3s ter descumprido o acordo internacional para a redu\u00e7\u00e3o de 75% das mortes maternas at\u00e9 2015, o Brasil voltou a registrar aumento desse \u00edndice em 2016, quando o n\u00famero de mulheres que perderam a vida foi de 1.829, segundo dados consolidados pelo\u00a0<a class=\"internal-link\" title=\"\" href=\"https:\/\/www.redebrasilatual.com.br\/saude\/2018\/07\/ex-ministro-da-saude-avalia-que-mortalidade-infantil-e-resultado-de-incompetencia-do-governo-1\" target=\"_blank\" rel=\"noopener noreferrer\">Minist\u00e9rio da Sa\u00fade<\/a>. A Organiza\u00e7\u00e3o Mundial da Sa\u00fade (OMS), aponta ainda que, cinco mulheres morrem por dia no pa\u00eds em decorr\u00eancia de complica\u00e7\u00f5es na gesta\u00e7\u00e3o.\u00a0<\/p>\n<p class=\" \">Em 2016, a taxa de \u00f3bitos maternos subiu para 64,4 por 100 mil nascidos vivos, contra o \u00edndice de 62, registrado no ano anterior, que tamb\u00e9m revela um contraste entre as regi\u00f5es brasileiras. Enquanto o sul e o sudeste t\u00eam os menores \u00edndices com 44,2 e 55,8 respectivamente, as regi\u00f5es norte e nordeste concentram 84,5 e 78 dos\u00a0<a class=\"internal-link\" title=\"\" href=\"https:\/\/www.redebrasilatual.com.br\/saude\/2018\/07\/volta-da-mortalidade-infantil-e-resultado-de-baixo-investimento-em-politicas-sociais\" target=\"_blank\" rel=\"noopener noreferrer\">indicativos de mortalidade<\/a>. \u00a0<\/p>\n<p class=\" \">\u00c0 rep\u00f3rter Nahama Nunes, da\u00a0<b>R\u00e1dio Brasil Atual<\/b>, o ex-ministro da Sa\u00fade Alexandre Padilha apontou a<a class=\"internal-link\" title=\"\" href=\"https:\/\/www.redebrasilatual.com.br\/revistas\/140\/efeito-do-golpe-mortalidade-infantil-cresce-depois-de-15-anos-de-reducao\" target=\"_blank\" rel=\"noopener noreferrer\">desigualdade no acesso aos servi\u00e7os p\u00fablicos de sa\u00fade<\/a>, enfrentado principalmente pelas mulheres negras, e as complica\u00e7\u00f5es em decorr\u00eancia de\u00a0<a class=\"internal-link\" title=\"\" href=\"https:\/\/www.redebrasilatual.com.br\/saude\/2018\/08\/stf-comeca-a-ouvir-argumentos-favoraveis-e-contrarios-ao-aborto\" target=\"_blank\" rel=\"noopener noreferrer\">abortos clandestinos<\/a>\u00a0como os dois fatores que ajudam a explicar o crescimento dos \u00f3bitos maternos.<\/p>\n<p class=\" \">Segundo Padilha, se apenas as taxas das mulheres brancas fossem analisadas, o Brasil teria alcan\u00e7ado o objetivo do acordo internacional em reduzir a\u00a0mortalidade\u00a0para 35 \u00f3bitos por 100 mil nascidos vivos.<\/p>\n<p class=\" \">\u201cN\u00f3s temos uma a\u00e7\u00e3o muito concreta do governo Temer e do Congresso Nacional que causa um aumento na mortalidade materna e, posteriormente, na mortalidade infantil, que foi a queda da cobertura internacional\u201d, critica o ex-ministro, em refer\u00eancia aos cortes em programas sociais. Ele cita a estrutura de aten\u00e7\u00e3o b\u00e1sica da sa\u00fade p\u00fablica, que vem sendo desmontada desde o golpe do impeachment.<\/p>\n<p class=\" \">A expectativa de redu\u00e7\u00e3o da mortalidade foi repassada para 2030. Se antes o plano era chegar \u00e0quele ano com 20 mortes por 100 mil nascidos vivos, em novo acordo assinado a meta \u00e9 chegar a 30 mortes por 100 mil.<\/p>\n<p class=\" \">\u00a0<\/p>\n<p class=\" \"><span style=\"text-decoration: underline;\"><em><strong>Fonte: Rede Brasil Atual<\/strong><\/em><\/span><\/p>\n","protected":false},"excerpt":{"rendered":"<p>Ap\u00f3s ter descumprido o acordo internacional para a redu\u00e7\u00e3o de 75% das mortes maternas at\u00e9 2015, o Brasil voltou a registrar aumento desse \u00edndice em 2016, quando o n\u00famero de mulheres que perderam a vida foi de 1.829, segundo dados consolidados pelo\u00a0Minist\u00e9rio da Sa\u00fade. A Organiza\u00e7\u00e3o Mundial da Sa\u00fade (OMS), aponta ainda que, cinco mulheres [&hellip;]<\/p>\n","protected":false},"author":2,"featured_media":5056,"comment_status":"","ping_status":"","sticky":false,"template":"","format":"standard","meta":{"footnotes":""},"categories":[3],"tags":[],"class_list":["post-5057","post","type-post","status-publish","format-standard","has-post-thumbnail","hentry","category-noticias"],"_links":{"self":[{"href":"https:\/\/hostnetart.com.br\/baixada\/wp-json\/wp\/v2\/posts\/5057","targetHints":{"allow":["GET"]}}],"collection":[{"href":"https:\/\/hostnetart.com.br\/baixada\/wp-json\/wp\/v2\/posts"}],"about":[{"href":"https:\/\/hostnetart.com.br\/baixada\/wp-json\/wp\/v2\/types\/post"}],"author":[{"embeddable":true,"href":"https:\/\/hostnetart.com.br\/baixada\/wp-json\/wp\/v2\/users\/2"}],"replies":[{"embeddable":true,"href":"https:\/\/hostnetart.com.br\/baixada\/wp-json\/wp\/v2\/comments?post=5057"}],"version-history":[{"count":0,"href":"https:\/\/hostnetart.com.br\/baixada\/wp-json\/wp\/v2\/posts\/5057\/revisions"}],"wp:featuredmedia":[{"embeddable":true,"href":"https:\/\/hostnetart.com.br\/baixada\/wp-json\/wp\/v2\/media\/5056"}],"wp:attachment":[{"href":"https:\/\/hostnetart.com.br\/baixada\/wp-json\/wp\/v2\/media?parent=5057"}],"wp:term":[{"taxonomy":"category","embeddable":true,"href":"https:\/\/hostnetart.com.br\/baixada\/wp-json\/wp\/v2\/categories?post=5057"},{"taxonomy":"post_tag","embeddable":true,"href":"https:\/\/hostnetart.com.br\/baixada\/wp-json\/wp\/v2\/tags?post=5057"}],"curies":[{"name":"wp","href":"https:\/\/api.w.org\/{rel}","templated":true}]}}