{"id":5053,"date":"2018-08-16T13:58:03","date_gmt":"2018-08-16T16:58:03","guid":{"rendered":"https:\/\/hostnetart.com.br\/baixada\/contraf-cut-participa-de-foro-internacional-de-previdencia\/"},"modified":"2018-08-16T13:58:03","modified_gmt":"2018-08-16T16:58:03","slug":"contraf-cut-participa-de-foro-internacional-de-previdencia","status":"publish","type":"post","link":"https:\/\/hostnetart.com.br\/baixada\/contraf-cut-participa-de-foro-internacional-de-previdencia\/","title":{"rendered":"Contraf-CUT participa de Foro Internacional de Previd\u00eancia"},"content":{"rendered":"<div class=\"content\">\n<p>A Confedera\u00e7\u00e3o Nacional dos Trabalhadores do Ramo Financeiro (Contraf-CUT) participa do Foro Internacional de Previd\u00eancia, realizado em Bogot\u00e1, na Col\u00f4mbia, nesta ter\u00e7a e quarta-feira (14 e 15). Com o tema \u201cPara uma aposentadoria digna, a pens\u00e3o \u00e9 um direito\u201d, especialistas do Brasil, Col\u00f4mbia, Argentina, Uruguai e Chile discutem os crit\u00e9rios de universalidade, equidade e justi\u00e7a como pilares fundamentais para construir um sistema que garanta a pens\u00e3o justa de aposentadoria em condi\u00e7\u00f5es dignas.<\/p>\n<p><a class=\"has-subtitle img\" title=\"\" href=\"http:\/\/admin.contrafcut.com.br\/system\/uploads\/ck\/images\/WhatsApp%20Image%202018-08-15%20at%2014_23_12%20(1)(1).jpeg\" data-lightbox=\"lightbox\" data-title=\"\"><img decoding=\"async\" src=\"http:\/\/contrafcut.org.br\/images\/_9fab5c55b4487a44e9d7a2872038ed26.jpeg\" alt=\"\" \/><\/a><\/p>\n<p>Roberto von der Osten, Secret\u00e1rio de Rela\u00e7\u00f5es Internacionais da Contraf-CUT, enalteceu a import\u00e2ncia do evento. \u201cUm foro internacional para socializar o funcionamento da Previd\u00eancia e Seguridade Social na Am\u00e9rica Latina, debater as tentativas neoliberais de reformar para favorecer o mercado e os bancos e para discutir (avaliando as lutas em defesa de uma previd\u00eancia e seguridade social p\u00fablicas e universais em cada pa\u00eds) meios de fazer uma luta continental com unidade.\u201d<\/p>\n<p>Al\u00e9m dos estudiosos de Previd\u00eancia fazerem um balan\u00e7o da situa\u00e7\u00e3o em cada pa\u00eds, tamb\u00e9m foi relatado como est\u00e1 a luta e resist\u00eancia em v\u00e1rios pa\u00edses da Am\u00e9rica Latina.<\/p>\n<p>Com isto foi poss\u00edvel elaborar um manifesto dos trabalhadores colombianos e definir formas de lutas, organizada pela Uni Am\u00e9ricas, para reverter as privatiza\u00e7\u00f5es que j\u00e1 aconteceram e defender a recria\u00e7\u00e3o e fortalecimento da Previd\u00eancia p\u00fablica nestes pa\u00edses.<\/p>\n<p>Ap\u00f3s dois dias de debates, a conclus\u00e3o dos presentes \u00e9 que \u201cn\u00e3o existe nenhum modelo de um sistema que garanta o direito de pens\u00f5es em condi\u00e7\u00f5es dignas se ele n\u00e3o for p\u00fablico e universal. \u00c9 o \u00fanico jeito e por isso temos que lutar no continente inteiro\u201d, disse Jos\u00e9 Ricardo Sasseron, palestrante representante da Contraf no evento.<\/p>\n<p><a class=\"has-subtitle img\" title=\"\" href=\"http:\/\/admin.contrafcut.com.br\/system\/uploads\/ck\/images\/WhatsApp%20Image%202018-08-15%20at%2014_23_12.jpeg\" data-lightbox=\"lightbox\" data-title=\"\"><img decoding=\"async\" src=\"http:\/\/contrafcut.org.br\/images\/_3f5d472e571d2ef8b25513f953bf69c7.jpeg\" alt=\"\" \/><\/a><\/p>\n<p>No encerramento dos debates da ter\u00e7a-feira (14), os cerca de quase mil presentes fizeram um ato apoiando a candidatura de Lula e pedindo o imediato fim de sua pris\u00e3o pol\u00edtica.<\/p>\n<p>Mais informa\u00e7\u00f5es e \u00edntegra das apresenta\u00e7\u00f5es podem ser vistas no site www.fipecolombia.com<\/p>\n<\/div>\n<p id=\"page-author\"><strong>Fonte: Contraf-CUT<\/strong><\/p>\n","protected":false},"excerpt":{"rendered":"<p>A Confedera\u00e7\u00e3o Nacional dos Trabalhadores do Ramo Financeiro (Contraf-CUT) participa do Foro Internacional de Previd\u00eancia, realizado em Bogot\u00e1, na Col\u00f4mbia, nesta ter\u00e7a e quarta-feira (14 e 15). Com o tema \u201cPara uma aposentadoria digna, a pens\u00e3o \u00e9 um direito\u201d, especialistas do Brasil, Col\u00f4mbia, Argentina, Uruguai e Chile discutem os crit\u00e9rios de universalidade, equidade e justi\u00e7a [&hellip;]<\/p>\n","protected":false},"author":2,"featured_media":5052,"comment_status":"","ping_status":"","sticky":false,"template":"","format":"standard","meta":{"footnotes":""},"categories":[3],"tags":[],"class_list":["post-5053","post","type-post","status-publish","format-standard","has-post-thumbnail","hentry","category-noticias"],"_links":{"self":[{"href":"https:\/\/hostnetart.com.br\/baixada\/wp-json\/wp\/v2\/posts\/5053","targetHints":{"allow":["GET"]}}],"collection":[{"href":"https:\/\/hostnetart.com.br\/baixada\/wp-json\/wp\/v2\/posts"}],"about":[{"href":"https:\/\/hostnetart.com.br\/baixada\/wp-json\/wp\/v2\/types\/post"}],"author":[{"embeddable":true,"href":"https:\/\/hostnetart.com.br\/baixada\/wp-json\/wp\/v2\/users\/2"}],"replies":[{"embeddable":true,"href":"https:\/\/hostnetart.com.br\/baixada\/wp-json\/wp\/v2\/comments?post=5053"}],"version-history":[{"count":0,"href":"https:\/\/hostnetart.com.br\/baixada\/wp-json\/wp\/v2\/posts\/5053\/revisions"}],"wp:featuredmedia":[{"embeddable":true,"href":"https:\/\/hostnetart.com.br\/baixada\/wp-json\/wp\/v2\/media\/5052"}],"wp:attachment":[{"href":"https:\/\/hostnetart.com.br\/baixada\/wp-json\/wp\/v2\/media?parent=5053"}],"wp:term":[{"taxonomy":"category","embeddable":true,"href":"https:\/\/hostnetart.com.br\/baixada\/wp-json\/wp\/v2\/categories?post=5053"},{"taxonomy":"post_tag","embeddable":true,"href":"https:\/\/hostnetart.com.br\/baixada\/wp-json\/wp\/v2\/tags?post=5053"}],"curies":[{"name":"wp","href":"https:\/\/api.w.org\/{rel}","templated":true}]}}