{"id":5049,"date":"2018-08-15T18:34:02","date_gmt":"2018-08-15T21:34:02","guid":{"rendered":"https:\/\/hostnetart.com.br\/baixada\/bancarios-defendem-planos-de-saude-dos-bancos-publicos\/"},"modified":"2018-08-15T18:34:02","modified_gmt":"2018-08-15T21:34:02","slug":"bancarios-defendem-planos-de-saude-dos-bancos-publicos","status":"publish","type":"post","link":"https:\/\/hostnetart.com.br\/baixada\/bancarios-defendem-planos-de-saude-dos-bancos-publicos\/","title":{"rendered":"Banc\u00e1rios defendem planos de sa\u00fade dos bancos p\u00fablicos"},"content":{"rendered":"<div class=\"content\">\n<p>Banc\u00e1rios e trabalhadores de outras categorias de todo o pa\u00eds participaram na manh\u00e3 desta quarta-feira (15) do ato p\u00fablico em defesa dos bancos p\u00fablicos, em frente ao Minist\u00e9rio da Fazenda, em Bras\u00edlia. Eles protestam contra as resolu\u00e7\u00f5es\u00a0<ins><strong><a href=\"http:\/\/www.planejamento.gov.br\/assuntos\/empresas-estatais\/legislacao\/resolucao-no-22-de-18-de-janeiro-de-2018-diario-oficial-da-uniao-imprensa-nacional.pdf\" target=\"_blank\" rel=\"noopener noreferrer\">22<\/a><\/strong><\/ins>\u00a0e\u00a0<ins><strong><a href=\"http:\/\/www.planejamento.gov.br\/assuntos\/empresas-estatais\/legislacao\/resolucao-no-23-de-18-de-janeiro-de-2018-diario-oficial-da-uniao-imprensa-nacional.pdf\" target=\"_blank\" rel=\"noopener noreferrer\">23<\/a><\/strong><\/ins>\u00a0da Comiss\u00e3o Interministerial de Governan\u00e7a Corporativa e de Administra\u00e7\u00e3o de Participa\u00e7\u00f5es Societ\u00e1rias da Uni\u00e3o (CGPAR), que determinam a redu\u00e7\u00e3o das despesas das empresas estatais com a assist\u00eancia \u00e0 sa\u00fade dos trabalhadores e limitam a 6,5% da folha de pagamento a participa\u00e7\u00e3o no custeio dos planos de sa\u00fade dos funcion\u00e1rios pelas empresas p\u00fablicas. As medidas tamb\u00e9m pro\u00edbem a inclus\u00e3o de novos funcion\u00e1rios nos planos de sa\u00fade das empresas p\u00fablicas.<\/p>\n<p>Os trabalhadores fizeram uma \u201cCarta Aberta \u00e0s Autoridades P\u00fablicas Brasileiras em Defesa da Sa\u00fade Coletiva \u2013 SUS e Autogest\u00f5es\u201d, que foi lida e distribu\u00edda aos presentes (leia a \u00edntegra da\u00a0<a href=\"http:\/\/admin.contrafcut.com.br\/system\/uploads\/ck\/files\/CARTA%20ABERTA%20A%CC%80S%20AUTORIDADES-AUTOGESTA%CC%83O%20EM%20SAU%CC%81DE%20E%20SUS_COM%20LOGOS(1).pdf\" target=\"_blank\" rel=\"noopener noreferrer\"><ins><strong>Carta Aberta<\/strong><\/ins><\/a>).<\/p>\n<p>\u201cReunimos trabalhadores do Brasil inteiro para dar um basta a esse golpe contra a classe trabalhadora que est\u00e1 acontecendo no pa\u00eds. As resolu\u00e7\u00f5es da CGPAR t\u00eam o objetivo de promover um verdadeiro desmonte dos planos de sa\u00fade de autogest\u00e3o das empresas p\u00fablicas\u201d, afirmou a presidenta da Confedera\u00e7\u00e3o Nacional dos Trabalhadores do Ramo Financeiro (Contraf-CUT).<\/p>\n<p>Sindicatos que n\u00e3o puderam participar em Bras\u00edlia realizaram atos em suas bases sindicais.<\/p>\n<p>Juvandia explicou que ao desmontar um plano de sa\u00fade de autogest\u00e3o, o governo joga os trabalhadores para comprar planos de sa\u00fade privados. \u201c\u00c9 isso que est\u00e1 em jogo! Com essas resolu\u00e7\u00f5es os empregados que se aposentam perdem o direito ao plano de sa\u00fade justamente no momento que mais precisam. Os novos funcion\u00e1rios tamb\u00e9m n\u00e3o ter\u00e3o mais direito ao plano de sa\u00fade. Os trabalhadores precisar\u00e3o migrar para o mercado privado ou irem para o SUS\u201d, disse a dirigente. \u201cTemos que lutar contra o desmonte que est\u00e1 sendo realizado por esse governo ileg\u00edtimo para atender o interesse dos planos de sa\u00fade privados\u201d, ressaltou Juvandia.<\/p>\n<p>O presidente da Federa\u00e7\u00e3o Nacional das Associa\u00e7\u00f5es de Pessoal da Caixa (Fenae), Jair Pedro Ferreira, tamb\u00e9m alertou que as amea\u00e7as das medidas que o governo vem implementando podem levar \u00e0 extin\u00e7\u00e3o dos planos de sa\u00fade de autogest\u00e3o das empresas p\u00fablicas, ou ao aumento do custo para os trabalhadores. \u201c\u00c9 um enorme retrocesso que pode levar ao fim de nosso plano que foi constru\u00eddo com muita luta. Por isso, junto com as Apcefs e todas demais entidades de representa\u00e7\u00e3o, estamos pedindo que os trabalhadores se somem a essa mobiliza\u00e7\u00e3o e conosco digam n\u00e3o a estas resolu\u00e7\u00f5es da CGPAR para manter nosso plano de sa\u00fade e a Caixa 100% p\u00fablica\u201d, disse.<\/p>\n<p>A presidenta da Contraf-CUT lembrou ainda que os lucros dos bancos est\u00e3o cada vez maiores e que n\u00e3o existe nenhum motivo para a retirada de direitos dos trabalhadores. \u201cEst\u00e3o lucrando muito. T\u00eam que pagar aumento real e atender a todas as outras reivindica\u00e7\u00f5es dos banc\u00e1rios, inclusive no que diz respeito aos planos de sa\u00fade\u201d, completou.<\/p>\n<p>O governo ileg\u00edtimo de Michel Temer e seus aliados no Congresso Nacional determinaram o congelamento de investimentos p\u00fablicos em sa\u00fade e educa\u00e7\u00e3o por 20 anos. Al\u00e9m do corte de recursos na \u00e1rea, o governo golpista autorizou a isen\u00e7\u00e3o de multas aplicadas \u00e0s operadoras dos planos de sa\u00fade e o reajuste acima da infla\u00e7\u00e3o dos valores cobrados dos usu\u00e1rios, al\u00e9m de ter tentado estipular o aumento do percentual da franquia a ser paga pelos pacientes para determinados plano e servi\u00e7os utilizados.<\/p>\n<p><strong>Revoga\u00e7\u00e3o das resolu\u00e7\u00f5es da CGPAR<\/strong><br \/>Al\u00e9m dos atos desta quarta-feira, os trabalhadores buscam a revoga\u00e7\u00e3o das resolu\u00e7\u00f5es da CGPAR pela via legislativa com o Projeto de Decreto Legislativo (<ins><strong><a href=\"http:\/\/www.camara.gov.br\/proposicoesWeb\/prop_mostrarintegra?codteor=1663810&amp;filename=PDC+956\/2018\" target=\"_blank\" rel=\"noopener noreferrer\">PDC 956\/2018<\/a><\/strong><\/ins>), de autoria da deputada federal Erika Kokay (PT-DF). Por meio de uma\u00a0<ins><strong><a href=\"https:\/\/forms.camara.leg.br\/ex\/enquetes\/2176886\" target=\"_blank\" rel=\"noopener noreferrer\">enquete da C\u00e2mara dos Deputados<\/a><\/strong><\/ins>, todo cidad\u00e3o pode dizer se concorda ou n\u00e3o com o projeto da deputada, que visa sustar as resolu\u00e7\u00f5es da CGPAR. Participe!<\/p>\n<p><strong>Leia tamb\u00e9m:<\/strong><br \/>\u00a0\u00a0\u00a0\u00a0\u00a0<strong>&gt;<\/strong>\u00a0<em><a href=\"http:\/\/www.contrafcut.org.br\/noticias\/bancarios-de-catanduva-se-mobilizam-em-defesa-dos-bancos-publicos-7fb1\/\" target=\"_blank\" rel=\"noopener noreferrer\"><ins>Banc\u00e1rios de Catanduva se mobilizam em defesa dos bancos p\u00fablicos<\/ins><\/a><\/em><br \/>\u00a0\u00a0\u00a0\u00a0\u00a0<strong>&gt;<\/strong>\u00a0<ins><em><a href=\"http:\/\/www.contrafcut.org.br\/noticias\/bancarios-vao-a-brasilia-em-defesa-dos-bancos-publicos-67f5\/\" target=\"_blank\" rel=\"noopener noreferrer\">Banc\u00e1rios v\u00e3o a Bras\u00edlia para defender bancos p\u00fablicos<\/a><\/em><\/ins><br \/>\u00a0\u00a0\u00a0\u00a0\u00a0<strong>&gt;<\/strong>\u00a0<a href=\"http:\/\/www.contrafcut.org.br\/noticias\/ans-confirma-suspensao-do-saude-caixa-7f66\/\" target=\"_blank\" rel=\"noopener noreferrer\"><ins><em>ANS confirma suspens\u00e3o do Sa\u00fade Caixa<\/em><\/ins><\/a><br \/>\u00a0\u00a0\u00a0\u00a0\u00a0<strong>&gt;<\/strong>\u00a0<ins><em><a href=\"http:\/\/www.contrafcut.org.br\/noticias\/contraf-cut-disponibiliza-jornal-dos-bancarios-em-defesa-dos-bancos-publicos-69fa\/\" target=\"_blank\" rel=\"noopener noreferrer\">Contraf-CUT disponibiliza Jornal dos Banc\u00e1rios em defesa dos Bancos P\u00fablicos<\/a><\/em><\/ins><br \/>\u00a0\u00a0\u00a0\u00a0\u00a0<strong>&gt;<\/strong>\u00a0<ins><em><a href=\"http:\/\/www.contrafcut.org.br\/noticias\/movimento-sindical-cobra-solucoes-para-o-saude-caixa-09e9\/\" target=\"_blank\" rel=\"noopener noreferrer\">Movimento sindical cobra solu\u00e7\u00f5es para o Sa\u00fade Caixa<\/a><\/em><\/ins><\/p>\n<\/div>\n<p id=\"page-author\"><span style=\"text-decoration: underline;\"><em><strong>Fonte: Contraf-CUT<\/strong><\/em><\/span><\/p>\n","protected":false},"excerpt":{"rendered":"<p>Banc\u00e1rios e trabalhadores de outras categorias de todo o pa\u00eds participaram na manh\u00e3 desta quarta-feira (15) do ato p\u00fablico em defesa dos bancos p\u00fablicos, em frente ao Minist\u00e9rio da Fazenda, em Bras\u00edlia. Eles protestam contra as resolu\u00e7\u00f5es\u00a022\u00a0e\u00a023\u00a0da Comiss\u00e3o Interministerial de Governan\u00e7a Corporativa e de Administra\u00e7\u00e3o de Participa\u00e7\u00f5es Societ\u00e1rias da Uni\u00e3o (CGPAR), que determinam a redu\u00e7\u00e3o [&hellip;]<\/p>\n","protected":false},"author":2,"featured_media":5048,"comment_status":"","ping_status":"","sticky":false,"template":"","format":"standard","meta":{"footnotes":""},"categories":[3],"tags":[],"class_list":["post-5049","post","type-post","status-publish","format-standard","has-post-thumbnail","hentry","category-noticias"],"_links":{"self":[{"href":"https:\/\/hostnetart.com.br\/baixada\/wp-json\/wp\/v2\/posts\/5049","targetHints":{"allow":["GET"]}}],"collection":[{"href":"https:\/\/hostnetart.com.br\/baixada\/wp-json\/wp\/v2\/posts"}],"about":[{"href":"https:\/\/hostnetart.com.br\/baixada\/wp-json\/wp\/v2\/types\/post"}],"author":[{"embeddable":true,"href":"https:\/\/hostnetart.com.br\/baixada\/wp-json\/wp\/v2\/users\/2"}],"replies":[{"embeddable":true,"href":"https:\/\/hostnetart.com.br\/baixada\/wp-json\/wp\/v2\/comments?post=5049"}],"version-history":[{"count":0,"href":"https:\/\/hostnetart.com.br\/baixada\/wp-json\/wp\/v2\/posts\/5049\/revisions"}],"wp:featuredmedia":[{"embeddable":true,"href":"https:\/\/hostnetart.com.br\/baixada\/wp-json\/wp\/v2\/media\/5048"}],"wp:attachment":[{"href":"https:\/\/hostnetart.com.br\/baixada\/wp-json\/wp\/v2\/media?parent=5049"}],"wp:term":[{"taxonomy":"category","embeddable":true,"href":"https:\/\/hostnetart.com.br\/baixada\/wp-json\/wp\/v2\/categories?post=5049"},{"taxonomy":"post_tag","embeddable":true,"href":"https:\/\/hostnetart.com.br\/baixada\/wp-json\/wp\/v2\/tags?post=5049"}],"curies":[{"name":"wp","href":"https:\/\/api.w.org\/{rel}","templated":true}]}}