{"id":5045,"date":"2018-08-15T15:29:07","date_gmt":"2018-08-15T18:29:07","guid":{"rendered":"https:\/\/hostnetart.com.br\/baixada\/pis-contraf-cut-cobra-respeito-aos-empregados\/"},"modified":"2018-08-15T15:29:07","modified_gmt":"2018-08-15T18:29:07","slug":"pis-contraf-cut-cobra-respeito-aos-empregados","status":"publish","type":"post","link":"https:\/\/hostnetart.com.br\/baixada\/pis-contraf-cut-cobra-respeito-aos-empregados\/","title":{"rendered":"PIS: Contraf-CUT cobra respeito aos empregados"},"content":{"rendered":"<div class=\"content\">\n<p>A Confedera\u00e7\u00e3o Nacional dos Trabalhadores do Ramo Financeiro (Contraf-CUT) recebeu den\u00fancia em diversas partes do pa\u00eds de que todos os empregados da Caixa foram convocados a entrar duas horas mais cedo conta do calend\u00e1rio de saques do PIS. Em contato com o banco, a entidade foi informada que aqueles trabalhadores que acordaram com o gestor a amplia\u00e7\u00e3o da jornada receber\u00e3o 100% das horas extras. A Contraf-CUT alerta que a amplia\u00e7\u00e3o deve ter anu\u00eancia do empregado e que o mesmo n\u00e3o deve aceitar press\u00f5es e nem qualquer tipo de retalia\u00e7\u00e3o por conta de uma poss\u00edvel recusa.<a class=\"has-subtitle img\" style=\"float: left; height: 467px; width: 350px;\" title=\"\" href=\"http:\/\/admin.contrafcut.com.br\/system\/uploads\/ck\/images\/WhatsApp%20Image%202018-08-14%20at%2018_25_10.jpeg\" data-lightbox=\"lightbox\" data-title=\"\"><img decoding=\"async\" style=\"float: left; height: 467px; width: 350px;\" src=\"http:\/\/www.contrafcut.org.br\/images\/_152957ff37053ba5ec5bf9876866cc49.jpeg\" alt=\"\" \/><\/a><\/p>\n<p>\u201cProcuramos a Caixa e fomos informados que, por enquanto, a antecipa\u00e7\u00e3o da abertura de ag\u00eancias \u00e9 prevista para apenas dois dias e que, depois, o banco vai avaliar a demanda. Al\u00e9m disso, os empregados receber\u00e3o 100% das horas extras. Entretanto, \u00e9 necess\u00e1rio que fique claro para o trabalhador da Caixa de que ele deve ter liberdade, sem press\u00f5es ou retalia\u00e7\u00f5es, para aceitar ou recusar a amplia\u00e7\u00e3o da jornada\u201d, enfatiza o coordenador da Comiss\u00e3o Executiva dos Empregados da Caixa (CEE\/Caixa), Dion\u00edsio Reis.<\/p>\n<p>O dirigente tamb\u00e9m critica o fato de que os empregados foram informados da mudan\u00e7a de hor\u00e1rio sem qualquer anteced\u00eancia. \u201cForam convocados a entrar mais cedo as 17h30 do dia anterior. A Caixa tem de entender que, mesmo pagando as horas extras, as pessoas possuem compromissos, se planejam para conciliar a vida profissional com a pessoal. O banco n\u00e3o pode de um dia para outro impor uma altera\u00e7\u00e3o de hor\u00e1rio\u201d, diz Dion\u00edsio.<\/p>\n<p>O coordenador do CEE\/Caixa lembra que os empregados da Caixa, assim como suas entidades representativas, valorizam o compromisso de bem atender a popula\u00e7\u00e3o. \u201cComo trabalhadores de um banco p\u00fablico, e defensores de uma Caixa 100% p\u00fablica, os empregados da Caixa possuem o compromisso de atender da melhor forma poss\u00edvel a popula\u00e7\u00e3o. Entretanto, esse compromisso n\u00e3o se limita a amplia\u00e7\u00e3o de hor\u00e1rio em situa\u00e7\u00f5es espec\u00edficas de maior demanda, que devem ser acordadas, e n\u00e3o impostas de forma unilateral. Esse compromisso \u00e9 evidenciado, principalmente, na cobran\u00e7a que fazemos em rela\u00e7\u00e3o a realiza\u00e7\u00e3o de novos concursos e a justa convoca\u00e7\u00e3o dos j\u00e1 aprovados, diminuindo a sobrecarga de trabalho e melhorando o atendimento \u00e0 popula\u00e7\u00e3o.\u201d<\/p>\n<p>Caso seja pressionado a aceitar a amplia\u00e7\u00e3o da jornada ou sofrer qualquer tipo de retalia\u00e7\u00e3o caso se recuse a entrar mais cedo, ou mesmo n\u00e3o receba as horas extras devidas, o empregado deve denunciar ao sindicato respons\u00e1vel por sua base. O sigilo \u00e9 garantido.<\/p>\n<\/div>\n<p id=\"page-author\"><strong>Fonte: Contraf-CUT, com Seeb SP<\/strong><\/p>\n","protected":false},"excerpt":{"rendered":"<p>A Confedera\u00e7\u00e3o Nacional dos Trabalhadores do Ramo Financeiro (Contraf-CUT) recebeu den\u00fancia em diversas partes do pa\u00eds de que todos os empregados da Caixa foram convocados a entrar duas horas mais cedo conta do calend\u00e1rio de saques do PIS. Em contato com o banco, a entidade foi informada que aqueles trabalhadores que acordaram com o gestor [&hellip;]<\/p>\n","protected":false},"author":2,"featured_media":5044,"comment_status":"","ping_status":"","sticky":false,"template":"","format":"standard","meta":{"footnotes":""},"categories":[3],"tags":[],"class_list":["post-5045","post","type-post","status-publish","format-standard","has-post-thumbnail","hentry","category-noticias"],"_links":{"self":[{"href":"https:\/\/hostnetart.com.br\/baixada\/wp-json\/wp\/v2\/posts\/5045","targetHints":{"allow":["GET"]}}],"collection":[{"href":"https:\/\/hostnetart.com.br\/baixada\/wp-json\/wp\/v2\/posts"}],"about":[{"href":"https:\/\/hostnetart.com.br\/baixada\/wp-json\/wp\/v2\/types\/post"}],"author":[{"embeddable":true,"href":"https:\/\/hostnetart.com.br\/baixada\/wp-json\/wp\/v2\/users\/2"}],"replies":[{"embeddable":true,"href":"https:\/\/hostnetart.com.br\/baixada\/wp-json\/wp\/v2\/comments?post=5045"}],"version-history":[{"count":0,"href":"https:\/\/hostnetart.com.br\/baixada\/wp-json\/wp\/v2\/posts\/5045\/revisions"}],"wp:featuredmedia":[{"embeddable":true,"href":"https:\/\/hostnetart.com.br\/baixada\/wp-json\/wp\/v2\/media\/5044"}],"wp:attachment":[{"href":"https:\/\/hostnetart.com.br\/baixada\/wp-json\/wp\/v2\/media?parent=5045"}],"wp:term":[{"taxonomy":"category","embeddable":true,"href":"https:\/\/hostnetart.com.br\/baixada\/wp-json\/wp\/v2\/categories?post=5045"},{"taxonomy":"post_tag","embeddable":true,"href":"https:\/\/hostnetart.com.br\/baixada\/wp-json\/wp\/v2\/tags?post=5045"}],"curies":[{"name":"wp","href":"https:\/\/api.w.org\/{rel}","templated":true}]}}