{"id":5043,"date":"2018-08-15T15:28:13","date_gmt":"2018-08-15T18:28:13","guid":{"rendered":"https:\/\/hostnetart.com.br\/baixada\/contraf-cut-disponibiliza-jornal-dos-bancarios-em-defesa-dos-bancos-publicos\/"},"modified":"2018-08-15T15:28:13","modified_gmt":"2018-08-15T18:28:13","slug":"contraf-cut-disponibiliza-jornal-dos-bancarios-em-defesa-dos-bancos-publicos","status":"publish","type":"post","link":"https:\/\/hostnetart.com.br\/baixada\/contraf-cut-disponibiliza-jornal-dos-bancarios-em-defesa-dos-bancos-publicos\/","title":{"rendered":"Contraf-CUT disponibiliza Jornal dos Banc\u00e1rios em defesa dos Bancos P\u00fablicos"},"content":{"rendered":"<div class=\"content\">\n<p>A Confedera\u00e7\u00e3o Nacional do Trabalhadores do Ramo Financeiro (Contraf-CUT) disponibilizou na <a href=\"http:\/\/www.contrafcut.org.br\/publicacoes\" target=\"_blank\" rel=\"noopener noreferrer\"><strong><ins>\u00e1rea de publica\u00e7\u00f5es<\/ins><\/strong><\/a> do site um Jornal dos Banc\u00e1rios especial em defesa dos Bancos P\u00fablicos. Banc\u00e1rios de todo o pa\u00eds v\u00e3o realizar um Ato em Defesa dos Bancos P\u00fablicos nesta quarta-feira (15), \u00e0s 10h, em frente ao Minist\u00e9rio da Fazenda, em Bras\u00edlia. Os trabalhadores tamb\u00e9m protestar\u00e3o contra as resolu\u00e7\u00f5es 22 e 23 da Comiss\u00e3o Interministerial de Governan\u00e7a Corporativa e de Administra\u00e7\u00e3o de Participa\u00e7\u00f5es Societ\u00e1rias da Uni\u00e3o (CGPAR). Elas determinam a redu\u00e7\u00e3o das despesas das empresas estatais com a assist\u00eancia \u00e0 sa\u00fade dos trabalhadores e limitam a 6,5% da folha de pagamento a participa\u00e7\u00e3o no custeio dos planos de sa\u00fade dos funcion\u00e1rios pelas empresas p\u00fablicas. As medidas tamb\u00e9m pro\u00edbem a inclus\u00e3o de novos funcion\u00e1rios nos planos de sa\u00fade das empresas p\u00fablicas.<\/p>\n<p>A Contraf-CUT e o Comando Nacional do Banc\u00e1rios orientaram que os sindicatos que n\u00e3o puderem participar do protesto em Bras\u00edlia realizem atos em suas bases denunciando os excessos das medidas da CGPAR.<\/p>\n<p>Trabalhadores de outras categorias, organizados no Comit\u00ea Nacional em Defesa das Empresas P\u00fablicas, tamb\u00e9m aderiram \u00e0s manifesta\u00e7\u00f5es e v\u00e3o participar do ato em Bras\u00edlia e daqueles que forem realizados em outros locais do pa\u00eds.<\/p>\n<\/div>\n<p id=\"page-author\"><strong>Fonte: Contraf-CUT<\/strong><\/p>\n","protected":false},"excerpt":{"rendered":"<p>A Confedera\u00e7\u00e3o Nacional do Trabalhadores do Ramo Financeiro (Contraf-CUT) disponibilizou na \u00e1rea de publica\u00e7\u00f5es do site um Jornal dos Banc\u00e1rios especial em defesa dos Bancos P\u00fablicos. Banc\u00e1rios de todo o pa\u00eds v\u00e3o realizar um Ato em Defesa dos Bancos P\u00fablicos nesta quarta-feira (15), \u00e0s 10h, em frente ao Minist\u00e9rio da Fazenda, em Bras\u00edlia. Os trabalhadores [&hellip;]<\/p>\n","protected":false},"author":2,"featured_media":5042,"comment_status":"","ping_status":"","sticky":false,"template":"","format":"standard","meta":{"footnotes":""},"categories":[3],"tags":[],"class_list":["post-5043","post","type-post","status-publish","format-standard","has-post-thumbnail","hentry","category-noticias"],"_links":{"self":[{"href":"https:\/\/hostnetart.com.br\/baixada\/wp-json\/wp\/v2\/posts\/5043","targetHints":{"allow":["GET"]}}],"collection":[{"href":"https:\/\/hostnetart.com.br\/baixada\/wp-json\/wp\/v2\/posts"}],"about":[{"href":"https:\/\/hostnetart.com.br\/baixada\/wp-json\/wp\/v2\/types\/post"}],"author":[{"embeddable":true,"href":"https:\/\/hostnetart.com.br\/baixada\/wp-json\/wp\/v2\/users\/2"}],"replies":[{"embeddable":true,"href":"https:\/\/hostnetart.com.br\/baixada\/wp-json\/wp\/v2\/comments?post=5043"}],"version-history":[{"count":0,"href":"https:\/\/hostnetart.com.br\/baixada\/wp-json\/wp\/v2\/posts\/5043\/revisions"}],"wp:featuredmedia":[{"embeddable":true,"href":"https:\/\/hostnetart.com.br\/baixada\/wp-json\/wp\/v2\/media\/5042"}],"wp:attachment":[{"href":"https:\/\/hostnetart.com.br\/baixada\/wp-json\/wp\/v2\/media?parent=5043"}],"wp:term":[{"taxonomy":"category","embeddable":true,"href":"https:\/\/hostnetart.com.br\/baixada\/wp-json\/wp\/v2\/categories?post=5043"},{"taxonomy":"post_tag","embeddable":true,"href":"https:\/\/hostnetart.com.br\/baixada\/wp-json\/wp\/v2\/tags?post=5043"}],"curies":[{"name":"wp","href":"https:\/\/api.w.org\/{rel}","templated":true}]}}