{"id":5041,"date":"2018-08-14T17:19:27","date_gmt":"2018-08-14T20:19:27","guid":{"rendered":"https:\/\/hostnetart.com.br\/baixada\/movimento-sindical-cobra-solucoes-para-o-saude-caixa\/"},"modified":"2018-08-14T17:19:27","modified_gmt":"2018-08-14T20:19:27","slug":"movimento-sindical-cobra-solucoes-para-o-saude-caixa","status":"publish","type":"post","link":"https:\/\/hostnetart.com.br\/baixada\/movimento-sindical-cobra-solucoes-para-o-saude-caixa\/","title":{"rendered":"Movimento sindical cobra solu\u00e7\u00f5es para o Sa\u00fade Caixa"},"content":{"rendered":"<div class=\"content\">\n<p>A Ag\u00eancia Nacional de Sa\u00fade Suplementar (ANS) suspendeu a entrada de novos usu\u00e1rios no Sa\u00fade Caixa devido a problemas relacionados \u00e0 cobertura assistencial, como negativas de atendimento e descumprimento de prazos m\u00e1ximos.<\/p>\n<p>\u201cA medida s\u00f3 refor\u00e7a a precariza\u00e7\u00e3o ao qual o Sa\u00fade Caixa est\u00e1 sendo submetido internamente pelo banco. As mudan\u00e7as realizadas pela Caixa e pela gest\u00e3o do plano pioraram, e muito, o atendimento aos usu\u00e1rios e n\u00e3o atendem \u00e0 demanda necess\u00e1ria\u201d, criticou Fabiana Uehara Proscholdt, coordenadora do Grupo de Trabalho sobre o Sa\u00fade Caixa e secret\u00e1ria de Cultura da Confedera\u00e7\u00e3o Nacional dos Trabalhadores do Ramo Financeiro (Contraf-CUT). \u201cEssa suspens\u00e3o \u00e9 preocupante pois pode deixar em descoberto milhares de vidas. Estamos cobrando medidas urgentes para regulariza\u00e7\u00e3o bem como melhorias efetivas a fim de satisfazer a todos os usu\u00e1rios\u201d, completou.<\/p>\n<p>Desde abril, a Federa\u00e7\u00e3o Nacional das Associa\u00e7\u00f5es de Pessoal da Caixa (Fenae) noticia que o Sa\u00fade Caixa ocupa o topo do ranking de reclama\u00e7\u00f5es da ANS. Desde ent\u00e3o, a situa\u00e7\u00e3o s\u00f3 piorou. O Sa\u00fade Caixa continua liderando a lista de reclama\u00e7\u00f5es dos planos de sa\u00fade. Em fevereiro, o \u00cdndice Geral de Reclama\u00e7\u00f5es (IGR) do plano era de 8,69 ocorr\u00eancias para cada 10 mil usu\u00e1rios, muito al\u00e9m da m\u00e9dia do segmento, que era de 2,78. Dados de junho mostram que o IGR do Sa\u00fade Caixa subiu para 9,63, enquanto a m\u00e9dia do segmento est\u00e1 em 3,04.<\/p>\n<p>\u201cTemos um dos melhores programas de sa\u00fade do pa\u00eds, mas com toda a neglig\u00eancia da dire\u00e7\u00e3o da Caixa na gest\u00e3o, o plano \u00e9 l\u00edder de reclama\u00e7\u00f5es h\u00e1 meses. A Caixa quer acabar com nosso programa de sa\u00fade, mas n\u00e3o vamos permitir\u201d, afirma a diretora de Sa\u00fade e Previd\u00eancia da Fenae, Fabiana Matheus.<\/p>\n<p>\u00a0\u00a0\u00a0\u00a0\u00a0<strong>&gt;<\/strong>\u00a0<em><a href=\"http:\/\/www.ans.gov.br\/planos-de-saude-e-operadoras\/informacoes-e-avaliacoes-de-operadoras\/indice-de-reclamacoes\/indice-geral-de-reclamacoes-igr\" target=\"_blank\" rel=\"noopener noreferrer\">Consulte o \u00cdndice de Reclama\u00e7\u00f5es<\/a><\/em><\/p>\n<p>Apesar das condi\u00e7\u00f5es prec\u00e1rias do plano, para Dion\u00edsio Siqueira Reis, coordenador da Comiss\u00e3o Executiva dos Empregados da Caixa (CEE\/Caixa), ao suspender a inscri\u00e7\u00e3o de novos benefici\u00e1rios, a ANS pune os usu\u00e1rios e n\u00e3o a gest\u00e3o do plano. &#8220;A decis\u00e3o da ANS, que \u00e9 controlada pelo mercado privado de planos de sa\u00fade, antecipa a decis\u00e3o do governo&#8221;, disse o dirigente.<\/p>\n<p>Ele explicou que a l\u00f3gica da autogest\u00e3o \u00e9 muito diferente da l\u00f3gica dos planos comerciais, que aumentam a lucratividade com a expans\u00e3o de usu\u00e1rios. \u201cNo caso da autogest\u00e3o, novos usu\u00e1rios s\u00e3o custo e ao suspender a inscri\u00e7\u00e3o de novos usu\u00e1rios a ANS est\u00e1, na verdade, beneficiando essa gest\u00e3o que deveria ser punida\u201d, esclareceu.<\/p>\n<p>\u00c9 a primeira vez que o Sa\u00fade Caixa \u00e9 impedido pela ANS de receber novos usu\u00e1rios, situa\u00e7\u00e3o que evidencia o quadro de sucateamento do plano por parte da dire\u00e7\u00e3o da Caixa, que promoveu uma reestrutura\u00e7\u00e3o nas Ger\u00eancias de Pessoas (GIPES), terceirizou o atendimento e fechou as portas para o relacionamento com os usu\u00e1rios, prestadores de servi\u00e7os e terceiros contratados.<\/p>\n<p><strong>Resolu\u00e7\u00f5es da CGPAR<\/strong><br \/>As resolu\u00e7\u00f5es\u00a0<a href=\"http:\/\/www.planejamento.gov.br\/assuntos\/empresas-estatais\/legislacao\/resolucao-no-22-de-18-de-janeiro-de-2018-diario-oficial-da-uniao-imprensa-nacional.pdf\" target=\"_blank\" rel=\"noopener noreferrer\"><strong><ins>22<\/ins><\/strong><\/a>\u00a0e\u00a0<a href=\"http:\/\/www.planejamento.gov.br\/assuntos\/empresas-estatais\/legislacao\/resolucao-no-23-de-18-de-janeiro-de-2018-diario-oficial-da-uniao-imprensa-nacional.pdf\" target=\"_blank\" rel=\"noopener noreferrer\"><strong><ins>23<\/ins><\/strong><\/a>\u00a0da Comiss\u00e3o Interministerial de Governan\u00e7a Corporativa e de Administra\u00e7\u00e3o de Participa\u00e7\u00f5es Societ\u00e1rias da Uni\u00e3o (CGPAR) determinam que empresas estatais reduzam despesas com a assist\u00eancia \u00e0 sa\u00fade dos trabalhadores e limitam a 6,5% da folha de pagamento a participa\u00e7\u00e3o no custeio dos planos de sa\u00fade dos funcion\u00e1rios pelas empresas p\u00fablicas.<\/p>\n<p>\u201cDepois de cortar investimentos para o SUS por 20 anos, com as resolu\u00e7\u00f5es da CGPAR o governo ileg\u00edtimo de Michel Temer, que est\u00e1 \u00e0 servi\u00e7o do mercado privado de planos de sa\u00fade, precariza o Sa\u00fade Caixa e todos os demais planos de sa\u00fade de autogest\u00e3o das empresas p\u00fablicas\u201d, explicou o coordenador da CEE\/Caixa.<\/p>\n<p>Est\u00e1 dispon\u00edvel no site da C\u00e2mara dos Deputados a enquete sobre o Projeto de Decreto Legislativo (PDC 956\/2018), de autoria da deputada federal Erika Kokay (PT-DF), com o objetivo de sustar a resolu\u00e7\u00e3o da CGPAR que determina as altera\u00e7\u00f5es no Sa\u00fade Caixa. Para acessar a enquete e apoiar o PDC 956\/2018,\u00a0<strong><a href=\"https:\/\/forms.camara.leg.br\/ex\/enquetes\/2176886\" target=\"_blank\" rel=\"noopener noreferrer\">clique aqui<\/a><\/strong>.<\/p>\n<p><strong>Sa\u00fade Caixa: eu defendo<\/strong><br \/>Contraf-CUT, Fenae, Fenacef, Fenag, Advocef, Aneac, Social Caixa e Anacef\u00a0<strong><a href=\"http:\/\/www.contrafcut.org.br\/noticias\/empregados-se-unem-em-defesa-do-saude-caixa-5383\">se uniram<\/a><\/strong>\u00a0em torno da campanha Sa\u00fade Caixa: eu defendo, com o objetivo de conscientizar e mobilizar ativos e aposentados sobre os riscos provocados pelas resolu\u00e7\u00f5es CGPAR, do governo federal.<\/p>\n<p>As resolu\u00e7\u00f5es publicadas pelo governo e a recente altera\u00e7\u00e3o no Estatuto da Caixa prop\u00f5em um limite correspondente a 6,5% da folha de pagamento para a participa\u00e7\u00e3o da Caixa nas despesas com sa\u00fade de seus trabalhadores, \u00e0 revelia do modelo de custeio previsto no Acordo Coletivo de Trabalho (ACT).<\/p>\n<p>\u00a0\u00a0\u00a0\u00a0\u00a0<strong>&gt;<\/strong><em>\u00a0<a href=\"http:\/\/www.fenae.org.br\/portal\/fenae-portal\/noticias\/saude-caixa-o-que-pode-mudar-8A19A30464FA396801651A32158819B9.htm\" target=\"_blank\" rel=\"noopener noreferrer\">O que muda com a CGPAR<\/a><\/em><\/p>\n<\/div>\n<p id=\"page-author\"><span style=\"text-decoration: underline;\"><em><strong>Fonte: Contraf-CUT<\/strong><\/em><\/span><\/p>\n","protected":false},"excerpt":{"rendered":"<p>A Ag\u00eancia Nacional de Sa\u00fade Suplementar (ANS) suspendeu a entrada de novos usu\u00e1rios no Sa\u00fade Caixa devido a problemas relacionados \u00e0 cobertura assistencial, como negativas de atendimento e descumprimento de prazos m\u00e1ximos. \u201cA medida s\u00f3 refor\u00e7a a precariza\u00e7\u00e3o ao qual o Sa\u00fade Caixa est\u00e1 sendo submetido internamente pelo banco. As mudan\u00e7as realizadas pela Caixa e [&hellip;]<\/p>\n","protected":false},"author":2,"featured_media":5040,"comment_status":"","ping_status":"","sticky":false,"template":"","format":"standard","meta":{"footnotes":""},"categories":[3],"tags":[],"class_list":["post-5041","post","type-post","status-publish","format-standard","has-post-thumbnail","hentry","category-noticias"],"_links":{"self":[{"href":"https:\/\/hostnetart.com.br\/baixada\/wp-json\/wp\/v2\/posts\/5041","targetHints":{"allow":["GET"]}}],"collection":[{"href":"https:\/\/hostnetart.com.br\/baixada\/wp-json\/wp\/v2\/posts"}],"about":[{"href":"https:\/\/hostnetart.com.br\/baixada\/wp-json\/wp\/v2\/types\/post"}],"author":[{"embeddable":true,"href":"https:\/\/hostnetart.com.br\/baixada\/wp-json\/wp\/v2\/users\/2"}],"replies":[{"embeddable":true,"href":"https:\/\/hostnetart.com.br\/baixada\/wp-json\/wp\/v2\/comments?post=5041"}],"version-history":[{"count":0,"href":"https:\/\/hostnetart.com.br\/baixada\/wp-json\/wp\/v2\/posts\/5041\/revisions"}],"wp:featuredmedia":[{"embeddable":true,"href":"https:\/\/hostnetart.com.br\/baixada\/wp-json\/wp\/v2\/media\/5040"}],"wp:attachment":[{"href":"https:\/\/hostnetart.com.br\/baixada\/wp-json\/wp\/v2\/media?parent=5041"}],"wp:term":[{"taxonomy":"category","embeddable":true,"href":"https:\/\/hostnetart.com.br\/baixada\/wp-json\/wp\/v2\/categories?post=5041"},{"taxonomy":"post_tag","embeddable":true,"href":"https:\/\/hostnetart.com.br\/baixada\/wp-json\/wp\/v2\/tags?post=5041"}],"curies":[{"name":"wp","href":"https:\/\/api.w.org\/{rel}","templated":true}]}}