{"id":5035,"date":"2018-08-14T14:35:28","date_gmt":"2018-08-14T17:35:28","guid":{"rendered":"https:\/\/hostnetart.com.br\/baixada\/patroes-ja-usam-reforma-trabalhista-para-impor-retrocessos-em-campanhas-salariais\/"},"modified":"2018-08-14T14:35:28","modified_gmt":"2018-08-14T17:35:28","slug":"patroes-ja-usam-reforma-trabalhista-para-impor-retrocessos-em-campanhas-salariais","status":"publish","type":"post","link":"https:\/\/hostnetart.com.br\/baixada\/patroes-ja-usam-reforma-trabalhista-para-impor-retrocessos-em-campanhas-salariais\/","title":{"rendered":"Patr\u00f5es j\u00e1 usam &#8216;reforma&#8217; trabalhista para impor retrocessos em campanhas salariais"},"content":{"rendered":"<p class=\" \"><a class=\"internal-link\" title=\"\" href=\"https:\/\/www.redebrasilatual.com.br\/trabalho\/2018\/07\/sem-homologacao-nos-sindicatos-trabalhador-fica-desprotegido-na-hora-da-demissao\" target=\"_blank\" rel=\"noopener noreferrer\">Entidades sindicais<\/a>\u00a0apontam que cresceu a intransig\u00eancia dos setores patronais nas negocia\u00e7\u00f5es de campanhas salariais,\u00a0\u00a0ap\u00f3s a\u00a0<a class=\"internal-link\" title=\"\" href=\"https:\/\/www.redebrasilatual.com.br\/trabalho\/2018\/08\/desmonte-da-legislacao-aumenta-numero-de-acidentes-e-mortes-no-trabalho\" target=\"_blank\" rel=\"noopener noreferrer\">\u201creforma\u201d trabalhista<\/a>,\u00a0com a aprova\u00e7\u00e3o da Lei 13.467\/2017,\u00a0que alterou dispositivos de prote\u00e7\u00e3o ao trabalhador. Patr\u00f5es passaram a propor reajuste sem previs\u00e3o de aumento real e a retirada de garantias trabalhistas das respectivas conven\u00e7\u00f5es coletivas. Em reportagem de Leandro Chaves, do\u00a0<i>Seu Jornal<\/i>, a\u00a0<b>TVT\u00a0<\/b>mostra que os novos regimes de contrata\u00e7\u00e3o e a jornada de\u00a0<a class=\"internal-link\" title=\"\" href=\"https:\/\/www.redebrasilatual.com.br\/trabalho\/2018\/07\/emprego-se-mantem-estavel-sem-abrir-perspectiva-para-desempregados-e-subocupados\" target=\"_blank\" rel=\"noopener noreferrer\">jornada de trabalho intermitente<\/a>, em vig\u00eancia desde novembro do ano passado, t\u00eam acirrado as discuss\u00f5es entre as entidades de ambos os lados.<\/p>\n<p class=\" \">\u201cNos \u00faltimos anos, a gente sempre colocou a nossa proposta de aumento real, acima da infla\u00e7\u00e3o, e (este ano) os bancos est\u00e3o oferecendo s\u00f3 a infla\u00e7\u00e3o. Eles querem fazer um acordo de quatro anos\u201d, afirma a secret\u00e1ria geral do\u00a0<a class=\"internal-link\" title=\"\" href=\"https:\/\/www.redebrasilatual.com.br\/trabalho\/2018\/08\/bancarios-rejeitam-proposta-e-insistem-em-negociacao-com-a-fenaban\" target=\"_blank\" rel=\"noopener noreferrer\">Sindicato dos Banc\u00e1rios de S\u00e3o Paulo, Osasco e regi\u00e3o,\u00a0<\/a>\u00a0Neiva Ribeiro.<\/p>\n<p class=\" \">A sindicalista acrescenta a Fenaban \u2013 entidade que representa os bancos nas negocia\u00e7\u00f5es com o Comando Nacional dos Banc\u00e1rios \u2013 prop\u00f4s aos trabalhadores um acordo que n\u00e3o acompanha o lucro l\u00edquido alcan\u00e7ado no 1\u00ba trimestre deste ano pelas principais empresas do setor, de cerca de R$ 20 bilh\u00f5es, um aumento de 18,7% do que o registrado no mesmo per\u00edodo do ano anterior \u2013 os cinco maiores bancos do pa\u00eds, s\u00e3o Bradesco, Ita\u00fa, Santander, Banco do Brasil e Caixa Econ\u00f4mica Federal.\u00a0<a class=\"internal-link\" title=\"\" href=\"https:\/\/www.redebrasilatual.com.br\/trabalho\/2018\/08\/bancarios-rejeitam-proposta-e-insistem-em-negociacao-com-a-fenaban\" target=\"_blank\" rel=\"noopener noreferrer\">A categoria j\u00e1 passou por seis rodadas de negocia\u00e7\u00f5es, sem avan\u00e7os.<\/a><\/p>\n<p class=\" \">\u201cPor tudo que n\u00f3s j\u00e1 conversamos, a gente v\u00ea que \u00e9 imposs\u00edvel fazer isso (acordo), porque se n\u00e3o houver garantia de emprego, em cinco anos, pode acabar o setor. A cada ano eles v\u00eam diminuindo os postos de trabalho\u201d, afirma Neiva.<\/p>\n<p class=\" \">Por outro lado, a Federa\u00e7\u00e3o dos Sindicatos de Metal\u00fargicos (FEM) da CUT\/SP, que tem oito grupos de negocia\u00e7\u00f5es, tamb\u00e9m enfrenta\u00a0<a class=\"internal-link\" title=\"\" href=\"https:\/\/www.redebrasilatual.com.br\/trabalho\/2018\/08\/dia-do-basta-nesta-sexta-e-resistencia-a-tragedia\" target=\"_blank\" rel=\"noopener noreferrer\">intransig\u00eancia<\/a>\u00a0dos empres\u00e1rios. \u201cNenhum dos direitos que n\u00f3s t\u00ednhamos est\u00e1 garantido, como acontecia em anos anteriores\u201d, declara o presidente da FEM\/CUT, Luiz Carlos da Silva Dias. O dirigente afirma que as negocia\u00e7\u00f5es da categoria com as empresas ainda n\u00e3o obtiveram previs\u00e3o de aumento real e que direitos j\u00e1 consagrados, como licen\u00e7a-maternidade e afastamento por acidente de trabalho est\u00e3o sendo amea\u00e7ados.<\/p>\n<p class=\" \">\u00a0<\/p>\n<p class=\" \"><strong>Fonte: Rede Brasil Atual<\/strong><\/p>\n","protected":false},"excerpt":{"rendered":"<p>Entidades sindicais\u00a0apontam que cresceu a intransig\u00eancia dos setores patronais nas negocia\u00e7\u00f5es de campanhas salariais,\u00a0\u00a0ap\u00f3s a\u00a0\u201creforma\u201d trabalhista,\u00a0com a aprova\u00e7\u00e3o da Lei 13.467\/2017,\u00a0que alterou dispositivos de prote\u00e7\u00e3o ao trabalhador. Patr\u00f5es passaram a propor reajuste sem previs\u00e3o de aumento real e a retirada de garantias trabalhistas das respectivas conven\u00e7\u00f5es coletivas. Em reportagem de Leandro Chaves, do\u00a0Seu Jornal, a\u00a0TVT\u00a0mostra [&hellip;]<\/p>\n","protected":false},"author":2,"featured_media":5034,"comment_status":"","ping_status":"","sticky":false,"template":"","format":"standard","meta":{"footnotes":""},"categories":[3],"tags":[],"class_list":["post-5035","post","type-post","status-publish","format-standard","has-post-thumbnail","hentry","category-noticias"],"_links":{"self":[{"href":"https:\/\/hostnetart.com.br\/baixada\/wp-json\/wp\/v2\/posts\/5035","targetHints":{"allow":["GET"]}}],"collection":[{"href":"https:\/\/hostnetart.com.br\/baixada\/wp-json\/wp\/v2\/posts"}],"about":[{"href":"https:\/\/hostnetart.com.br\/baixada\/wp-json\/wp\/v2\/types\/post"}],"author":[{"embeddable":true,"href":"https:\/\/hostnetart.com.br\/baixada\/wp-json\/wp\/v2\/users\/2"}],"replies":[{"embeddable":true,"href":"https:\/\/hostnetart.com.br\/baixada\/wp-json\/wp\/v2\/comments?post=5035"}],"version-history":[{"count":0,"href":"https:\/\/hostnetart.com.br\/baixada\/wp-json\/wp\/v2\/posts\/5035\/revisions"}],"wp:featuredmedia":[{"embeddable":true,"href":"https:\/\/hostnetart.com.br\/baixada\/wp-json\/wp\/v2\/media\/5034"}],"wp:attachment":[{"href":"https:\/\/hostnetart.com.br\/baixada\/wp-json\/wp\/v2\/media?parent=5035"}],"wp:term":[{"taxonomy":"category","embeddable":true,"href":"https:\/\/hostnetart.com.br\/baixada\/wp-json\/wp\/v2\/categories?post=5035"},{"taxonomy":"post_tag","embeddable":true,"href":"https:\/\/hostnetart.com.br\/baixada\/wp-json\/wp\/v2\/tags?post=5035"}],"curies":[{"name":"wp","href":"https:\/\/api.w.org\/{rel}","templated":true}]}}