{"id":5033,"date":"2018-08-14T13:28:27","date_gmt":"2018-08-14T16:28:27","guid":{"rendered":"https:\/\/hostnetart.com.br\/baixada\/acoes-doadas-nao-tornam-bancario-responsavel-pelo-bb\/"},"modified":"2018-08-14T13:28:27","modified_gmt":"2018-08-14T16:28:27","slug":"acoes-doadas-nao-tornam-bancario-responsavel-pelo-bb","status":"publish","type":"post","link":"https:\/\/hostnetart.com.br\/baixada\/acoes-doadas-nao-tornam-bancario-responsavel-pelo-bb\/","title":{"rendered":"A\u00e7\u00f5es doadas n\u00e3o tornam banc\u00e1rio respons\u00e1vel pelo BB"},"content":{"rendered":"<div class=\"content\">\n<p>No dia 9 de agosto os banc\u00e1rios do BB receberem tr\u00eas a\u00e7\u00f5es do banco. A novidade, anunciada pelo presidente da institui\u00e7\u00e3o, Paulo Rog\u00e9rio Cafarelli, \u00e0 imprensa comercial, abrangeu todos os 98.416 funcion\u00e1rios da ativa do banco. E, segundo ele, \u00e9 parte de um plano de incentivo de resultados que representa mais 9,6 milh\u00f5es de reais em a\u00e7\u00f5es.<\/p>\n<p>\u201cMais do que o valor em si, \u00e9 que a gente vai poder comunicar que todo empregado \u00e9 tamb\u00e9m dono da empresa. Nosso mote agora, nossa campanha \u00e9 que no Banco do Brasil voc\u00ea \u00e9 atendido pelo dono\u201d, disse Caffarelli em entrevista \u00e0 Voc\u00ea S\/A.<\/p>\n<p>Os \u201cdonos\u201d do banco, no entanto, n\u00e3o podem vender as tr\u00eas a\u00e7\u00f5es at\u00e9 se aposentarem ou sa\u00edrem do banco. A a\u00e7\u00e3o fica custodiada pelo BB sob o CPF do servidor e, enquanto estiver na ativa, obrigatoriamente ele tem de ser acionista do banco.<\/p>\n<p>\u201cA iniciativa \u00e9 boa, mas tr\u00eas a\u00e7\u00f5es \u00e9 muito pouco, representa pouco mais de 90 reais\u201d, afirma Wagner Nascimento, diretor da Confedera\u00e7\u00e3o Nacional dos Trabalhadores do Ramo Financeiro (Contraf-CUT) e coordenador da Comiss\u00e3o de Empresa dos Funcion\u00e1rios do BB (CEBB). \u201cE essa historia de ser atendido pelo dono, n\u00e3o sabemos qual ser\u00e1 o efeito, se vai aumentar a press\u00e3o sobre os funcion\u00e1rios, mas deixamos claro: n\u00e3o iremos aceitar. Al\u00e9m disso, o valor foi muito pequeno e n\u00e3o negociado com o movimento sindical que est\u00e1 em plena discuss\u00e3o com a dire\u00e7\u00e3o do banco, na Campanha Nacional Unificada 2018, e o banco solta uma medida exclusiva da parte dele com um valor irris\u00f3rio de tr\u00eas a\u00e7\u00f5es\u201d.<\/p>\n<p><strong>Outros duzentos<\/strong><br \/>Wagner lembra que quando o BB lan\u00e7ou essa ideia de distribuir as a\u00e7\u00f5es, no m\u00eas passado Cafarelli soltou um v\u00eddeo falando disso e ficou todo mundo na expectativa do que seria. \u201cA iniciativa de distribuir a\u00e7\u00f5es para os funcion\u00e1rios n\u00e3o \u00e9 uma coisa ruim e n\u00f3s j\u00e1 cobramos isso do banco. Em 2008, quando o BB completou 200 anos, fizemos uma proposta de o banco doar 200 a\u00e7\u00f5es, para cada funcion\u00e1rio. Acabou que por conta de quest\u00f5es de regula\u00e7\u00e3o junto \u00e0 CVM e demais \u00f3rg\u00e3os de controle, o banco n\u00e3o conseguiu viabilizar essa distribui\u00e7\u00e3o de a\u00e7\u00e3o \u00e0 \u00e9poca e acabou dando um b\u00f4nus de R$ 1.300 para cada funcion\u00e1rio assim que foram encerradas as negocia\u00e7\u00f5es da Campanha Nacional Unificada. Isso representava cerca de 90 a\u00e7\u00f5es quando foi creditado no in\u00edcio de novembro de 2008. O pre\u00e7o estava em torno de 16 reais \u00e0 \u00e9poca\u201d, relata Wagner.<\/p>\n<p>\u201cO que tem de grave agora \u00e9 que o governo reduziu sua participa\u00e7\u00e3o no banco ao longo do tempo, vendeu a\u00e7\u00f5es do fundo soberano recentemente, e pulverizar mais a\u00e7\u00f5es, de certa forma, est\u00e1 valorizando o funcion\u00e1rio, mas tamb\u00e9m \u00e9 uma maneira de privatizar mais o banco\u201d, critica o dirigente.<\/p>\n<p>Agora, Cafarelli afirma que a participa\u00e7\u00e3o nas a\u00e7\u00f5es do banco pode aumentar ao longo dos anos, j\u00e1 que outra mudan\u00e7a foi anunciada: os servidores receber\u00e3o metade do b\u00f4nus semestral (por meio do Plano de Desempenho Gratificado \u2013 PDG \u2013\u00a0premia\u00e7\u00e3o vinculada ao resultado e ao desempenho dos funcion\u00e1rios participantes) em a\u00e7\u00f5es do banco. A outra metade \u00e9 por cr\u00e9dito no cart\u00e3o Alelo, empresa que tem como s\u00f3cios o BB e o Bradesco.<\/p>\n<p>As a\u00e7\u00f5es que o funcion\u00e1rio receber pelo PDG, conforme o seu desempenho, poder\u00e3o ser monetizadas imediatamente, ou ele poder\u00e1 ir criando a sua carteira de a\u00e7\u00f5es do banco.<\/p>\n<p>\u201cOs sindicatos e a CEBB acompanhar\u00e3o isso de perto. Isso n\u00e3o pode ser mais um motivo para aumentar a cobran\u00e7a por metas abusivas dentro do banco\u201d, completa Wagner Nascimento.<\/p>\n<\/div>\n<p id=\"page-author\"><span style=\"text-decoration: underline;\"><strong>Fonte: Contraf-CUT<\/strong><\/span><\/p>\n","protected":false},"excerpt":{"rendered":"<p>No dia 9 de agosto os banc\u00e1rios do BB receberem tr\u00eas a\u00e7\u00f5es do banco. A novidade, anunciada pelo presidente da institui\u00e7\u00e3o, Paulo Rog\u00e9rio Cafarelli, \u00e0 imprensa comercial, abrangeu todos os 98.416 funcion\u00e1rios da ativa do banco. E, segundo ele, \u00e9 parte de um plano de incentivo de resultados que representa mais 9,6 milh\u00f5es de reais [&hellip;]<\/p>\n","protected":false},"author":2,"featured_media":5032,"comment_status":"","ping_status":"","sticky":false,"template":"","format":"standard","meta":{"footnotes":""},"categories":[3],"tags":[],"class_list":["post-5033","post","type-post","status-publish","format-standard","has-post-thumbnail","hentry","category-noticias"],"_links":{"self":[{"href":"https:\/\/hostnetart.com.br\/baixada\/wp-json\/wp\/v2\/posts\/5033","targetHints":{"allow":["GET"]}}],"collection":[{"href":"https:\/\/hostnetart.com.br\/baixada\/wp-json\/wp\/v2\/posts"}],"about":[{"href":"https:\/\/hostnetart.com.br\/baixada\/wp-json\/wp\/v2\/types\/post"}],"author":[{"embeddable":true,"href":"https:\/\/hostnetart.com.br\/baixada\/wp-json\/wp\/v2\/users\/2"}],"replies":[{"embeddable":true,"href":"https:\/\/hostnetart.com.br\/baixada\/wp-json\/wp\/v2\/comments?post=5033"}],"version-history":[{"count":0,"href":"https:\/\/hostnetart.com.br\/baixada\/wp-json\/wp\/v2\/posts\/5033\/revisions"}],"wp:featuredmedia":[{"embeddable":true,"href":"https:\/\/hostnetart.com.br\/baixada\/wp-json\/wp\/v2\/media\/5032"}],"wp:attachment":[{"href":"https:\/\/hostnetart.com.br\/baixada\/wp-json\/wp\/v2\/media?parent=5033"}],"wp:term":[{"taxonomy":"category","embeddable":true,"href":"https:\/\/hostnetart.com.br\/baixada\/wp-json\/wp\/v2\/categories?post=5033"},{"taxonomy":"post_tag","embeddable":true,"href":"https:\/\/hostnetart.com.br\/baixada\/wp-json\/wp\/v2\/tags?post=5033"}],"curies":[{"name":"wp","href":"https:\/\/api.w.org\/{rel}","templated":true}]}}