{"id":5029,"date":"2018-08-14T13:26:52","date_gmt":"2018-08-14T16:26:52","guid":{"rendered":"https:\/\/hostnetart.com.br\/baixada\/contra-o-desenvolvimentismo-do-sistema-financeiro\/"},"modified":"2018-08-14T13:26:52","modified_gmt":"2018-08-14T16:26:52","slug":"contra-o-desenvolvimentismo-do-sistema-financeiro","status":"publish","type":"post","link":"https:\/\/hostnetart.com.br\/baixada\/contra-o-desenvolvimentismo-do-sistema-financeiro\/","title":{"rendered":"Contra o desenvolvimentismo do sistema financeiro"},"content":{"rendered":"<div class=\"content\">\n<p>Em mais uma medida que amea\u00e7a a fun\u00e7\u00e3o p\u00fablica e social da Caixa, o governo federal\u00a0abriu processo para selecionar novos vice-presidentes nas \u00e1reas de corporativo, fundos de governo e loterias, governo e habita\u00e7\u00e3o. O processo seletivo est\u00e1 aberto tamb\u00e9m para candidatos externos.<\/p>\n<p>\u201cEst\u00e3o inventando todas as desculpas do mundo para colocar gente de mercado na dire\u00e7\u00e3o do maior banco p\u00fablico do pa\u00eds, o que pode contaminar a empresa com uma vis\u00e3o mesquinha, pequena e mercantil que objetiva s\u00f3 a lucratividade, ignorando\u00a0o papel desenvolvimentista do sistema financeiro que s\u00f3 a Caixa exerceu com mais\u00a0plenitude entre os bancos de varejo\u201d, denuncia Dion\u00edsio Reis, coordenador da Comiss\u00e3o Executiva dos Empregados (CEE\/Caixa).\u00a0<\/p>\n<p>Para citar um exemplo, a Caixa \u00e9 respons\u00e1vel por financiar cerca de 70% do cr\u00e9dito para habita\u00e7\u00e3o no pa\u00eds.\u00a0<\/p>\n<p>O processo de sele\u00e7\u00e3o dos novos vice-presidentes da Caixa est\u00e1 sendo comandando pelo Comit\u00ea de Indica\u00e7\u00e3o e Remunera\u00e7\u00e3o do banco p\u00fablico e ser\u00e1 conduzido pela Russell Reynolds, contratada pelo banco p\u00fablico.<\/p>\n<p>Para candidatos internos da Caixa, as exig\u00eancias para participa\u00e7\u00e3o do processo seletivo para os cargos de vice-presidentes incluem ingresso no banco p\u00fablico por meio de concurso p\u00fablico, dez anos na institui\u00e7\u00e3o, j\u00e1 ter exercido cargo estatut\u00e1rio, curso superior conclu\u00eddo, dentre outras.<\/p>\n<p>Para participantes externos, conforme processo do banco, s\u00e3o necess\u00e1rios no m\u00ednimo dez anos no setor p\u00fablico ou privado no setor banc\u00e1rio, atua\u00e7\u00e3o de quatro\u00a0anos em cargo de dire\u00e7\u00e3o ou de Conselheiro de Administra\u00e7\u00e3o em empresa de porte da Caixa.\u00a0<\/p>\n<p>O Conselho de Administra\u00e7\u00e3o da Caixa j\u00e1 est\u00e1 aparelhado por agentes de mercado, o que impacta nos empregados. Nas\u00a0<a href=\"http:\/\/spbancarios.com.br\/08\/2018\/caixa-campanha-bancarios-2018-quinta%20negociacao-proposta-inaceitavel\" target=\"_blank\" rel=\"noopener noreferrer\">negocia\u00e7\u00f5es da Campanha Nacional 2018<\/a>, dentre outros ataques direcionados aos trabalhadores, os representantes do banco n\u00e3o garantiram o pagamento da PLR Social.\u00a0<\/p>\n<p>A presidenta do Conselho de Administra\u00e7\u00e3o (CA) da Caixa, Ana Paula Vescovi,\u00a0<a href=\"http:\/\/spbancarios.com.br\/05\/2018\/interferencias-externas-voltam-ameacar-caixa\" target=\"_blank\" rel=\"noopener noreferrer\">j\u00e1 sinalizou a inten\u00e7\u00e3o de acabar com a prerrogativa dos empregados concursados ocuparem postos de dire\u00e7\u00e3o<\/a>. A proposta nasceu de uma pessoa ligada ao Minist\u00e9rio da Fazenda, um \u00f3rg\u00e3o capturado pelo sistema financeiro.\u00a0<\/p>\n<p>\u201cSe essa captura passar para as vice-presid\u00eancias, essas amea\u00e7as n\u00e3o s\u00f3 \u00e0s fun\u00e7\u00f5es p\u00fablica e social do banco como aos direitos dos banc\u00e1rios ir\u00e3o aumentar\u201d, afirma Dion\u00edsio Reis. \u00a0<\/p>\n<p>\u201cEsse \u00e9 o resultado de um governo ileg\u00edtimo mancomunado com os interesses privados, e que por isso n\u00e3o tem o menor comprometimento com as empresas p\u00fablicas e seus trabalhadores. Em alguns meses ser\u00e3o realizadas elei\u00e7\u00f5es gerais para presidente da Rep\u00fablica e para renova\u00e7\u00e3o do Congresso Nacional. \u00c9 fundamental conhecer as propostas dos candidatos a fim de evitar o aprofundamento desse cen\u00e1rio que n\u00e3o interessa nem aos trabalhadores, nem \u00e0 popula\u00e7\u00e3o e muito menos \u00e0 soberania nacional\u201d, afirma Dion\u00edsio.\u00a0<\/p>\n<\/div>\n<p id=\"page-author\"><strong>Fonte: Seeb SP<\/strong><\/p>\n","protected":false},"excerpt":{"rendered":"<p>Em mais uma medida que amea\u00e7a a fun\u00e7\u00e3o p\u00fablica e social da Caixa, o governo federal\u00a0abriu processo para selecionar novos vice-presidentes nas \u00e1reas de corporativo, fundos de governo e loterias, governo e habita\u00e7\u00e3o. O processo seletivo est\u00e1 aberto tamb\u00e9m para candidatos externos. \u201cEst\u00e3o inventando todas as desculpas do mundo para colocar gente de mercado na [&hellip;]<\/p>\n","protected":false},"author":2,"featured_media":5028,"comment_status":"","ping_status":"","sticky":false,"template":"","format":"standard","meta":{"footnotes":""},"categories":[3],"tags":[],"class_list":["post-5029","post","type-post","status-publish","format-standard","has-post-thumbnail","hentry","category-noticias"],"_links":{"self":[{"href":"https:\/\/hostnetart.com.br\/baixada\/wp-json\/wp\/v2\/posts\/5029","targetHints":{"allow":["GET"]}}],"collection":[{"href":"https:\/\/hostnetart.com.br\/baixada\/wp-json\/wp\/v2\/posts"}],"about":[{"href":"https:\/\/hostnetart.com.br\/baixada\/wp-json\/wp\/v2\/types\/post"}],"author":[{"embeddable":true,"href":"https:\/\/hostnetart.com.br\/baixada\/wp-json\/wp\/v2\/users\/2"}],"replies":[{"embeddable":true,"href":"https:\/\/hostnetart.com.br\/baixada\/wp-json\/wp\/v2\/comments?post=5029"}],"version-history":[{"count":0,"href":"https:\/\/hostnetart.com.br\/baixada\/wp-json\/wp\/v2\/posts\/5029\/revisions"}],"wp:featuredmedia":[{"embeddable":true,"href":"https:\/\/hostnetart.com.br\/baixada\/wp-json\/wp\/v2\/media\/5028"}],"wp:attachment":[{"href":"https:\/\/hostnetart.com.br\/baixada\/wp-json\/wp\/v2\/media?parent=5029"}],"wp:term":[{"taxonomy":"category","embeddable":true,"href":"https:\/\/hostnetart.com.br\/baixada\/wp-json\/wp\/v2\/categories?post=5029"},{"taxonomy":"post_tag","embeddable":true,"href":"https:\/\/hostnetart.com.br\/baixada\/wp-json\/wp\/v2\/tags?post=5029"}],"curies":[{"name":"wp","href":"https:\/\/api.w.org\/{rel}","templated":true}]}}