{"id":5027,"date":"2018-08-13T17:24:25","date_gmt":"2018-08-13T20:24:25","guid":{"rendered":"https:\/\/hostnetart.com.br\/baixada\/ninguem-parte-para-austeridade-com-economia-desacelerada-diz-professor-da-unicamp\/"},"modified":"2018-08-13T17:24:25","modified_gmt":"2018-08-13T20:24:25","slug":"ninguem-parte-para-austeridade-com-economia-desacelerada-diz-professor-da-unicamp","status":"publish","type":"post","link":"https:\/\/hostnetart.com.br\/baixada\/ninguem-parte-para-austeridade-com-economia-desacelerada-diz-professor-da-unicamp\/","title":{"rendered":"Ningu\u00e9m parte para austeridade com economia desacelerada, diz professor da Unicamp"},"content":{"rendered":"<p class=\" \">Economistas e pesquisadores contestaram a redu\u00e7\u00e3o em <a class=\"internal-link\" title=\"\" href=\"https:\/\/www.redebrasilatual.com.br\/politica\/2018\/08\/direitos-humanos-sao-mais-importantes-do-que-austeridade-fiscal-dizem-representantes-da-onu\" target=\"_blank\" rel=\"noopener noreferrer\">investimentos p\u00fablicos<\/a> e a aprova\u00e7\u00e3o da <a class=\"internal-link\" title=\"\" href=\"https:\/\/www.redebrasilatual.com.br\/cidadania\/2018\/07\/brasil-tera-dificuldades-de-cumprir-metas-de-desenvolvimento-sustentavel-ate-2030\" target=\"_blank\" rel=\"noopener noreferrer\">Emenda Constitucional (EC) 95<\/a>, que estabeleceu congelamento para gastos, como pol\u00edtica de recupera\u00e7\u00e3o econ\u00f4mica. As cr\u00edticas a medidas promovidas pelo governo Temer e defendidas por alguns dos <a class=\"internal-link\" title=\"\" href=\"https:\/\/www.redebrasilatual.com.br\/politica\/2018\/08\/conheca-os-candidatos-a-presidente-em-outubro-de-2018\" target=\"_blank\" rel=\"noopener noreferrer\">candidatos<\/a> \u00e0 Presid\u00eancia da Rep\u00fablica foram feitas durante debate organizado na sexta-feira (10) pela Confedera\u00e7\u00e3o Nacional dos Trabalhadores Liberais e Universit\u00e1rios Regulamentados (CNTU), para discutir temas centrais deste ano, como as elei\u00e7\u00f5es, a democracia, o trabalho e o desenvolvimento no Brasil.<\/p>\n<p class=\" \">\u201cSe voc\u00ea olhar os principais pa\u00edses, ningu\u00e9m partiu para uma pol\u00edtica de austeridade com a economia desacelerando ou em crise\u201d, analisa o professor do Instituto de Economia da Universidade Estadual de Campinas (Unicamp) Denis Maracci Gimenez, em refer\u00eancia \u00e0 EC 95, o que ele v\u00ea como uma contradi\u00e7\u00e3o em termos de tend\u00eancia global. \u201cTodos n\u00f3s sabemos que isso, ao inv\u00e9s de resolver, agrava os problemas da economia.\u201d<\/p>\n<p class=\" \">Al\u00e9m da preocupa\u00e7\u00e3o com a retoma econ\u00f4mica, os participantes tamb\u00e9m fizeram cr\u00edticas ao <a class=\"internal-link\" title=\"\" href=\"https:\/\/www.redebrasilatual.com.br\/saude\/2018\/07\/associacao-de-saude-coletiva-defesa-do-sus-da-democracia-e-contra-a-barbarie\" target=\"_blank\" rel=\"noopener noreferrer\">desmonte do Sistema \u00danico de Sa\u00fade (SUS)<\/a>, \u00e0\u00a0<a class=\"internal-link\" title=\"\" href=\"https:\/\/www.redebrasilatual.com.br\/economia\/2018\/07\/privatizacao-da-cepisa-deve-causar-demissoes-e-precarizacao-dos-servicos\" target=\"_blank\" rel=\"noopener noreferrer\">privatiza\u00e7\u00e3o de empresas p\u00fablicas<\/a>, aos <a class=\"internal-link\" title=\"\" href=\"https:\/\/www.redebrasilatual.com.br\/politica\/2018\/08\/na-fiesp-trabalhadores-pedem-lula-livre-e-revogacao-da-reforma-trabalhista\" target=\"_blank\" rel=\"noopener noreferrer\">impactos da \u201creforma&#8221; trabalhista<\/a>\u00a0e \u00e0 tentativa de &#8220;<a class=\"internal-link\" title=\"\" href=\"https:\/\/www.redebrasilatual.com.br\/trabalho\/2018\/07\/pesquisadores-apontam-efeito-devastador-da-reforma-trabalhista-de-temer\" target=\"_blank\" rel=\"noopener noreferrer\">reforma<\/a>&#8221; da Previd\u00eancia, especulada como um dos poss\u00edveis temas a serem tratados no governo transit\u00f3rio, que passar\u00e1 a atual gest\u00e3o para o candidato eleito nestas elei\u00e7\u00f5es.\u00a0O professor da Funda\u00e7\u00e3o Escola de Sociologia e Pol\u00edtica de S\u00e3o Paulo (Fespsp) Aldo Fornazieri advertiu ainda ao rep\u00f3rter J\u00f4 Miyagui, do <i>Seu Jornal<\/i>, da <b>TVT<\/b>, para o perfil de candidato que atenda o \u201ccompromisso, a seriedade e comprometimento com as causas populares\u201d, como o ideal para frear as pol\u00edticas neoliberais e defender os interesses da popula\u00e7\u00e3o.<\/p>\n<p class=\" \">\u00a0<\/p>\n<p class=\" \"><strong>FONTE: Rede Brasil Atual<\/strong><\/p>\n","protected":false},"excerpt":{"rendered":"<p>Economistas e pesquisadores contestaram a redu\u00e7\u00e3o em investimentos p\u00fablicos e a aprova\u00e7\u00e3o da Emenda Constitucional (EC) 95, que estabeleceu congelamento para gastos, como pol\u00edtica de recupera\u00e7\u00e3o econ\u00f4mica. As cr\u00edticas a medidas promovidas pelo governo Temer e defendidas por alguns dos candidatos \u00e0 Presid\u00eancia da Rep\u00fablica foram feitas durante debate organizado na sexta-feira (10) pela Confedera\u00e7\u00e3o [&hellip;]<\/p>\n","protected":false},"author":2,"featured_media":5026,"comment_status":"","ping_status":"","sticky":false,"template":"","format":"standard","meta":{"footnotes":""},"categories":[3],"tags":[],"class_list":["post-5027","post","type-post","status-publish","format-standard","has-post-thumbnail","hentry","category-noticias"],"_links":{"self":[{"href":"https:\/\/hostnetart.com.br\/baixada\/wp-json\/wp\/v2\/posts\/5027","targetHints":{"allow":["GET"]}}],"collection":[{"href":"https:\/\/hostnetart.com.br\/baixada\/wp-json\/wp\/v2\/posts"}],"about":[{"href":"https:\/\/hostnetart.com.br\/baixada\/wp-json\/wp\/v2\/types\/post"}],"author":[{"embeddable":true,"href":"https:\/\/hostnetart.com.br\/baixada\/wp-json\/wp\/v2\/users\/2"}],"replies":[{"embeddable":true,"href":"https:\/\/hostnetart.com.br\/baixada\/wp-json\/wp\/v2\/comments?post=5027"}],"version-history":[{"count":0,"href":"https:\/\/hostnetart.com.br\/baixada\/wp-json\/wp\/v2\/posts\/5027\/revisions"}],"wp:featuredmedia":[{"embeddable":true,"href":"https:\/\/hostnetart.com.br\/baixada\/wp-json\/wp\/v2\/media\/5026"}],"wp:attachment":[{"href":"https:\/\/hostnetart.com.br\/baixada\/wp-json\/wp\/v2\/media?parent=5027"}],"wp:term":[{"taxonomy":"category","embeddable":true,"href":"https:\/\/hostnetart.com.br\/baixada\/wp-json\/wp\/v2\/categories?post=5027"},{"taxonomy":"post_tag","embeddable":true,"href":"https:\/\/hostnetart.com.br\/baixada\/wp-json\/wp\/v2\/tags?post=5027"}],"curies":[{"name":"wp","href":"https:\/\/api.w.org\/{rel}","templated":true}]}}