{"id":5021,"date":"2018-08-13T13:43:45","date_gmt":"2018-08-13T16:43:45","guid":{"rendered":"https:\/\/hostnetart.com.br\/baixada\/bancarios-de-todo-o-pais-paralisam-agencias-no-dia-do-basta\/"},"modified":"2018-08-13T13:43:45","modified_gmt":"2018-08-13T16:43:45","slug":"bancarios-de-todo-o-pais-paralisam-agencias-no-dia-do-basta","status":"publish","type":"post","link":"https:\/\/hostnetart.com.br\/baixada\/bancarios-de-todo-o-pais-paralisam-agencias-no-dia-do-basta\/","title":{"rendered":"Banc\u00e1rios de todo o pa\u00eds paralisam ag\u00eancias no Dia do Basta"},"content":{"rendered":"<div class=\"content\">\n<p>Banc\u00e1rios de todo o pa\u00eds se uniram as demais categorias para realizar o Dia do Basta, nesta sexta-feira (10). A categoria banc\u00e1ria foi \u00e0s ruas para dialogar com a popula\u00e7\u00e3o e entregou panfletos informativos sobre os ataques que o governo Temer est\u00e1 promovendo contra a classe trabalhadora e a democracia. Algumas ag\u00eancias banc\u00e1rias tiveram as suas atividades paralisadas at\u00e9 \u00e0s 12h. \u00a0<\/p>\n<p>A presidenta da Confedera\u00e7\u00e3o Nacional dos Trabalhadores do Ramo Financeiro (Contraf-CUT) parabenizou o engajamento da categoria banc\u00e1ria nas mobiliza\u00e7\u00f5es. \u201cQuero parabenizar os banc\u00e1rios de todo Brasil pela massiva participa\u00e7\u00e3o no dia do Basta! Por lutarem contra o desemprego, contra a retirada de direitos, contra o desmonte das empresas p\u00fablicas, contra o aumento dos combust\u00edveis e tamb\u00e9m pelo recado aos banqueiros que n\u00e3o aceitaremos nenhum direito a menos\u201d, afirmou.<\/p>\n<p>A data, que contou com a participa\u00e7\u00e3o da Contraf-CUT, da Central \u00danica dos Trabalhadores (CUT), demais centrais sindicais e das frentes Brasil Popular e Povo Sem Medo, foi marcada por atos e paralisa\u00e7\u00f5es em protesto contra o desemprego, os pre\u00e7os abusivos do g\u00e1s de cozinha e da gasolina, as privatiza\u00e7\u00f5es e os retrocessos sociais e trabalhistas. \u00a0<\/p>\n<p>Os banc\u00e1rios tamb\u00e9m pressionaram a Federa\u00e7\u00e3o Nacional dos Bancos (Fenaban), por melhores propostas na negocia\u00e7\u00e3o marcada para o pr\u00f3ximo dia 17. \u00a0A Campanha Nacional dos Banc\u00e1rios 2018 reivindica a reposi\u00e7\u00e3o da infla\u00e7\u00e3o para sal\u00e1rios e demais verbas, e a garantias contra as novas formas de contrata\u00e7\u00e3o prec\u00e1rias da reforma trabalhista.<\/p>\n<p>De acordo com Juvandia Moreira, que tamb\u00e9m \u00e9 uma das coordenadoras do Comando Nacional dos Banc\u00e1rios, o Dia do Basta faz parte do calend\u00e1rio da Campanha Nacional da categoria. \u201cEsse dia de protestos nos prepara para negocia\u00e7\u00e3o que vai acontecer no dia 17. O que os banc\u00e1rios disseram no Brasil todo nas assembleias, <a href=\"http:\/\/www.contrafcut.org.br\/noticias\/bancarios-rejeitam-proposta-da-fenaban-e-aprovam-paralisacao-parcial-no-dia-do-b-d445\">realizadas no dia 8<\/a>, \u00e9 que n\u00e3o vamos aceitar nenhum direito a menos e que queremos aumento real e melhorar a participa\u00e7\u00e3o nos lucros e resultados&#8221;, finalizou.\u00a0<\/p>\n<p>Clique <strong><a href=\"http:\/\/contrafcut.org.br\/fotos\/dia-do-basta-b3f2\">aqui <\/a><\/strong>e veja como foi o Dia do Basta em todo o pa\u00eds.\u00a0<\/p>\n<p><strong>Veja como foram as atividades em alguns estados:<\/strong><\/p>\n<p><a href=\"http:\/\/contrafcut.org.br\/noticias\/bancarios-param-contra-retrocessos-e-proposta-da-fenaban-293e\">&gt; Banc\u00e1rios de S\u00e3o Paulo param contra retrocessos e proposta da Fenaban<\/a><\/p>\n<p><a href=\"http:\/\/contrafcut.org.br\/noticias\/bancarios-fazem-paralisacao-para-pressionar-fenaban-e-protestar-contra-temer-ceb0\">&gt; Banc\u00e1rios do Rio de Janeiro\u00a0fazem paralisa\u00e7\u00e3o para pressionar Fenaban e protestar contra Temer<\/a><\/p>\n<p><a href=\"http:\/\/contrafcut.org.br\/noticias\/bancarios-de-porto-alegre-realizam-dia-do-basta-a7a5\">&gt; Banc\u00e1rios de Porto Alegre realizam Dia do Basta<\/a><\/p>\n<p><a href=\"http:\/\/contrafcut.org.br\/noticias\/bancarios-dizem-basta-a-retirada-de-direitos-com-grande-mobilizacao-em-belo-hori-e62d\">&gt; Banc\u00e1rios dizem basta \u00e0 retirada de direitos com grande mobiliza\u00e7\u00e3o em Belo Horizonte<\/a><\/p>\n<p> \u00a0<\/p>\n<\/div>\n<p id=\"page-author\"><span style=\"text-decoration: underline;\"><em><strong>Fonte: Contraf-CUT<\/strong><\/em><\/span><\/p>\n","protected":false},"excerpt":{"rendered":"<p>Banc\u00e1rios de todo o pa\u00eds se uniram as demais categorias para realizar o Dia do Basta, nesta sexta-feira (10). A categoria banc\u00e1ria foi \u00e0s ruas para dialogar com a popula\u00e7\u00e3o e entregou panfletos informativos sobre os ataques que o governo Temer est\u00e1 promovendo contra a classe trabalhadora e a democracia. Algumas ag\u00eancias banc\u00e1rias tiveram as [&hellip;]<\/p>\n","protected":false},"author":2,"featured_media":5020,"comment_status":"","ping_status":"","sticky":false,"template":"","format":"standard","meta":{"footnotes":""},"categories":[3],"tags":[],"class_list":["post-5021","post","type-post","status-publish","format-standard","has-post-thumbnail","hentry","category-noticias"],"_links":{"self":[{"href":"https:\/\/hostnetart.com.br\/baixada\/wp-json\/wp\/v2\/posts\/5021","targetHints":{"allow":["GET"]}}],"collection":[{"href":"https:\/\/hostnetart.com.br\/baixada\/wp-json\/wp\/v2\/posts"}],"about":[{"href":"https:\/\/hostnetart.com.br\/baixada\/wp-json\/wp\/v2\/types\/post"}],"author":[{"embeddable":true,"href":"https:\/\/hostnetart.com.br\/baixada\/wp-json\/wp\/v2\/users\/2"}],"replies":[{"embeddable":true,"href":"https:\/\/hostnetart.com.br\/baixada\/wp-json\/wp\/v2\/comments?post=5021"}],"version-history":[{"count":0,"href":"https:\/\/hostnetart.com.br\/baixada\/wp-json\/wp\/v2\/posts\/5021\/revisions"}],"wp:featuredmedia":[{"embeddable":true,"href":"https:\/\/hostnetart.com.br\/baixada\/wp-json\/wp\/v2\/media\/5020"}],"wp:attachment":[{"href":"https:\/\/hostnetart.com.br\/baixada\/wp-json\/wp\/v2\/media?parent=5021"}],"wp:term":[{"taxonomy":"category","embeddable":true,"href":"https:\/\/hostnetart.com.br\/baixada\/wp-json\/wp\/v2\/categories?post=5021"},{"taxonomy":"post_tag","embeddable":true,"href":"https:\/\/hostnetart.com.br\/baixada\/wp-json\/wp\/v2\/tags?post=5021"}],"curies":[{"name":"wp","href":"https:\/\/api.w.org\/{rel}","templated":true}]}}