{"id":5019,"date":"2018-08-10T17:27:39","date_gmt":"2018-08-10T20:27:39","guid":{"rendered":"https:\/\/hostnetart.com.br\/baixada\/em-todos-os-estados-trabalhadores-se-mobilizam-contra-retrocessos\/"},"modified":"2018-08-10T17:27:39","modified_gmt":"2018-08-10T20:27:39","slug":"em-todos-os-estados-trabalhadores-se-mobilizam-contra-retrocessos","status":"publish","type":"post","link":"https:\/\/hostnetart.com.br\/baixada\/em-todos-os-estados-trabalhadores-se-mobilizam-contra-retrocessos\/","title":{"rendered":"Em todos os estados, trabalhadores se mobilizam contra retrocessos"},"content":{"rendered":"<div class=\"content\">\n<p>Basta de desemprego, de pre\u00e7os abusivos do g\u00e1s de cozinha e gasolina, basta de privatiza\u00e7\u00f5es, de retrocessos sociais e trabalhistas, basta de arrocho salarial e de desmandos! \u00c9 o que exigiram trabalhadoras e trabalhadores em todo o pa\u00eds desde a madrugada desta sexta-feira (10), no Dia Nacional do Basta, com paralisa\u00e7\u00f5es, atrasos de turnos, panfletagens, di\u00e1logo com a popula\u00e7\u00e3o e atos em diversas capitais.<\/p>\n<p>Em algumas cidades, como Sorocaba, no interior de S\u00e3o Paulo, Natal, no Rio Grande do Norte, e Feira de Santana, na Bahia, os rodovi\u00e1rios n\u00e3o sa\u00edram das garagens nesta manh\u00e3. Os trabalhadores e trabalhadoras das empresas Rosa, S\u00e3o Jo\u00e3o e Lira aderiram ao Dia do Basta e a paralisa\u00e7\u00e3o atingiu 44 cidades da regi\u00e3o de Sorocaba.<\/p>\n<p>Em Natal, motoristas e cobradores de \u00f4nibus urbanos e intermunicipais paralisaram as atividades por duas horas em protesto contra a onda de retrocessos que ataca os direitos da classe trabalhadora desde o golpe de 2016 e para reivindicar dos patr\u00f5es o aumento no valor do vale-alimenta\u00e7\u00e3o.<\/p>\n<p>Os\u00a0<ins><strong><a href=\"https:\/\/www.cut.org.br\/noticias\/metalurgicos-do-abc-paralisam-fabricas-na-regiao-e-vao-para-ato-na-paulista-21a8\" target=\"_blank\" rel=\"noopener noreferrer\">metal\u00fargicos do ABC Paulista realizaram assembleia<\/a><\/strong><\/ins>\u00a0nos locais de trabalho \u00e0s 5h da manh\u00e3 e atrasaram a entrada nas f\u00e1bricas. Em seguida, mais de 12 \u00f4nibus sa\u00edram da regi\u00e3o rumo ao ato unificado na Avenida Paulista, em frente \u00e0 sede da Fiesp, para se juntar aos banc\u00e1rios, servidores municipais, estaduais e federais, trabalhadores da sa\u00fade, entre outras categorias que se concentram na capital paulista para um grande ato neste Dia do Basta.<\/p>\n<p><ins><strong><a href=\"https:\/\/www.cut.org.br\/noticias\/na-capital-baiana-caminhada-contra-retrocessos-para-a-rua-do-comercio-b237\" target=\"_blank\" rel=\"noopener noreferrer\">Na Bahia, o dia tamb\u00e9m come\u00e7ou cedo<\/a><\/strong><\/ins>. Foram realizadas, por volta das 5h da manh\u00e3, assembleias nos locais de trabalho para dialogar com os trabalhadores sobre a import\u00e2ncia da luta contra os ataques aos direitos sociais e trabalhistas.<\/p>\n<p>Trabalhadores das f\u00e1bricas, lojas e refinarias da Petrobras, onde as mobiliza\u00e7\u00f5es foram fortes, se concentraram no centro de Salvador para uma caminhada que come\u00e7ou no Mercado Modelo e seguiu pela Rua do Com\u00e9rcio, onde tudo ficou fechado.<\/p>\n<p><strong>PERNAMBUCO<\/strong><br \/>Em\u00a0<ins><strong><a href=\"https:\/\/www.cut.org.br\/noticias\/em-pe-trabalhadores-fizeram-atos-em-suape-e-em-varias-rodovias-e195\" target=\"_blank\" rel=\"noopener noreferrer\">Pernambuco<\/a><\/strong><\/ins>, os petroleiros e petroleiras fizeram uma manifesta\u00e7\u00e3o em frente \u00e0 Refinaria Abreu e Lima e \u00e0 Transpetro Suape. Diversas rodovias foram fechadas no estado pelos movimentos populares, entre elas, a BR 232, na altura do Parque Aqu\u00e1tico, em Moreno, e na altura da BR 232 Vit\u00f3ria \u2013 Galileia; BR 408 Nazar\u00e9 &#8211; Mata Norte e Louren\u00e7o.<\/p>\n<p>Em Recife, os servidores decidiram parar as atividades e est\u00e3o fechadas as ag\u00eancia do INSS do Pina, Moreno, Areias, Casa Amarela, Afogados. Ag\u00eancias dos munic\u00edpios do Cabo e Paulista tamb\u00e9m est\u00e3o paradas.<\/p>\n<p>Em S\u00e3o Bento do Una, no interior do estado, os servidores da educa\u00e7\u00e3o est\u00e3o totalmente parados e os servidores da sa\u00fade paralisaram parcialmente as atividades nesta sexta-feira. A cidade foi tomada por cavaletes e faixas contra os retrocessos.<\/p>\n<p><strong>PARAN\u00c1<\/strong><br \/>No Paran\u00e1, as ag\u00eancias banc\u00e1rias amanheceram paralisadas em Curitiba, Londrina, Corn\u00e9lio Proc\u00f3pio, Apucarana, Arapoti, Umuarama, Guarapuava, Toledo, Campo Mour\u00e3o e Paranava\u00ed.<\/p>\n<p>Em Arauc\u00e1ria, os petroleiros e petroleiras da Refinaria Presidente Get\u00falio Vargas realizaram uma assembleia nesta manh\u00e3 e atrasaram a entrada do primeiro turno em duas horas, contra a privatiza\u00e7\u00e3o da Petrobras e os pre\u00e7os abusivos dos combust\u00edveis e g\u00e1s de cozinha.<\/p>\n<p>Na capital paranaense, os trabalhadores tamb\u00e9m realizaram manifesta\u00e7\u00e3o em frente \u00e0 Federa\u00e7\u00e3o das Ind\u00fastrias do Estado do Paran\u00e1 (FIEP).<\/p>\n<p><strong>RIO DE JANEIRO<\/strong><br \/>No Rio de Janeiro, a categoria petroleira paralisou as atividades nesta manh\u00e3, por volta das 6h, na Refinaria Duque de Caxias (Reduc) e na base da Petrobras de Imbetiba, em Maca\u00e9.<\/p>\n<p>As ag\u00eancias banc\u00e1rias permanecer\u00e3o fechadas at\u00e9 12h no centro do Rio de Janeiro. Ag\u00eancias da Caixa Econ\u00f4mica Federal tamb\u00e9m ficaram fechadas nesta manh\u00e3 em Teres\u00f3polis e no bairro Aterrado, no Sul Fluminense. Em Angra dos Reis, os portu\u00e1rios realizaram panfletagem pela manh\u00e3.<\/p>\n<p><strong>CEAR\u00c1<\/strong><br \/>Em Fortaleza, no Cear\u00e1, houve uma caminhada pelas ruas do centro na luta por um Brasil com mais empregos, sem desmontes, sem privatiza\u00e7\u00f5es, com mais cidadania e pelo direito do ex-presidente Lula ser candidato nas elei\u00e7\u00f5es deste ano.<\/p>\n<p><strong>BAHIA<\/strong><br \/>Na Bahia, al\u00e9m da caminhada e do fechamento do com\u00e9rcio na regi\u00e3o central de Salvador, os qu\u00edmicos do Polo Petroqu\u00edmico, em Cama\u00e7ari, paralisaram as atividades nesta manh\u00e3. Os trabalhadores tamb\u00e9m cruzaram os bra\u00e7os pela manh\u00e3 na Companhia Hidrel\u00e9trica do S\u00e3o Francisco (Chesf), em Salvador.<\/p>\n<p>Em Feira de Santana, banc\u00e1rios, que est\u00e3o em campanha salarial e podem deflagrar greve em setembro, aderiram \u00e0s paralisa\u00e7\u00f5es do Dia do Basta e as ag\u00eancias s\u00f3 abrir\u00e3o \u00e0s 12h.<\/p>\n<p><strong>PAR\u00c1<\/strong><br \/>No Par\u00e1, mais de 3 mil pessoas, entre banc\u00e1rios, professores, trabalhadores rurais, dos Correios e estudantes, realizaram um ato p\u00fablico em frente ao Banco da Amaz\u00f4nia nesta sexta-feira (10).<\/p>\n<p><strong>MARANH\u00c3O<\/strong><br \/>No Maranh\u00e3o, houve concentra\u00e7\u00e3o em frente a Universidade Federal do Maranh\u00e3o (UFMA) para dialogar com a popula\u00e7\u00e3o e exigir um basta \u00e0s mazelas que o governo ileg\u00edtimo e golpista de Michel Temer (MDB-SP) est\u00e1 promovendo no pa\u00eds.<\/p>\n<p><strong>SANTA CATARINA<\/strong><br \/><ins><strong><a href=\"https:\/\/www.cut.org.br\/noticias\/santa-catarina-diz-basta-para-os-retrocessos-de-temer-789b\" target=\"_blank\" rel=\"noopener noreferrer\">Em Santa Catarina<\/a><\/strong><\/ins>, nos munic\u00edpios de Jaragu\u00e1 do Sul e Guaramirim, a mobiliza\u00e7\u00e3o come\u00e7ou \u00e0s 7h com panfletagens e assembleias nos locais de trabalho. Em S\u00e3o Bento do Sul, a panfletagem tamb\u00e9m iniciou cedo nas portas de f\u00e1brica, com a participa\u00e7\u00e3o de mais de 1.400 trabalhadores e trabalhadoras.<\/p>\n<p>Em Florian\u00f3polis, na capital catarinense, as atividades come\u00e7aram cedo na Pra\u00e7a XV, com o fechamento das ag\u00eancias banc\u00e1rias, que ficaram paradas das 8h30 \u00e0s 12h. Al\u00e9m disso, ocorreram panfletagens no com\u00e9rcio e no centro para chamar a popula\u00e7\u00e3o para o ato do Dia do Basta, que acontecer\u00e1 a partir das 15h, na Udesc.<\/p>\n<p><ins><strong><a href=\"https:\/\/www.cut.org.br\/noticias\/santa-catarina-diz-basta-para-os-retrocessos-de-temer-789b\" target=\"_blank\" rel=\"noopener noreferrer\">Panfletagens tamb\u00e9m ocorreram<\/a><\/strong><\/ins>\u00a0em Crici\u00fama, Joinville, Nova Erechim, Blumenau, Api\u00fana, Lages, Curitibanos, Xanxer\u00ea, Conc\u00f3rdia e Chapec\u00f3.<\/p>\n<p><strong>ESP\u00cdRITO SANTO<\/strong><br \/>Em Vit\u00f3ria, uma carretada percorreu as ruas da capital na manh\u00e3 desta sexta-feira. Os portu\u00e1rios tamb\u00e9m aderiram \u00e0s mobiliza\u00e7\u00f5es e realizaram assembleias, panfletagens e di\u00e1logo com a popula\u00e7\u00e3o.<\/p>\n<p><strong>RIO GRANDE DO SUL<\/strong><br \/>No\u00a0<ins><strong><a href=\"https:\/\/www.cut.org.br\/noticias\/no-rs-nem-o-frio-impediu-que-trabalhadores-dessem-um-basta-ao-retrocesso-cab0\" target=\"_blank\" rel=\"noopener noreferrer\">Rio Grande do Sul<\/a><\/strong><\/ins>, ag\u00eancias banc\u00e1rias do centro da cidade ficaram fechadas at\u00e9 \u00e0s 11h da manh\u00e3. Por volta das 7h, diversas categorias como banc\u00e1rios, professores e servidores p\u00fablicos estaduais e municipais, com apoio de todas as centrais sindicais, se concentraram diante da Federa\u00e7\u00e3o do Com\u00e9rcio (Fecom\u00e9rcio), no centro da cidade, onde realizaram um ato com caminhada em defesa dos direitos dos trabalhadores.<\/p>\n<p><strong>S\u00c3O PAULO<\/strong><br \/>Em S\u00e3o Paulo, al\u00e9m do ato na Avenida Paulista, que reuniu diversas categorias para exigir um basta de retrocessos e retirada de direitos, teve assembleia em v\u00e1rias cidades da grande S\u00e3o Paulo e do interior.<\/p>\n<p>No ABC paulista, al\u00e9m da mobiliza\u00e7\u00e3o dos metal\u00fargicos, teve atraso de turno nas empresas do ramo qu\u00edmico. Em Diadema, a paralisa\u00e7\u00e3o foi na Sanko. J\u00e1 em Mau\u00e1, o protesto dos trabalhadores ocorreu na Refinaria de Capuava. Petroleiros tamb\u00e9m realizaram assembleia com atraso de turno na Refinaria de Paul\u00ednia (Replan), no interior de S\u00e3o Paulo.<\/p>\n<p>Os eletricit\u00e1rios da base do Sinergia-CUT realizaram assembleias e atrasos de turno em Campinas, Bragan\u00e7a Paulista, Tatu\u00ed, S\u00e3o Jo\u00e3o da Boa Vista, S\u00e3o Carlos, na Cesp de Porto Primavera, Presidente Epit\u00e1cio, Presidente Prudente e S\u00e3o Jos\u00e9 do Rio Pardo.<\/p>\n<p>Em Taubat\u00e9, no distrito de Piracangagua, metal\u00fargicos, qu\u00edmicos, trabalhadores da refei\u00e7\u00e3o coletiva e condutores tamb\u00e9m aderiram \u00e0s mobiliza\u00e7\u00f5es do Dia do Basta.<\/p>\n<\/div>\n<p id=\"page-author\"><span style=\"text-decoration: underline;\"><em><strong>Fonte: CUT, com edi\u00e7\u00f5es da Contraf-CUT<\/strong><\/em><\/span><\/p>\n","protected":false},"excerpt":{"rendered":"<p>Basta de desemprego, de pre\u00e7os abusivos do g\u00e1s de cozinha e gasolina, basta de privatiza\u00e7\u00f5es, de retrocessos sociais e trabalhistas, basta de arrocho salarial e de desmandos! \u00c9 o que exigiram trabalhadoras e trabalhadores em todo o pa\u00eds desde a madrugada desta sexta-feira (10), no Dia Nacional do Basta, com paralisa\u00e7\u00f5es, atrasos de turnos, panfletagens, [&hellip;]<\/p>\n","protected":false},"author":2,"featured_media":5018,"comment_status":"","ping_status":"","sticky":false,"template":"","format":"standard","meta":{"footnotes":""},"categories":[3],"tags":[],"class_list":["post-5019","post","type-post","status-publish","format-standard","has-post-thumbnail","hentry","category-noticias"],"_links":{"self":[{"href":"https:\/\/hostnetart.com.br\/baixada\/wp-json\/wp\/v2\/posts\/5019","targetHints":{"allow":["GET"]}}],"collection":[{"href":"https:\/\/hostnetart.com.br\/baixada\/wp-json\/wp\/v2\/posts"}],"about":[{"href":"https:\/\/hostnetart.com.br\/baixada\/wp-json\/wp\/v2\/types\/post"}],"author":[{"embeddable":true,"href":"https:\/\/hostnetart.com.br\/baixada\/wp-json\/wp\/v2\/users\/2"}],"replies":[{"embeddable":true,"href":"https:\/\/hostnetart.com.br\/baixada\/wp-json\/wp\/v2\/comments?post=5019"}],"version-history":[{"count":0,"href":"https:\/\/hostnetart.com.br\/baixada\/wp-json\/wp\/v2\/posts\/5019\/revisions"}],"wp:featuredmedia":[{"embeddable":true,"href":"https:\/\/hostnetart.com.br\/baixada\/wp-json\/wp\/v2\/media\/5018"}],"wp:attachment":[{"href":"https:\/\/hostnetart.com.br\/baixada\/wp-json\/wp\/v2\/media?parent=5019"}],"wp:term":[{"taxonomy":"category","embeddable":true,"href":"https:\/\/hostnetart.com.br\/baixada\/wp-json\/wp\/v2\/categories?post=5019"},{"taxonomy":"post_tag","embeddable":true,"href":"https:\/\/hostnetart.com.br\/baixada\/wp-json\/wp\/v2\/tags?post=5019"}],"curies":[{"name":"wp","href":"https:\/\/api.w.org\/{rel}","templated":true}]}}