{"id":5017,"date":"2018-08-10T17:22:46","date_gmt":"2018-08-10T20:22:46","guid":{"rendered":"https:\/\/hostnetart.com.br\/baixada\/bancarios-da-baixada-fluminense-participam-do-dia-do-basta-nesta-sexta-feira-dia-10\/"},"modified":"2018-08-10T17:22:46","modified_gmt":"2018-08-10T20:22:46","slug":"bancarios-da-baixada-fluminense-participam-do-dia-do-basta-nesta-sexta-feira-dia-10","status":"publish","type":"post","link":"https:\/\/hostnetart.com.br\/baixada\/bancarios-da-baixada-fluminense-participam-do-dia-do-basta-nesta-sexta-feira-dia-10\/","title":{"rendered":"Banc\u00e1rios da Baixada Fluminense participam do &#8220;Dia do Basta&#8221; nesta sexta-feira, dia 10"},"content":{"rendered":"<p>Basta de desemprego, basta de privatiza\u00e7\u00f5es, de retrocessos sociais e trabalhistas, basta de arrocho salarial e de desmandos! \u00c9 o que exigiram banc\u00e1rias e banc\u00e1rios na Baixada Fluminense, que percorreram diversas ag\u00eancias em Duque de Caxias e Nova Igua\u00e7u, e em todo o pa\u00eds desta sexta-feira (10), no &#8220;Dia Nacional do Basta&#8221;, com paralisa\u00e7\u00f5es, atrasos de turnos, panfletagens, di\u00e1logo com a popula\u00e7\u00e3o e atos em diversas capitais.<\/p>\n","protected":false},"excerpt":{"rendered":"<p>Basta de desemprego, basta de privatiza\u00e7\u00f5es, de retrocessos sociais e trabalhistas, basta de arrocho salarial e de desmandos! \u00c9 o que exigiram banc\u00e1rias e banc\u00e1rios na Baixada Fluminense, que percorreram diversas ag\u00eancias em Duque de Caxias e Nova Igua\u00e7u, e em todo o pa\u00eds desta sexta-feira (10), no &#8220;Dia Nacional do Basta&#8221;, com paralisa\u00e7\u00f5es, atrasos [&hellip;]<\/p>\n","protected":false},"author":2,"featured_media":5016,"comment_status":"","ping_status":"","sticky":false,"template":"","format":"standard","meta":{"footnotes":""},"categories":[3],"tags":[],"class_list":["post-5017","post","type-post","status-publish","format-standard","has-post-thumbnail","hentry","category-noticias"],"_links":{"self":[{"href":"https:\/\/hostnetart.com.br\/baixada\/wp-json\/wp\/v2\/posts\/5017","targetHints":{"allow":["GET"]}}],"collection":[{"href":"https:\/\/hostnetart.com.br\/baixada\/wp-json\/wp\/v2\/posts"}],"about":[{"href":"https:\/\/hostnetart.com.br\/baixada\/wp-json\/wp\/v2\/types\/post"}],"author":[{"embeddable":true,"href":"https:\/\/hostnetart.com.br\/baixada\/wp-json\/wp\/v2\/users\/2"}],"replies":[{"embeddable":true,"href":"https:\/\/hostnetart.com.br\/baixada\/wp-json\/wp\/v2\/comments?post=5017"}],"version-history":[{"count":0,"href":"https:\/\/hostnetart.com.br\/baixada\/wp-json\/wp\/v2\/posts\/5017\/revisions"}],"wp:featuredmedia":[{"embeddable":true,"href":"https:\/\/hostnetart.com.br\/baixada\/wp-json\/wp\/v2\/media\/5016"}],"wp:attachment":[{"href":"https:\/\/hostnetart.com.br\/baixada\/wp-json\/wp\/v2\/media?parent=5017"}],"wp:term":[{"taxonomy":"category","embeddable":true,"href":"https:\/\/hostnetart.com.br\/baixada\/wp-json\/wp\/v2\/categories?post=5017"},{"taxonomy":"post_tag","embeddable":true,"href":"https:\/\/hostnetart.com.br\/baixada\/wp-json\/wp\/v2\/tags?post=5017"}],"curies":[{"name":"wp","href":"https:\/\/api.w.org\/{rel}","templated":true}]}}