{"id":5015,"date":"2018-08-09T19:22:16","date_gmt":"2018-08-09T22:22:16","guid":{"rendered":"https:\/\/hostnetart.com.br\/baixada\/desmonte-dos-bancos-publicos-quem-mais-perde-e-a-sociedade-brasileira\/"},"modified":"2018-08-09T19:22:16","modified_gmt":"2018-08-09T22:22:16","slug":"desmonte-dos-bancos-publicos-quem-mais-perde-e-a-sociedade-brasileira","status":"publish","type":"post","link":"https:\/\/hostnetart.com.br\/baixada\/desmonte-dos-bancos-publicos-quem-mais-perde-e-a-sociedade-brasileira\/","title":{"rendered":"Desmonte dos bancos p\u00fablicos: quem mais perde \u00e9 a sociedade brasileira"},"content":{"rendered":"<div class=\"content\">\n<p>\u201cSem os bancos p\u00fablicos, pol\u00edticas habitacionais para a baixa renda deixar\u00e3o de existir\u201d. A declara\u00e7\u00e3o, taxativa, \u00e9 de Miguel Lobato, do Movimento Nacional de Luta pela Moradia, durante audi\u00eancia p\u00fablica na Comiss\u00e3o de Direitos Humanos e Legisla\u00e7\u00e3o Participativa (CDH) do Senado que discutiu o desmonte dessas institui\u00e7\u00f5es. Na opini\u00e3o dele, a pr\u00f3pria amea\u00e7a de pulverizar os recursos do FGTS no sistema financeiro pode acabar com o investimento em moradia para os mais carentes. \u201cO Minist\u00e9rio da Cidades n\u00e3o vai conseguir pagar nem o que j\u00e1 foi contratado e que j\u00e1 est\u00e1 em obras, quanto mais realizar novos investimentos\u201d, criticou.<\/p>\n<p>Ao detalhar a participa\u00e7\u00e3o da Caixa no total de financiamentos habitacionais e de saneamento, Jair Pedro Ferreira, presidente da Fenae, salientou a import\u00e2ncia de ocupar todos os espa\u00e7os para esclarecer a sociedade brasileira sobre o papel dos bancos p\u00fablicos no desenvolvimento do pa\u00eds. \u201cAs pessoas precisam saber que o desmonte dessas institui\u00e7\u00f5es significa retirar a grande ferramenta de financiamento habitacional e de saneamento, de pol\u00edticas sociais fundamentais para movimentar a economia do pa\u00eds\u201d, salientou. Cerca de 56% da carteira de cr\u00e9dito habitacional vem de recursos do FGTS, um patrim\u00f4nio do trabalhador que est\u00e1 sob a mira do sistema financeiro. Recentemente, a Fenae obteve uma vit\u00f3ria no STF, uma liminar em a\u00e7\u00e3o que impede a privatiza\u00e7\u00e3o de empresas p\u00fablicas sem o aval do Legislativo.<\/p>\n<p>S\u00e9rgio Takemoto, vice-presidente da Fenae, lembrou que nos \u00faltimos anos os bancos p\u00fablicos passaram a ter import\u00e2ncia vital para a implementa\u00e7\u00e3o de pol\u00edticas de governo e que o fechamento de ag\u00eancias, as demiss\u00f5es e os ataques \u00e0 sua efici\u00eancia s\u00e3o estrat\u00e9gias para justificar o discurso de desmonte e atender ao mercado financeiro. Ele acredita que s\u00f3 a mobiliza\u00e7\u00e3o da sociedade pode mudar esse quadro, al\u00e9m da elei\u00e7\u00e3o de um Congresso Nacional comprometido com as causas dos trabalhadores.<\/p>\n<p>\u201cEstamos em nossa campanha salarial e um dos pontos de pauta \u00e9 a defesa das empresas p\u00fablica. Espa\u00e7os de debate como esses s\u00e3o fundamentais para que o povo entenda os preju\u00edzos que podem vir. Ent\u00e3o, a sa\u00edda \u00e9 dialogar com a popula\u00e7\u00e3o e eleger representantes comprometidos com a agenda dos trabalhadores. \u00c9 uma tarefa dif\u00edcil, mas gostaria de citar Santo Agostinho: a esperan\u00e7a tem duas filhas lindas, a indigna\u00e7\u00e3o e a coragem; a indigna\u00e7\u00e3o nos ensina a n\u00e3o aceitar as coisas como est\u00e3o; a coragem, a mud\u00e1-las\u201d, afirmou Takemoto.<\/p>\n<p>Para Kleytton Guimar\u00e3es, diretor do Sindicato dos Banc\u00e1rios de Bras\u00edlia, os bancos p\u00fablicos s\u00e3o institui\u00e7\u00f5es que possibilitam a promo\u00e7\u00e3o do desenvolvimento social, estimulam a concorr\u00eancia e s\u00e3o indutores da atividade econ\u00f4mica. \u201cN\u00f3s estamos vendo o retorno de uma agenda neoliberal, em que a fragiliza\u00e7\u00e3o das institui\u00e7\u00f5es p\u00fablicas e os ataques \u00e0s imagens dessas empresas s\u00e3o formas de suprimir sua import\u00e2ncia\u201d, ressaltou. J\u00e1 Rita Josina Feitosa da Silva, presidente da Associa\u00e7\u00e3o dos Funcion\u00e1rios do Banco do Nordeste (BNB), ressaltou que os bancos p\u00fablicos n\u00e3o podem ser regulados exclusivamente com regras do sistema capitalista e que devem levar em considera\u00e7\u00e3o as necessidades das popula\u00e7\u00f5es que atendem.<\/p>\n<p>Ao finalizar a audi\u00eancia, a presidente da CDH, senadora Regina Sousa (PT-PI), denunciou que o governo Temer est\u00e1 promovendo um verdadeiro desmonte dos bancos p\u00fablicos e de pol\u00edticas p\u00fablicas. \u201cFechamento de ag\u00eancias, de postos de trabalho, tem levado pessoas a percorrerem mais de 150 quil\u00f4metros para receberem benef\u00edcios, para usarem um banco. Isso \u00e9 inaceit\u00e1vel\u201d, sentenciou.<\/p>\n<\/div>\n<p id=\"page-author\"><strong>Fonte: Fenae<\/strong><\/p>\n","protected":false},"excerpt":{"rendered":"<p>\u201cSem os bancos p\u00fablicos, pol\u00edticas habitacionais para a baixa renda deixar\u00e3o de existir\u201d. A declara\u00e7\u00e3o, taxativa, \u00e9 de Miguel Lobato, do Movimento Nacional de Luta pela Moradia, durante audi\u00eancia p\u00fablica na Comiss\u00e3o de Direitos Humanos e Legisla\u00e7\u00e3o Participativa (CDH) do Senado que discutiu o desmonte dessas institui\u00e7\u00f5es. Na opini\u00e3o dele, a pr\u00f3pria amea\u00e7a de pulverizar [&hellip;]<\/p>\n","protected":false},"author":2,"featured_media":5014,"comment_status":"","ping_status":"","sticky":false,"template":"","format":"standard","meta":{"footnotes":""},"categories":[3],"tags":[],"class_list":["post-5015","post","type-post","status-publish","format-standard","has-post-thumbnail","hentry","category-noticias"],"_links":{"self":[{"href":"https:\/\/hostnetart.com.br\/baixada\/wp-json\/wp\/v2\/posts\/5015","targetHints":{"allow":["GET"]}}],"collection":[{"href":"https:\/\/hostnetart.com.br\/baixada\/wp-json\/wp\/v2\/posts"}],"about":[{"href":"https:\/\/hostnetart.com.br\/baixada\/wp-json\/wp\/v2\/types\/post"}],"author":[{"embeddable":true,"href":"https:\/\/hostnetart.com.br\/baixada\/wp-json\/wp\/v2\/users\/2"}],"replies":[{"embeddable":true,"href":"https:\/\/hostnetart.com.br\/baixada\/wp-json\/wp\/v2\/comments?post=5015"}],"version-history":[{"count":0,"href":"https:\/\/hostnetart.com.br\/baixada\/wp-json\/wp\/v2\/posts\/5015\/revisions"}],"wp:featuredmedia":[{"embeddable":true,"href":"https:\/\/hostnetart.com.br\/baixada\/wp-json\/wp\/v2\/media\/5014"}],"wp:attachment":[{"href":"https:\/\/hostnetart.com.br\/baixada\/wp-json\/wp\/v2\/media?parent=5015"}],"wp:term":[{"taxonomy":"category","embeddable":true,"href":"https:\/\/hostnetart.com.br\/baixada\/wp-json\/wp\/v2\/categories?post=5015"},{"taxonomy":"post_tag","embeddable":true,"href":"https:\/\/hostnetart.com.br\/baixada\/wp-json\/wp\/v2\/tags?post=5015"}],"curies":[{"name":"wp","href":"https:\/\/api.w.org\/{rel}","templated":true}]}}