{"id":5005,"date":"2018-08-09T14:41:04","date_gmt":"2018-08-09T17:41:04","guid":{"rendered":"https:\/\/hostnetart.com.br\/baixada\/bancarios-rejeitam-proposta-da-fenaban-e-aprovam-calendario-do-comando-nacional\/"},"modified":"2018-08-09T14:41:04","modified_gmt":"2018-08-09T17:41:04","slug":"bancarios-rejeitam-proposta-da-fenaban-e-aprovam-calendario-do-comando-nacional","status":"publish","type":"post","link":"https:\/\/hostnetart.com.br\/baixada\/bancarios-rejeitam-proposta-da-fenaban-e-aprovam-calendario-do-comando-nacional\/","title":{"rendered":"Banc\u00e1rios rejeitam proposta da Fenaban e aprovam calend\u00e1rio do Comando Nacional"},"content":{"rendered":"<div class=\"content\">\n<p>Os banc\u00e1rios de todo o Brasil rejeitaram a proposta da Federa\u00e7\u00e3o Nacional dos Bancos (Fenaban), em assembleias realizadas nesta quarta-feira (8), e aprovaram o calend\u00e1rio de manifesta\u00e7\u00f5es do Comando Nacional dos Banc\u00e1rios. A categoria se reuniu nas sedes dos sindicatos para avaliar a oferta dos bancos que apenas cobre a infla\u00e7\u00e3o nos sal\u00e1rios, PLR, vales e demais verbas econ\u00f4micas, sem aumento real, feita na sexta reuni\u00e3o da mesa \u00fanica de negocia\u00e7\u00e3o, realizada na ter\u00e7a-feira (7), em S\u00e3o Paulo.<\/p>\n<p>Os banqueiros tamb\u00e9m n\u00e3o garantiram que os banc\u00e1rios n\u00e3o ser\u00e3o substitu\u00eddos por trabalhadores contratados de forma precarizada, a exemplo da terceiriza\u00e7\u00e3o. Al\u00e9m disso, querem alterar cl\u00e1usulas da Conven\u00e7\u00e3o Coletiva de Trabalho (CCT) da categoria, segundo eles, para garantir seguran\u00e7a jur\u00eddica, mas sequer apresentaram a reda\u00e7\u00e3o das modifica\u00e7\u00f5es. A pr\u00f3xima rodada de negocia\u00e7\u00e3o ficou agendada para o dia 17 de agosto (sexta-feira).<\/p>\n<p>\u201cO recado est\u00e1 dado: banc\u00e1rios querem aumento real e n\u00e3o aceitam perder direitos. N\u00e3o v\u00e3o aceitar receber PLR menor, nem ser substitu\u00eddos por trabalho precarizado,\u201d afirmou Juvandia Moreira, presidenta da Contraf-CUT e coordenadora do Comando Nacional dos Banc\u00e1rios.<\/p>\n<p><strong>Dia do Basta<\/strong><\/p>\n<p>Os banc\u00e1rios tamb\u00e9m votaram pela participa\u00e7\u00e3o no Dia do Basta, na pr\u00f3xima sexta-feira, 10 de agosto. Aprovaram paralisa\u00e7\u00e3o parcial. A abertura das ag\u00eancias e dos departamentos banc\u00e1rios ser\u00e1 retardada em protesto contra os ataques aos direitos dos trabalhadores e contra o desemprego e a retirada de direitos. O Dia do Basta foi convocado pela CUT e demais centrais sindicais, com apoio das Frentes Brasil Popular e Povo Sem Medo e de v\u00e1rios movimentos sociais.<\/p>\n<p>\u201cA categoria est\u00e1 unida aos demais trabalhadores na luta contra o desemprego que atinge mais de 13 milh\u00f5es de brasileiros e tamb\u00e9m contra a retirada de direitos que vem sendo feita pelos golpistas com a aprova\u00e7\u00e3o da nova lei trabalhista que libera a terceiriza\u00e7\u00e3o, com o congelamento dos investimentos em sa\u00fade e educa\u00e7\u00e3o e tamb\u00e9m para defender os bancos p\u00fablicos contra as privatiza\u00e7\u00f5es\u201d, disse a presidenta da Contraf.<\/p>\n<p><strong>Defesa dos bancos p\u00fablicos<\/strong><br \/>No dia 15 de agosto ser\u00e1 realizado um Dia Nacional de Luta em defesa dos bancos p\u00fablicos e contra as resolu\u00e7\u00f5es\u00a0<a href=\"http:\/\/www.planejamento.gov.br\/assuntos\/empresas-estatais\/legislacao\/resolucao-no-22-de-18-de-janeiro-de-2018-diario-oficial-da-uniao-imprensa-nacional.pdf\" target=\"_blank\" rel=\"noopener noreferrer\"><strong><ins>22<\/ins><\/strong><\/a>\u00a0e\u00a0<a href=\"http:\/\/www.planejamento.gov.br\/assuntos\/empresas-estatais\/legislacao\/resolucao-no-23-de-18-de-janeiro-de-2018-diario-oficial-da-uniao-imprensa-nacional.pdf\" target=\"_blank\" rel=\"noopener noreferrer\"><strong><ins>23<\/ins><\/strong><\/a>\u00a0da Comiss\u00e3o Interministerial de Governan\u00e7a Corporativa e de Administra\u00e7\u00e3o de Participa\u00e7\u00f5es Societ\u00e1rias da Uni\u00e3o (CGPAR), em Bras\u00edlia, em frente ao Minist\u00e9rio da Fazenda e repercutido nos estados que n\u00e3o puderem participar do ato em Bras\u00edlia.\u00a0Estas resolu\u00e7\u00f5es determinam que empresas estatais reduzam despesas com a assist\u00eancia \u00e0 sa\u00fade dos trabalhadores; e limita\u00a0a 6,5% da folha de pagamento a participa\u00e7\u00e3o no custeio dos planos de s\u00faade dos funcion\u00e1rios pelas empresas p\u00fablicas. Isso afeta tanto a Cassi (plano de sa\u00fade dos funcion\u00e1rios do BB), quanto o Sa\u00fade Caixa.<\/p>\n<p>Leia tamb\u00e9m:<\/p>\n<p>&gt;\u00a0<a href=\"http:\/\/www.contrafcut.org.br\/noticias\/bancos-fazem-proposta-apenas-de-reposicao-da-inflacao-sem-aumento-real-f3c3\/\">Bancos fazem proposta apenas de reposi\u00e7\u00e3o da infla\u00e7\u00e3o, sem aumento real<\/a><\/p>\n<\/div>\n<p id=\"page-author\"><span style=\"text-decoration: underline;\"><strong>Fonte: Contraf-CUT<\/strong><\/span><\/p>\n","protected":false},"excerpt":{"rendered":"<p>Os banc\u00e1rios de todo o Brasil rejeitaram a proposta da Federa\u00e7\u00e3o Nacional dos Bancos (Fenaban), em assembleias realizadas nesta quarta-feira (8), e aprovaram o calend\u00e1rio de manifesta\u00e7\u00f5es do Comando Nacional dos Banc\u00e1rios. A categoria se reuniu nas sedes dos sindicatos para avaliar a oferta dos bancos que apenas cobre a infla\u00e7\u00e3o nos sal\u00e1rios, PLR, vales [&hellip;]<\/p>\n","protected":false},"author":2,"featured_media":5004,"comment_status":"","ping_status":"","sticky":false,"template":"","format":"standard","meta":{"footnotes":""},"categories":[3],"tags":[],"class_list":["post-5005","post","type-post","status-publish","format-standard","has-post-thumbnail","hentry","category-noticias"],"_links":{"self":[{"href":"https:\/\/hostnetart.com.br\/baixada\/wp-json\/wp\/v2\/posts\/5005","targetHints":{"allow":["GET"]}}],"collection":[{"href":"https:\/\/hostnetart.com.br\/baixada\/wp-json\/wp\/v2\/posts"}],"about":[{"href":"https:\/\/hostnetart.com.br\/baixada\/wp-json\/wp\/v2\/types\/post"}],"author":[{"embeddable":true,"href":"https:\/\/hostnetart.com.br\/baixada\/wp-json\/wp\/v2\/users\/2"}],"replies":[{"embeddable":true,"href":"https:\/\/hostnetart.com.br\/baixada\/wp-json\/wp\/v2\/comments?post=5005"}],"version-history":[{"count":0,"href":"https:\/\/hostnetart.com.br\/baixada\/wp-json\/wp\/v2\/posts\/5005\/revisions"}],"wp:featuredmedia":[{"embeddable":true,"href":"https:\/\/hostnetart.com.br\/baixada\/wp-json\/wp\/v2\/media\/5004"}],"wp:attachment":[{"href":"https:\/\/hostnetart.com.br\/baixada\/wp-json\/wp\/v2\/media?parent=5005"}],"wp:term":[{"taxonomy":"category","embeddable":true,"href":"https:\/\/hostnetart.com.br\/baixada\/wp-json\/wp\/v2\/categories?post=5005"},{"taxonomy":"post_tag","embeddable":true,"href":"https:\/\/hostnetart.com.br\/baixada\/wp-json\/wp\/v2\/tags?post=5005"}],"curies":[{"name":"wp","href":"https:\/\/api.w.org\/{rel}","templated":true}]}}