{"id":5001,"date":"2018-08-09T14:37:01","date_gmt":"2018-08-09T17:37:01","guid":{"rendered":"https:\/\/hostnetart.com.br\/baixada\/bancarios-participam-do-dia-do-basta-nesta-sexta-10\/"},"modified":"2018-08-09T14:37:01","modified_gmt":"2018-08-09T17:37:01","slug":"bancarios-participam-do-dia-do-basta-nesta-sexta-10","status":"publish","type":"post","link":"https:\/\/hostnetart.com.br\/baixada\/bancarios-participam-do-dia-do-basta-nesta-sexta-10\/","title":{"rendered":"Banc\u00e1rios participam do Dia do Basta, nesta sexta (10)"},"content":{"rendered":"<div class=\"content\">\n<p>Os trabalhadores est\u00e3o cansados de tanto retrocesso e falta de respeito com os seus direitos, que foram conquistados em d\u00e9cadas de luta. Por isso, nesta sexta-feira, dia 10 de agosto, a Confedera\u00e7\u00e3o Nacional dos Trabalhadores (Contraf-CUT), a Central \u00danica dos Trabalhadores (CUT), demais centrais sindicais e as frentes Brasil Popular e Povo Sem Medo, realizar\u00e3o o \u201cDia do Basta! \u201d.<\/p>\n<p>A data contar\u00e1 com manifesta\u00e7\u00f5es, paralisa\u00e7\u00f5es, atrasos de turnos e atos de protestos nos locais de trabalho, pra\u00e7as e ruas. A categoria banc\u00e1ria vai promover retardamento da abertura de ag\u00eancias e departamentos e participar das atividades locais que ser\u00e3o realizadas por sindicatos de diversas categorias.<\/p>\n<p>\u201cO Dia do Basta \u00e9 um Dia Nacional de Luta de todas as categorias contra o desemprego e a retirada de direitos. Mas, tamb\u00e9m \u00e9 um momento em que os banc\u00e1rios mostrar\u00e3o\u00a0aos banqueiros que n\u00e3o aceitar\u00e3o a retirada de direitos e que querem aumento real\u201d, convoca Juvandia Moreira, presidenta da Contraf-CUT.<\/p>\n<p>As mobiliza\u00e7\u00f5es tamb\u00e9m s\u00e3o um protesto contra a pol\u00edtica de pre\u00e7os da Petrobras e o aumento do g\u00e1s de cozinha, a pol\u00edtica de privatiza\u00e7\u00e3o e os cortes promovidos pelo governo do ileg\u00edtimo Michel Temer nas pol\u00edticas sociais, al\u00e9m da liberdade do ex-presidente Lula e seu direito de concorrer \u00e0 Presid\u00eancia da Rep\u00fablica nas elei\u00e7\u00f5es de outubro.<\/p>\n<p>Para o presidente da CUT, Vagner Freitas, o Dia do Basta \u00e9 uma forma de se posicionar contra o governo golpista e defender os direitos dos trabalhadores.<\/p>\n<p>&#8220;\u00c9 o dia para dizer que n\u00e3o aguentamos mais esse governo golpista e queremos que os nossos direitos sejam respeitados. E para que isso aconte\u00e7a \u00e9 fundamental que todos participem das atividades neste 10 de agosto em todo o pa\u00eds&#8221;, afirma.<\/p>\n<p>Em S\u00e3o Paulo, as centrais e os movimentos populares marcaram a concentra\u00e7\u00e3o para o ato a partir das 10h, na Avenida Paulista, regi\u00e3o central, em frente ao pr\u00e9dio da Federa\u00e7\u00e3o das Ind\u00fastrias do Estado de S\u00e3o Paulo (Fiesp). Campinas, no interior do estado, tamb\u00e9m ter\u00e1 um ato organizado pelos trabalhadores, a partir das 16h, no Largo do Ros\u00e1rio, no centro da cidade.<\/p>\n<p>\u00a0<\/p>\n<\/div>\n<p id=\"page-author\"><strong>Fonte: Contraf-CUT<\/strong><\/p>\n","protected":false},"excerpt":{"rendered":"<p>Os trabalhadores est\u00e3o cansados de tanto retrocesso e falta de respeito com os seus direitos, que foram conquistados em d\u00e9cadas de luta. Por isso, nesta sexta-feira, dia 10 de agosto, a Confedera\u00e7\u00e3o Nacional dos Trabalhadores (Contraf-CUT), a Central \u00danica dos Trabalhadores (CUT), demais centrais sindicais e as frentes Brasil Popular e Povo Sem Medo, realizar\u00e3o [&hellip;]<\/p>\n","protected":false},"author":2,"featured_media":5000,"comment_status":"","ping_status":"","sticky":false,"template":"","format":"standard","meta":{"footnotes":""},"categories":[3],"tags":[],"class_list":["post-5001","post","type-post","status-publish","format-standard","has-post-thumbnail","hentry","category-noticias"],"_links":{"self":[{"href":"https:\/\/hostnetart.com.br\/baixada\/wp-json\/wp\/v2\/posts\/5001","targetHints":{"allow":["GET"]}}],"collection":[{"href":"https:\/\/hostnetart.com.br\/baixada\/wp-json\/wp\/v2\/posts"}],"about":[{"href":"https:\/\/hostnetart.com.br\/baixada\/wp-json\/wp\/v2\/types\/post"}],"author":[{"embeddable":true,"href":"https:\/\/hostnetart.com.br\/baixada\/wp-json\/wp\/v2\/users\/2"}],"replies":[{"embeddable":true,"href":"https:\/\/hostnetart.com.br\/baixada\/wp-json\/wp\/v2\/comments?post=5001"}],"version-history":[{"count":0,"href":"https:\/\/hostnetart.com.br\/baixada\/wp-json\/wp\/v2\/posts\/5001\/revisions"}],"wp:featuredmedia":[{"embeddable":true,"href":"https:\/\/hostnetart.com.br\/baixada\/wp-json\/wp\/v2\/media\/5000"}],"wp:attachment":[{"href":"https:\/\/hostnetart.com.br\/baixada\/wp-json\/wp\/v2\/media?parent=5001"}],"wp:term":[{"taxonomy":"category","embeddable":true,"href":"https:\/\/hostnetart.com.br\/baixada\/wp-json\/wp\/v2\/categories?post=5001"},{"taxonomy":"post_tag","embeddable":true,"href":"https:\/\/hostnetart.com.br\/baixada\/wp-json\/wp\/v2\/tags?post=5001"}],"curies":[{"name":"wp","href":"https:\/\/api.w.org\/{rel}","templated":true}]}}