{"id":4997,"date":"2018-08-08T17:17:10","date_gmt":"2018-08-08T20:17:10","guid":{"rendered":"https:\/\/hostnetart.com.br\/baixada\/inflacao-sobe-menos-mas-energia-e-transporte-coletivo-tem-alta\/"},"modified":"2018-08-08T17:17:10","modified_gmt":"2018-08-08T20:17:10","slug":"inflacao-sobe-menos-mas-energia-e-transporte-coletivo-tem-alta","status":"publish","type":"post","link":"https:\/\/hostnetart.com.br\/baixada\/inflacao-sobe-menos-mas-energia-e-transporte-coletivo-tem-alta\/","title":{"rendered":"Infla\u00e7\u00e3o sobe menos, mas energia e transporte coletivo t\u00eam alta"},"content":{"rendered":"<p>O \u00cdndice Nacional de Pre\u00e7os ao Consumidor Amplo (IPCA), taxa oficial de infla\u00e7\u00e3o no pa\u00eds, variou 0,33% em julho, segundo o IBGE, depois do pico do m\u00eas anterior (1,26%). Mas ficou acima de julho do ano passado (0,24%). Com isso, o \u00edndice soma 2,94% no ano (1,43% em 2017) e sobe para 4,48% em 12 meses. A infla\u00e7\u00e3o foi bem mais alta na regi\u00e3o metropolitana de S\u00e3o Paulo: 0,63% no m\u00eas, acumulando 5,03%.<\/p>\n<p>Apesar de subirem menos, itens importantes, como a energia el\u00e9trica e o transporte coletiva, registram alta. Energia, por exemplo, passou de 7,93% para 5,33%, mas foi respons\u00e1vel por mais da metade do \u00edndice mensal, com 0,20 ponto percentual. A taxa de \u00e1gua e esgoto subiu 0,69%, enquanto o g\u00e1s de botij\u00e3o registrou queda de 0,18%, apesar do reajuste nas refinarias. Com esses e outros resultados, o grupo Habita\u00e7\u00e3o teve varia\u00e7\u00e3o de 1,54%.<\/p>\n<p>J\u00e1 Transportes variou 0,49%, com defla\u00e7\u00e3o nos pre\u00e7os dos combust\u00edveis (-1,80%): a gasolina caiu 1,01% e o etanol, 5,48%, depois de altas no m\u00eas anterior de 5% e 4,22%, respectivamente. O \u00f4nibus urbano subiu 1,46%, com reajustes de tarifas no Rio de Janeiro e em Rio Branco. O intermunicipal variou 0,38%, em m\u00e9dia, depois de aumentos em Goi\u00e2nia, Porto Alegre e S\u00e3o Paulo. E o interestadual aumentou 8,7%, com alta de 19,22% em Fortaleza. As passagens a\u00e9reas, que haviam ca\u00eddo 2,05% em junho, aumentaram 44,51% no tradicional m\u00eas de f\u00e9rias.<\/p>\n<p>O grupo de maior peso na composi\u00e7\u00e3o do IPCA, Alimenta\u00e7\u00e3o e Bebidas, teve defla\u00e7\u00e3o (-0,12%), depois de subir 2,03% em junho, a maior alta em mais de dois anos. As varia\u00e7\u00f5es foram de -1,72% (S\u00e3o Lu\u00eds) a 1,07% (S\u00e3o Paulo). &#8220;A defla\u00e7\u00e3o desse grupo em julho refletiu, al\u00e9m do aumento da oferta de itens aliment\u00edcios, o realinhamento de pre\u00e7os ap\u00f3s as altas decorrentes da paralisa\u00e7\u00e3o dos caminhoneiros, no final de maio&#8221;, diz o IBGE.<\/p>\n<p>Alimentos para consumo no domic\u00edlio registraram queda de 0,59% \u2013 haviam subido 3,09% em junho. O instituto destaca produtos como\u00a0cebola\u00a0(de 1,42% para -33,50%),\u00a0batata inglesa\u00a0(de 17,16% para -28,14%),\u00a0tomate\u00a0(de 0,94% para -27,65%),\u00a0frutas\u00a0(de 1,61% para -5,55%) e\u00a0carnes\u00a0(de 4,60% para -1,27%). Entre as altas, o\u00a0leite longa vida\u00a0(11,99%) e o\u00a0p\u00e3o franc\u00eas\u00a0(2,22%).<\/p>\n<p>Mas a alimenta\u00e7\u00e3o fora de casa subiu mais: de 0,17%, no m\u00eas anterior, para 0,72%. Os destaques foram lanche (1,40%) e refei\u00e7\u00e3o (0,39%).\u00a0<\/p>\n<p>O grupo Vestu\u00e1rio recuou 0,60%, com queda em todos os tipos de roupa:\u00a0masculinas\u00a0(-0,94%),\u00a0femininas\u00a0(-0,87%) e\u00a0infantis\u00a0(-0,91%). Os pre\u00e7os dos cal\u00e7ados tamb\u00e9m ca\u00edram (-0,44%).\u00a0Sa\u00fade e Cuidados Pessoais\u00a0 variou 0,07%, com alta de 0,30% no item plano de sa\u00fade.\u00a0<\/p>\n<p>Entre as regi\u00f5es, S\u00e3o Paulo teve o maior \u00edndice (0,63%), com altas de 10,08% nas energia el\u00e9trica, 11,46% no leite longa vida e 45,77% na passagem a\u00e9rea. O menor foi registrado em Campo Grande, com quedas em alguns alimentos e na gasolina (-2,98%). Depois da regi\u00e3o metropolitana paulista, v\u00eam Rio de Janeiro (0,59%) Bras\u00edlia (0,58%), Rio Branco (0,51%), Curitiba (0,28%), Salvador (0,24%), Vit\u00f3ria (0,19%), Belo Horizonte (0,18%), Porto Alegre (0,05%), Bel\u00e9m (0%), Goi\u00e2nia (-0,05%), Aracaju (-0,06%), Recife (-0,06%), Fortaleza (-0,09% e S\u00e3o Lu\u00eds (-0,28%).<\/p>\n<h3>INPC<\/h3>\n<p>O\u00a0\u00cdndice Nacional de Pre\u00e7os ao Consumidor (INPC) variou 0,25%, ante 1,18% em junho e 0,17% em julho de 2017. Com esse resultado, soma 2,83% no ano e 3,61% em 12 meses.<\/p>\n<p>\u00a0<\/p>\n<p><strong>FONTE: Rede Brasil Atual<\/strong><\/p>\n","protected":false},"excerpt":{"rendered":"<p>O \u00cdndice Nacional de Pre\u00e7os ao Consumidor Amplo (IPCA), taxa oficial de infla\u00e7\u00e3o no pa\u00eds, variou 0,33% em julho, segundo o IBGE, depois do pico do m\u00eas anterior (1,26%). Mas ficou acima de julho do ano passado (0,24%). Com isso, o \u00edndice soma 2,94% no ano (1,43% em 2017) e sobe para 4,48% em 12 [&hellip;]<\/p>\n","protected":false},"author":2,"featured_media":4996,"comment_status":"","ping_status":"","sticky":false,"template":"","format":"standard","meta":{"footnotes":""},"categories":[3],"tags":[],"class_list":["post-4997","post","type-post","status-publish","format-standard","has-post-thumbnail","hentry","category-noticias"],"_links":{"self":[{"href":"https:\/\/hostnetart.com.br\/baixada\/wp-json\/wp\/v2\/posts\/4997","targetHints":{"allow":["GET"]}}],"collection":[{"href":"https:\/\/hostnetart.com.br\/baixada\/wp-json\/wp\/v2\/posts"}],"about":[{"href":"https:\/\/hostnetart.com.br\/baixada\/wp-json\/wp\/v2\/types\/post"}],"author":[{"embeddable":true,"href":"https:\/\/hostnetart.com.br\/baixada\/wp-json\/wp\/v2\/users\/2"}],"replies":[{"embeddable":true,"href":"https:\/\/hostnetart.com.br\/baixada\/wp-json\/wp\/v2\/comments?post=4997"}],"version-history":[{"count":0,"href":"https:\/\/hostnetart.com.br\/baixada\/wp-json\/wp\/v2\/posts\/4997\/revisions"}],"wp:featuredmedia":[{"embeddable":true,"href":"https:\/\/hostnetart.com.br\/baixada\/wp-json\/wp\/v2\/media\/4996"}],"wp:attachment":[{"href":"https:\/\/hostnetart.com.br\/baixada\/wp-json\/wp\/v2\/media?parent=4997"}],"wp:term":[{"taxonomy":"category","embeddable":true,"href":"https:\/\/hostnetart.com.br\/baixada\/wp-json\/wp\/v2\/categories?post=4997"},{"taxonomy":"post_tag","embeddable":true,"href":"https:\/\/hostnetart.com.br\/baixada\/wp-json\/wp\/v2\/tags?post=4997"}],"curies":[{"name":"wp","href":"https:\/\/api.w.org\/{rel}","templated":true}]}}