{"id":4995,"date":"2018-08-08T17:15:11","date_gmt":"2018-08-08T20:15:11","guid":{"rendered":"https:\/\/hostnetart.com.br\/baixada\/oms-alerta-para-aumento-de-ocorrencias-de-tuberculose-no-rio\/"},"modified":"2018-08-08T17:15:11","modified_gmt":"2018-08-08T20:15:11","slug":"oms-alerta-para-aumento-de-ocorrencias-de-tuberculose-no-rio","status":"publish","type":"post","link":"https:\/\/hostnetart.com.br\/baixada\/oms-alerta-para-aumento-de-ocorrencias-de-tuberculose-no-rio\/","title":{"rendered":"OMS alerta para aumento de ocorr\u00eancias de tuberculose no Rio"},"content":{"rendered":"<p class=\" \">Dados da Organiza\u00e7\u00e3o Mundial da Sa\u00fade (OMS) apontam que o Brasil est\u00e1 entre os 30 pa\u00edses que concentram 87% dos <a class=\"internal-link\" title=\"\" href=\"https:\/\/www.redebrasilatual.com.br\/saude\/2017\/02\/ministerio-da-saude-ignora-indices-de-tuberculose-e-tratamento-da-doenca-esta-ameacado\" target=\"_blank\" rel=\"noopener noreferrer\">casos de tuberculose <\/a>no mundo. No Rio de Janeiro, segundo estado com maior n\u00famero de casos da doen\u00e7a (depois do Amazonas), pesquisadores, profissionais da sa\u00fade e integrantes de entidades de combate \u00e0 tuberculose afirmaram, durante audi\u00eancia realizada nesta ter\u00e7a-feira (7), na Assembleia Legislativa do Rio (Alerj), ser a desigualdade social o principal agravante da doen\u00e7a que faz das <a class=\"internal-link\" title=\"\" href=\"https:\/\/www.redebrasilatual.com.br\/cidadania\/2016\/12\/superlotacao-em-presidios-brasileiros-aumenta-casos-de-tuberculose-2136.html\" target=\"_blank\" rel=\"noopener noreferrer\">popula\u00e7\u00f5es carcer\u00e1rias<\/a> e de baixa renda as principais v\u00edtimas.<\/p>\n<p class=\" \">Em 2017, dos 69 mil casos notificados em todo o territ\u00f3rio nacional, o estado fluminense apresentou as taxas mais altas de incid\u00eancia \u2013 72 casos a cada 100 mil habitantes \u2013 e, de acordo com a compara\u00e7\u00e3o feita durante o debate organizado Frente Parlamentar de Combate e Preven\u00e7\u00e3o \u00e0 Tuberculose, HIV e Diabetes da Alerj, nas \u00e1reas mais pobres como as favelas e bairros populares da regi\u00e3o metropolitana, os \u00edndices chegam a 300 casos a cada 100 mil habitantes.<\/p>\n<p class=\" \">&#8220;Estas popula\u00e7\u00f5es vivem muito concentradas, s\u00e3o muitas pessoas na mesma casa e esses fatores propiciam a transmiss\u00e3o da doen\u00e7a&#8221;, explica a m\u00e9dica do Controle da Tuberculose da Secret\u00e1ria de Sa\u00fade do Rio Ana Alice Teixeira Pereira Bevilaqua, que cita \u00e1reas como S\u00e3o Jo\u00e3o, Belford Roxo e Nova Igua\u00e7u, na Baixada Fluminense, como exemplos do adensamento populacional.<\/p>\n<p class=\" \">O quadro \u00e9 ainda mais cr\u00edtico quando observada a popula\u00e7\u00e3o carcer\u00e1ria que concentra 10% dos casos em todo o estado: 1.200 registros da doen\u00e7a a cada 100 mil habitantes . Para os especialistas consultados pela rep\u00f3rter Viviana Nascimento, do <i>Seu Jornal,<\/i> da <b>TVT<\/b>, as condi\u00e7\u00f5es dos pres\u00eddios em conjunto com a superlota\u00e7\u00e3o e sobretudo a <a class=\"internal-link\" title=\"\" href=\"https:\/\/www.redebrasilatual.com.br\/cidadania\/2017\/08\/justica-nega-pedido-de-prisao-domiciliar-para-rafael-braga\" target=\"_blank\" rel=\"noopener noreferrer\">falta de estrutura no atendimento m\u00e9dico<\/a>, favorecem o desenvolvimento da tuberculose.<\/p>\n<p class=\" \">&#8220;M\u00e9dicos, assistentes sociais, psic\u00f3logos, enfermeiros e outros profissionais&#8230; isso \u00e9 de imediato, tem que ter essa contrata\u00e7\u00e3o, porque n\u00e3o vai adiantar nada v\u00e1rios programas sem\u00a0recursos humanos&#8221;, afirma a assistente social aposentada Newvone Ferreira da Costa.<\/p>\n<p class=\" \">\u00a0<\/p>\n<p class=\" \"><strong>FONTE: Rede Brasil Atual<\/strong><\/p>\n","protected":false},"excerpt":{"rendered":"<p>Dados da Organiza\u00e7\u00e3o Mundial da Sa\u00fade (OMS) apontam que o Brasil est\u00e1 entre os 30 pa\u00edses que concentram 87% dos casos de tuberculose no mundo. No Rio de Janeiro, segundo estado com maior n\u00famero de casos da doen\u00e7a (depois do Amazonas), pesquisadores, profissionais da sa\u00fade e integrantes de entidades de combate \u00e0 tuberculose afirmaram, durante [&hellip;]<\/p>\n","protected":false},"author":2,"featured_media":4994,"comment_status":"","ping_status":"","sticky":false,"template":"","format":"standard","meta":{"footnotes":""},"categories":[3],"tags":[],"class_list":["post-4995","post","type-post","status-publish","format-standard","has-post-thumbnail","hentry","category-noticias"],"_links":{"self":[{"href":"https:\/\/hostnetart.com.br\/baixada\/wp-json\/wp\/v2\/posts\/4995","targetHints":{"allow":["GET"]}}],"collection":[{"href":"https:\/\/hostnetart.com.br\/baixada\/wp-json\/wp\/v2\/posts"}],"about":[{"href":"https:\/\/hostnetart.com.br\/baixada\/wp-json\/wp\/v2\/types\/post"}],"author":[{"embeddable":true,"href":"https:\/\/hostnetart.com.br\/baixada\/wp-json\/wp\/v2\/users\/2"}],"replies":[{"embeddable":true,"href":"https:\/\/hostnetart.com.br\/baixada\/wp-json\/wp\/v2\/comments?post=4995"}],"version-history":[{"count":0,"href":"https:\/\/hostnetart.com.br\/baixada\/wp-json\/wp\/v2\/posts\/4995\/revisions"}],"wp:featuredmedia":[{"embeddable":true,"href":"https:\/\/hostnetart.com.br\/baixada\/wp-json\/wp\/v2\/media\/4994"}],"wp:attachment":[{"href":"https:\/\/hostnetart.com.br\/baixada\/wp-json\/wp\/v2\/media?parent=4995"}],"wp:term":[{"taxonomy":"category","embeddable":true,"href":"https:\/\/hostnetart.com.br\/baixada\/wp-json\/wp\/v2\/categories?post=4995"},{"taxonomy":"post_tag","embeddable":true,"href":"https:\/\/hostnetart.com.br\/baixada\/wp-json\/wp\/v2\/tags?post=4995"}],"curies":[{"name":"wp","href":"https:\/\/api.w.org\/{rel}","templated":true}]}}