{"id":4993,"date":"2018-08-08T17:13:57","date_gmt":"2018-08-08T20:13:57","guid":{"rendered":"https:\/\/hostnetart.com.br\/baixada\/campanha-2018-caixa-apresenta-proposta-inaceitavel\/"},"modified":"2018-08-08T17:13:57","modified_gmt":"2018-08-08T20:13:57","slug":"campanha-2018-caixa-apresenta-proposta-inaceitavel","status":"publish","type":"post","link":"https:\/\/hostnetart.com.br\/baixada\/campanha-2018-caixa-apresenta-proposta-inaceitavel\/","title":{"rendered":"Campanha 2018: Caixa apresenta proposta inaceit\u00e1vel"},"content":{"rendered":"<div class=\"content\">\n<p>Na quinta rodada de negocia\u00e7\u00e3o espec\u00edfica da Caixa dentro da Campanha Nacional 2018, a dire\u00e7\u00e3o do banco apresentou uma proposta de renova\u00e7\u00e3o do Acordo Coletivo de Trabalho (ACT) que ignora dezenas de direitos atualmente garantidos pelo ACT. A negocia\u00e7\u00e3o ocorreu nesta ter\u00e7a-feira (7), em S\u00e3o Paulo.<\/p>\n<p>Dentre os direitos garantidos pelo ACT atual que n\u00e3o foram citados na proposta apresentada, est\u00e3o: horas extraordin\u00e1rias, adicional de trabalho em hor\u00e1rio noturno, PLR social, isen\u00e7\u00e3o de anuidade cart\u00e3o de credito, juros do cheque especial diferenciado, tarifas em conta corrente, aus\u00eancias permitidas, escala de f\u00e9rias, jornada de trabalho, sa\u00fade caixa, suplementa\u00e7\u00e3o do aux\u00edlio doen\u00e7a (licen\u00e7a caixa), adicional de periculosidade e insalubridade, intervalo para descanso NR 17 homologa\u00e7\u00e3o das rescis\u00f5es,\u00a0 GT sa\u00fade caixa, GT sa\u00fade do trabalhador, negocia\u00e7\u00e3o permanente,\u00a0 incentivo a eleva\u00e7\u00e3o por escolaridade, Incorpora\u00e7\u00e3o REB, GT contencioso Funcef, mais contrata\u00e7\u00f5es, abrang\u00eancia do ACT.<\/p>\n<p>\u201cRecebemos a proposta com grande espanto porque al\u00e9m de n\u00e3o atender as reivindica\u00e7\u00f5es dos empregados pela manuten\u00e7\u00e3o de direitos com a consigna\u00e7\u00e3o de novas clausulas, como designa\u00e7\u00e3o efetiva das fun\u00e7\u00f5es e a incorpora\u00e7\u00e3o a\u00f3s 10 anos, ela ainda ignorou diversas clausulas garantidas historicamente\u201d, avaliou Dion\u00edsio Reis, coordenador da Comiss\u00e3o Executiva dos Empregados (CEE\/Caixa). \u201cO debate dos empregados da Caixa e a cobran\u00e7a que fazemos em mesa vem sendo n\u00e3o de amplia\u00e7\u00e3o dos direitos e sim de manuten\u00e7\u00e3o das conquistas hist\u00f3ricas que os trabalhaodres cada dia mais sobrecarregados e sempre comprometidos com a Caixa 100% p\u00fablica merecem. Nada mais, nada menos\u201d, afirmou o dirigente.\u00a0<\/p>\n<p>Os representantes dos trabalhadores explicitarem a insatisfa\u00e7\u00e3o com rela\u00e7\u00e3o a minuta apresentada na mesa de negocia\u00e7\u00e3o e pressionaram por uma nova rodada de negocia\u00e7\u00e3o que ser\u00e1 realizada no dia 17, na sequ\u00eancia da pr\u00f3xima negocia\u00e7\u00e3o com a Fenaban.<\/p>\n<p>\u201cNesta quarta-feira (8) ser\u00e1 realizada assembleia e na sexta-feira 10 ser\u00e1 deflagrado Dia do Basta, protesto em \u00e2mbito Nacional da classe trabalhadora. Os trabalhadores devem participar maci\u00e7amente das assembleias do dia 8 que ser\u00e3o realizadas em todo o pa\u00eds e se juntar \u00e0s mobiliza\u00e7\u00f5es dos Sindicatos no dia 10 em defesa dos direitos. Temos negocia\u00e7\u00e3o no dia 17 e toda mobiliza\u00e7\u00e3o \u00e9 fundamental\u201d, orientou Dion\u00edsio Reis.<\/p>\n<p><strong>PLR social amea\u00e7ada<\/strong><\/p>\n<p>Com rela\u00e7\u00e3o a PLR, os representantes do banco disseram que seguir\u00e3o a regra Fenaban. J\u00e1 PLR social n\u00e3o foi citada. Nas negocia\u00e7\u00f5es anteriores, os representantes do banco n\u00e3o garantiram seu pagamento. \u201cDeixamos claro que a nossa PLR social tem o objetivo de reconhecer o trabalho executado pelos trabalhadores e por isso eles querem e devem ser recompensados. Defendemos o Acordo Coletivo de trabalho tem que avan\u00e7ar e n\u00e3o retroceder.<\/p>\n<p><strong>Dire\u00e7\u00e3o do banco se pautar\u00e1 pela reforma trabalhista<\/strong><\/p>\n<p>Durante a negocia\u00e7\u00e3o, os representantes do banco mais uma vez afirmaram que se pautar\u00e3o pela reforma trabalhista \u2013 lei que modificou dezenas de artigos da CLT e acabou com uma s\u00e9rie de direitos dos trabalhadores.<\/p>\n<p>A dire\u00e7\u00e3o do banco tamb\u00e9m n\u00e3o garantiu a incorpora\u00e7\u00e3o de remunera\u00e7\u00e3o de fun\u00e7\u00e3o, direito hist\u00f3rico dos empregados retirado pela dire\u00e7\u00e3o da empresa, antes mesmo da aprova\u00e7\u00e3o da reforma trabalhista que est\u00e1 mantido por liminar obtida na Justi\u00e7a pela Contraf-CUT<\/p>\n<p>A Caixa mant\u00e9m a designa\u00e7\u00e3o de fun\u00e7\u00e3o exclusivamente por minuto dos caixas, al\u00e9m de amea\u00e7ar utilizar com avaliadores e tesoureiros. A CEE\/Caixa cobra o fim do Caixa Minuto que significa a uberiza\u00e7\u00e3o do trabalho e o banco apenas mant\u00e9m a fun\u00e7\u00e3o efetiva dos atuais Caixas.\u00a0<\/p>\n<p><strong>Proposta aniquila Sa\u00fade Caixa<\/strong><\/p>\n<p>Com rela\u00e7\u00e3o ao Sa\u00fade Caixa, a dire\u00e7\u00e3o da Caixa apresentou a seguinte proposta: \u201cA Caixa oferece aos empregados e respectivos dependentes assist\u00eancia \u00e0 sa\u00fade, em modalidade, forma e condi\u00e7\u00f5es modific\u00e1veis a qualquer tempo, respeitadas as normas da ANS e orienta\u00e7\u00f5es estabelecidas pela CGPAR.\u201d<\/p>\n<p>A resolu\u00e7\u00e3o 23 da CGPAR exclui os aposentados atuais e futuros do plano de sa\u00fade; elimina contribui\u00e7\u00e3o por grupo familiar; e &#8220;quebra a solidariedade&#8221;, o princ\u00edpio pelo qual os empregados contribuem da mesma forma, independentemente do tempo de banco e idade.<\/p>\n<p>\u201cA proposta apresentada pela dire\u00e7\u00e3o do banco \u00e9 preocupante, porque al\u00e9m de reafirmar que os Sa\u00fade Caixa ser\u00e1 submetido \u00e0s resolu\u00e7\u00f5es da CGPAR que praticamente aniquilam o convenio dos trabalhadores do banco, ainda\u00a0 abre a possibilidade de suas cl\u00e1usulas serem \u2018modific\u00e1veis a qualquer tempo\u2019\u201d, alertou Dion\u00edsio.<\/p>\n<p><strong>Proposta excludente aos aposentados<\/strong><\/p>\n<p>A proposta \u00e9 especialmente excludente com rela\u00e7\u00e3o aos aposentados, porque n\u00e3o garante uma s\u00e9rie de direitos como isen\u00e7\u00e3o de tarifas e condi\u00e7\u00f5es especiais de juros para empregados e ex-empregados e os exclui da cobertura do Sa\u00fade Caixa.<\/p>\n<p>\u201c\u00c9 uma tristeza absoluta constatar que a Caixa apresentou uma proposta totalmente excludente com rela\u00e7\u00e3o aos aposentados, porque al\u00e9m de acabar com a cobertura do Sa\u00fade Caixa para essas pessoas que deram a vida pelo banco, ainda n\u00e3o garantiu a isen\u00e7\u00e3o de tarifas e condi\u00e7\u00f5es especiais de juros para os empregados e ex-empregados\u201d, afirmou Dionisio Reis.\u00a0<\/p>\n<p>\u201cEssa proposta apresentada \u00e9 inaceit\u00e1vel e os trabalhadores devem se mobilizar, fazer reuni\u00f5es nos locais de trabalho comparecerem as assembleias e participarem do Dia do Basta na sexta-feira 10\u201d, refor\u00e7ou o dirigente.<\/p>\n<\/div>\n<p id=\"page-author\"><span style=\"text-decoration: underline;\"><em><strong>Fonte: Contraf-CUT<\/strong><\/em><\/span><\/p>\n","protected":false},"excerpt":{"rendered":"<p>Na quinta rodada de negocia\u00e7\u00e3o espec\u00edfica da Caixa dentro da Campanha Nacional 2018, a dire\u00e7\u00e3o do banco apresentou uma proposta de renova\u00e7\u00e3o do Acordo Coletivo de Trabalho (ACT) que ignora dezenas de direitos atualmente garantidos pelo ACT. A negocia\u00e7\u00e3o ocorreu nesta ter\u00e7a-feira (7), em S\u00e3o Paulo. Dentre os direitos garantidos pelo ACT atual que n\u00e3o [&hellip;]<\/p>\n","protected":false},"author":2,"featured_media":4992,"comment_status":"","ping_status":"","sticky":false,"template":"","format":"standard","meta":{"footnotes":""},"categories":[3],"tags":[],"class_list":["post-4993","post","type-post","status-publish","format-standard","has-post-thumbnail","hentry","category-noticias"],"_links":{"self":[{"href":"https:\/\/hostnetart.com.br\/baixada\/wp-json\/wp\/v2\/posts\/4993","targetHints":{"allow":["GET"]}}],"collection":[{"href":"https:\/\/hostnetart.com.br\/baixada\/wp-json\/wp\/v2\/posts"}],"about":[{"href":"https:\/\/hostnetart.com.br\/baixada\/wp-json\/wp\/v2\/types\/post"}],"author":[{"embeddable":true,"href":"https:\/\/hostnetart.com.br\/baixada\/wp-json\/wp\/v2\/users\/2"}],"replies":[{"embeddable":true,"href":"https:\/\/hostnetart.com.br\/baixada\/wp-json\/wp\/v2\/comments?post=4993"}],"version-history":[{"count":0,"href":"https:\/\/hostnetart.com.br\/baixada\/wp-json\/wp\/v2\/posts\/4993\/revisions"}],"wp:featuredmedia":[{"embeddable":true,"href":"https:\/\/hostnetart.com.br\/baixada\/wp-json\/wp\/v2\/media\/4992"}],"wp:attachment":[{"href":"https:\/\/hostnetart.com.br\/baixada\/wp-json\/wp\/v2\/media?parent=4993"}],"wp:term":[{"taxonomy":"category","embeddable":true,"href":"https:\/\/hostnetart.com.br\/baixada\/wp-json\/wp\/v2\/categories?post=4993"},{"taxonomy":"post_tag","embeddable":true,"href":"https:\/\/hostnetart.com.br\/baixada\/wp-json\/wp\/v2\/tags?post=4993"}],"curies":[{"name":"wp","href":"https:\/\/api.w.org\/{rel}","templated":true}]}}