{"id":4991,"date":"2018-08-07T20:38:35","date_gmt":"2018-08-07T23:38:35","guid":{"rendered":"https:\/\/hostnetart.com.br\/baixada\/bancos-fazem-proposta-apenas-de-reposicao-da-inflacao-sem-aumento-real\/"},"modified":"2018-08-07T20:38:35","modified_gmt":"2018-08-07T23:38:35","slug":"bancos-fazem-proposta-apenas-de-reposicao-da-inflacao-sem-aumento-real","status":"publish","type":"post","link":"https:\/\/hostnetart.com.br\/baixada\/bancos-fazem-proposta-apenas-de-reposicao-da-inflacao-sem-aumento-real\/","title":{"rendered":"Bancos fazem proposta apenas de reposi\u00e7\u00e3o da infla\u00e7\u00e3o, sem aumento real"},"content":{"rendered":"<div class=\"content\">\n<p>A Federa\u00e7\u00e3o Nacional dos Bancos (Fenaban) apresentou uma proposta que apenas cobre a infla\u00e7\u00e3o nos sal\u00e1rios, PLR, vales e demais verbas econ\u00f4micas, sem aumento real, na sexta reuni\u00e3o da mesa \u00fanica de negocia\u00e7\u00e3o, realizada nesta ter\u00e7a-feira (7), em S\u00e3o Paulo. Tamb\u00e9m n\u00e3o garantiu que os banc\u00e1rios n\u00e3o ser\u00e3o substitu\u00eddos por trabalhadores contratados de forma precarizada, a exemplo da terceiriza\u00e7\u00e3o. Os bancos querem alterar cl\u00e1usulas da Conven\u00e7\u00e3o Coletiva de Trabalho (CCT) da categoria, segundo eles, para garantir seguran\u00e7a jur\u00eddica, mas sequer apresentaram a reda\u00e7\u00e3o das modifica\u00e7\u00f5es. A pr\u00f3xima rodada de negocia\u00e7\u00e3o ficou agendada para o dia 17 de agosto (sexta-feira).<\/p>\n<p>O Comando Nacional dos Banc\u00e1rios se reuniu, avaliou a proposta e indica sua rejei\u00e7\u00e3o nas assembleias a serem realizadas nesta quarta-feira (8) por sindicatos da categoria de todo o pa\u00eds, uma vez que a mesma n\u00e3o traz aumento real nem garantia dos direitos conquistados e estabelecidos na CCT, tampouco a manuten\u00e7\u00e3o dos empregos.<\/p>\n<p>\u201cA categoria n\u00e3o aceitar\u00e1 uma proposta sem aumento real, manuten\u00e7\u00e3o dos direitos e sem a garantia de que os banc\u00e1rios n\u00e3o ser\u00e3o substitu\u00eddos por formas de contrata\u00e7\u00e3o precarizadas. \u00c9 por isso que o Comando indica a rejei\u00e7\u00e3o da proposta nas assembleias desta quarta-feira (8)\u201d, explicou a presidenta da Confedera\u00e7\u00e3o Nacional dos Trabalhadores do Ramo Financeiro (Contraf-CUT), Juvandia Moreira, que \u00e9 uma das coordenadoras do Comando Nacional dos Banc\u00e1rios.<\/p>\n<p>Os cinco maiores bancos tiveram lucro de R$ 77,4 bilh\u00f5es em 2017 e apenas com a receita obtida com tarifas de servi\u00e7os banc\u00e1rios consegue cobrir todos os gastos com o pessoal em 140%. Apenas com as receitas de tarifas com presta\u00e7\u00e3o de servi\u00e7os conseguem cobrir todos as despesas de pessoal, em m\u00e9dia, em 140%.<\/p>\n<p><strong>\u00a0\u00a0\u00a0\u00a0 &gt;\u00a0<\/strong><em><ins><a href=\"http:\/\/www.contrafcut.org.br\/noticias\/lucro-do-itau-chega-a-quase-r-13-bilhoes-no-1-semestre-d556\/\" target=\"_blank\" rel=\"noopener noreferrer\">Lucro do Ita\u00fa chega a quase R$ 13 bilh\u00f5es no 1\u00ba semestre<\/a><\/ins><\/em><br \/><strong>\u00a0\u00a0\u00a0\u00a0 &gt;\u00a0<\/strong><em><ins><a href=\"http:\/\/www.contrafcut.org.br\/noticias\/lucro-do-bradesco-ultrapassa-r-10-bilhoes-no-1-semestre-1a29\/\" target=\"_blank\" rel=\"noopener noreferrer\">Lucro do Bradesco ultrapassa R$ 10 bilh\u00f5es no 1\u00ba semestre<\/a><\/ins><\/em><br \/><strong>\u00a0\u00a0\u00a0\u00a0 &gt;\u00a0<\/strong><em><ins><a href=\"http:\/\/www.contrafcut.org.br\/noticias\/santander-lucra-5-9-bilhoes-no-primeiro-semestre-de-2018-635a\/\" target=\"_blank\" rel=\"noopener noreferrer\">Santander lucra 5,9 bilh\u00f5es no primeiro semestre de 2018<\/a><\/ins><\/em><br \/><strong>\u00a0\u00a0\u00a0\u00a0 &gt;\u00a0<\/strong><em><a href=\"http:\/\/contrafcut.org.br\/noticias\/the-economist-confirma-bancos-no-brasil-tem-lucro-alto-em-qualquer-situacao-8121\">\u201cThe Economist&#8221; confirma: Bancos no Brasil t\u00eam lucro alto em qualquer situa\u00e7\u00e3o<\/a><\/em><br \/><strong>\u00a0\u00a0\u00a0\u00a0 &gt;\u00a0<\/strong><em><ins><a href=\"http:\/\/www.contrafcut.org.br\/noticias\/setor-que-mais-lucra-no-brasil-se-recusa-garantir-empregos-na-cct-3e9b\/\" target=\"_blank\" rel=\"noopener noreferrer\">Setor que mais lucra no Brasil se recusa garantir empregos na CCT<\/a><\/ins><\/em><\/p>\n<p><strong>Proposta insuficiente e incompleta<\/strong><br \/>Para Ivone Silva, presidenta do Sindicato dos Banc\u00e1rios de S\u00e3o Paulo, Osasco e Regi\u00e3o e tamb\u00e9m coordenadora do Comando Nacional dos Banc\u00e1rios, a proposta da Fenaban \u00e9 insuficiente e incompleta. \u201cN\u00e3o atende a reivindica\u00e7\u00e3o de aumento real feito pela categoria e sequer est\u00e1 com todas as cl\u00e1usulas redigidas\u201d, criticou.<\/p>\n<p>Al\u00e9m de n\u00e3o querer dar aumente real, os bancos j\u00e1 disseram que v\u00e3o retirar a cl\u00e1usula da CCT que possibilita o abono ou compensa\u00e7\u00e3o dos dias parados de greve.<\/p>\n<p>Um avan\u00e7o da negocia\u00e7\u00e3o desta ter\u00e7a-feira \u00e9 que a CCT \u00e9 v\u00e1lida para todos, inclusive para os trabalhadores hipersuficientes, que possuem escolaridade de n\u00edvel superior e ganham acima de dois tetos do INSS.<\/p>\n<p>\u201c\u00c9 importante que todos participem das assembleias em seus sindicatos para mostrar a unidade e a for\u00e7a da categoria e da mobiliza\u00e7\u00e3o dos dias 10 de agosto, acompanhem as negocia\u00e7\u00f5es do dia 17 e estejam mobilizados para lutar pela manuten\u00e7\u00e3o dos seus direitos e reivindica\u00e7\u00f5es da categoria\u201d, concluiu a presidenta da Contraf-CUT.<\/p>\n<p><strong>Basta de desemprego e retirada de direitos<\/strong><br \/>No dia 10 de agosto, no\u00a0<strong><a href=\"http:\/\/www.contrafcut.org.br\/noticias\/10-de-agosto-sera-o-dia-do-basta-a476\/\">Dia do Basta<\/a><\/strong>\u00a0a categoria vai promover retardamento da abertura de ag\u00eancias e departamentos banc\u00e1rios no dia 10 de agosto (sexta-feira) e participar das atividades locais que ser\u00e3o realizadas por sindicatos de diversas categorias contra os ataques aos direitos dos trabalhadores e contra o desemprego e a retirada de direitos. \u201cO Dia do Basta \u00e9 um Dia Nacional de Luta de todas as categorias contra o desemprego e a retirada de direitos. Mas, tamb\u00e9m \u00e9 um momento em os banc\u00e1rios mostraram aos banqueiros que n\u00e3o aceitar\u00e3o a retirada de direitos e que querem aumento real\u201d, convocou Juvandia.<\/p>\n<p><strong>Defesa dos bancos p\u00fablicos<\/strong><br \/>No dia 15 de agosto ser\u00e1 realizado um Dia Nacional de Luta em defesa dos bancos p\u00fablicos e contra a resolu\u00e7\u00e3o 23 da CGPAR, em Bras\u00edlia, em frente ao Minist\u00e9rio da Fazenda e repercutido nos estados que n\u00e3o puderem participar do ato em Bras\u00edlia.<\/p>\n<p><strong>Leia tamb\u00e9m:<\/strong><br \/><strong>\u00a0\u00a0\u00a0\u00a0 &gt;\u00a0<\/strong><em><a href=\"http:\/\/contrafcut.org.br\/noticias\/bancos-vao-apresentar-proposta-nesta-terca-bancarios-fazem-assembleia-na-quarta-4f92\">Bancos v\u00e3o apresentar proposta nesta ter\u00e7a; banc\u00e1rios fazem assembleia na quarta<\/a><\/em><br \/><strong>\u00a0\u00a0\u00a0\u00a0 &gt;\u00a0<\/strong><em><a href=\"http:\/\/www.contrafcut.org.br\/noticias\/mesa-de-negociacao-com-bb-fica-zerada-na-pauta-economica-66eb\/\" target=\"_blank\" rel=\"noopener noreferrer\"><ins>Mesa de negocia\u00e7\u00e3o com BB fica zerada na pauta econ\u00f4mica<\/ins><\/a><\/em><br \/><strong>\u00a0\u00a0\u00a0\u00a0 &gt;\u00a0<\/strong><em><ins><a href=\"http:\/\/www.contrafcut.org.br\/noticias\/caixa-nao-apresenta-propostas-para-reivindicacoes-dos-empregados-c03e\/\" target=\"_blank\" rel=\"noopener noreferrer\">Caixa n\u00e3o apresenta propostas para reivindica\u00e7\u00f5es dos empregados<\/a><\/ins><\/em><br \/><strong>\u00a0\u00a0\u00a0\u00a0 &gt;\u00a0<\/strong><em><a href=\"http:\/\/www.contrafcut.org.br\/noticias\/metas-sao-principal-causa-de-adoecimento-mas-bancos-nao-trazem-solucao-1396\/\" target=\"_blank\" rel=\"noopener noreferrer\"><ins>Metas s\u00e3o principal causa de adoecimento, mas bancos n\u00e3o trazem solu\u00e7\u00e3o<\/ins><\/a><\/em><br \/><strong>\u00a0\u00a0\u00a0\u00a0 &gt;\u00a0<\/strong><a href=\"http:\/\/www.contrafcut.org.br\/noticias\/bancos-fecharam-2-846-postos-de-trabalho-no-primeiro-semestre-de-2018-9cd1\/\" target=\"_blank\" rel=\"noopener noreferrer\"><em><ins>Bancos fecharam 2.846 postos de trabalho no primeiro semestre de 2018<\/ins><\/em><\/a><br \/><strong>\u00a0\u00a0\u00a0\u00a0 &gt;\u00a0<\/strong><em><a href=\"http:\/\/www.contrafcut.org.br\/noticias\/nao-ha-razao-para-demissoes-nos-bancos-8940\/\" target=\"_blank\" rel=\"noopener noreferrer\"><ins>N\u00e3o h\u00e1 raz\u00e3o para demiss\u00f5es nos bancos<\/ins><\/a><\/em><br \/><strong>\u00a0\u00a0\u00a0\u00a0 &gt;\u00a0<\/strong><em><a href=\"http:\/\/contrafcut.org.br\/noticias\/bancos-enrolam-e-proposta-sera-apresentada-dia-7-3b9e\">Bancos enrolam e proposta ser\u00e1 apresentada no dia 7<\/a><\/em><br \/><strong>\u00a0\u00a0\u00a0\u00a0 &gt;\u00a0<\/strong><em><ins><a href=\"http:\/\/www.contrafcut.org.br\/noticias\/bancarios-vao-para-mesa-negociar-mas-bancos-frustram-primeira-rodada-3dfd\/\" target=\"_blank\" rel=\"noopener noreferrer\">Banc\u00e1rios v\u00e3o para mesa negociar, mas bancos frustram primeira rodada<\/a><\/ins><\/em><br \/><strong>\u00a0\u00a0\u00a0\u00a0 &gt;\u00a0<\/strong><em><a href=\"http:\/\/www.contrafcut.org.br\/noticias\/10-de-agosto-sera-o-dia-do-basta-a476\/\">10 de agosto ser\u00e1 o Dia do Basta!<\/a><\/em><\/p>\n<\/div>\n<p id=\"page-author\"><span style=\"text-decoration: underline;\"><em><strong>Fonte: Contraf-CUT<\/strong><\/em><\/span><\/p>\n","protected":false},"excerpt":{"rendered":"<p>A Federa\u00e7\u00e3o Nacional dos Bancos (Fenaban) apresentou uma proposta que apenas cobre a infla\u00e7\u00e3o nos sal\u00e1rios, PLR, vales e demais verbas econ\u00f4micas, sem aumento real, na sexta reuni\u00e3o da mesa \u00fanica de negocia\u00e7\u00e3o, realizada nesta ter\u00e7a-feira (7), em S\u00e3o Paulo. Tamb\u00e9m n\u00e3o garantiu que os banc\u00e1rios n\u00e3o ser\u00e3o substitu\u00eddos por trabalhadores contratados de forma precarizada, [&hellip;]<\/p>\n","protected":false},"author":2,"featured_media":4990,"comment_status":"","ping_status":"","sticky":false,"template":"","format":"standard","meta":{"footnotes":""},"categories":[3],"tags":[],"class_list":["post-4991","post","type-post","status-publish","format-standard","has-post-thumbnail","hentry","category-noticias"],"_links":{"self":[{"href":"https:\/\/hostnetart.com.br\/baixada\/wp-json\/wp\/v2\/posts\/4991","targetHints":{"allow":["GET"]}}],"collection":[{"href":"https:\/\/hostnetart.com.br\/baixada\/wp-json\/wp\/v2\/posts"}],"about":[{"href":"https:\/\/hostnetart.com.br\/baixada\/wp-json\/wp\/v2\/types\/post"}],"author":[{"embeddable":true,"href":"https:\/\/hostnetart.com.br\/baixada\/wp-json\/wp\/v2\/users\/2"}],"replies":[{"embeddable":true,"href":"https:\/\/hostnetart.com.br\/baixada\/wp-json\/wp\/v2\/comments?post=4991"}],"version-history":[{"count":0,"href":"https:\/\/hostnetart.com.br\/baixada\/wp-json\/wp\/v2\/posts\/4991\/revisions"}],"wp:featuredmedia":[{"embeddable":true,"href":"https:\/\/hostnetart.com.br\/baixada\/wp-json\/wp\/v2\/media\/4990"}],"wp:attachment":[{"href":"https:\/\/hostnetart.com.br\/baixada\/wp-json\/wp\/v2\/media?parent=4991"}],"wp:term":[{"taxonomy":"category","embeddable":true,"href":"https:\/\/hostnetart.com.br\/baixada\/wp-json\/wp\/v2\/categories?post=4991"},{"taxonomy":"post_tag","embeddable":true,"href":"https:\/\/hostnetart.com.br\/baixada\/wp-json\/wp\/v2\/tags?post=4991"}],"curies":[{"name":"wp","href":"https:\/\/api.w.org\/{rel}","templated":true}]}}