{"id":4975,"date":"2018-08-07T13:24:59","date_gmt":"2018-08-07T16:24:59","guid":{"rendered":"https:\/\/hostnetart.com.br\/baixada\/bancarios-realizam-twittaco-nesta-terca-feira-7\/"},"modified":"2018-08-07T13:24:59","modified_gmt":"2018-08-07T16:24:59","slug":"bancarios-realizam-twittaco-nesta-terca-feira-7","status":"publish","type":"post","link":"https:\/\/hostnetart.com.br\/baixada\/bancarios-realizam-twittaco-nesta-terca-feira-7\/","title":{"rendered":"Banc\u00e1rios realizam twitta\u00e7o nesta ter\u00e7a-feira (7)"},"content":{"rendered":"<div class=\"content\">\n<p>Os banc\u00e1rios de todo o pa\u00eds realizar\u00e3o, nesta ter\u00e7a-feira (7), \u00e0s 9h, um twitta\u00e7o para cobrar da Federa\u00e7\u00e3o Nacional dos Bancos (Fenaban) uma proposta global com reajuste de sal\u00e1rios e demais verbas para a categoria. A reuni\u00e3o entre o Comando Nacional dos Banc\u00e1rios e os representantes dos bancos come\u00e7ar\u00e1 \u00e0s 10h.<\/p>\n<p>Na rede social, os trabalhadores utilizar\u00e3o a hashtag #queropropostadecente com o objetivo de pressionar os bancos a apresentarem uma proposta com aumento real para sal\u00e1rios, vales e aux\u00edlios, PLR maior, garantia para os empregos e melhores condi\u00e7\u00f5es de trabalho.<\/p>\n<\/div>\n<p id=\"page-author\"><strong>Fonte: Contraf-CUT<\/strong><\/p>\n","protected":false},"excerpt":{"rendered":"<p>Os banc\u00e1rios de todo o pa\u00eds realizar\u00e3o, nesta ter\u00e7a-feira (7), \u00e0s 9h, um twitta\u00e7o para cobrar da Federa\u00e7\u00e3o Nacional dos Bancos (Fenaban) uma proposta global com reajuste de sal\u00e1rios e demais verbas para a categoria. A reuni\u00e3o entre o Comando Nacional dos Banc\u00e1rios e os representantes dos bancos come\u00e7ar\u00e1 \u00e0s 10h. Na rede social, os [&hellip;]<\/p>\n","protected":false},"author":2,"featured_media":4974,"comment_status":"","ping_status":"","sticky":false,"template":"","format":"standard","meta":{"footnotes":""},"categories":[3],"tags":[],"class_list":["post-4975","post","type-post","status-publish","format-standard","has-post-thumbnail","hentry","category-noticias"],"_links":{"self":[{"href":"https:\/\/hostnetart.com.br\/baixada\/wp-json\/wp\/v2\/posts\/4975","targetHints":{"allow":["GET"]}}],"collection":[{"href":"https:\/\/hostnetart.com.br\/baixada\/wp-json\/wp\/v2\/posts"}],"about":[{"href":"https:\/\/hostnetart.com.br\/baixada\/wp-json\/wp\/v2\/types\/post"}],"author":[{"embeddable":true,"href":"https:\/\/hostnetart.com.br\/baixada\/wp-json\/wp\/v2\/users\/2"}],"replies":[{"embeddable":true,"href":"https:\/\/hostnetart.com.br\/baixada\/wp-json\/wp\/v2\/comments?post=4975"}],"version-history":[{"count":0,"href":"https:\/\/hostnetart.com.br\/baixada\/wp-json\/wp\/v2\/posts\/4975\/revisions"}],"wp:featuredmedia":[{"embeddable":true,"href":"https:\/\/hostnetart.com.br\/baixada\/wp-json\/wp\/v2\/media\/4974"}],"wp:attachment":[{"href":"https:\/\/hostnetart.com.br\/baixada\/wp-json\/wp\/v2\/media?parent=4975"}],"wp:term":[{"taxonomy":"category","embeddable":true,"href":"https:\/\/hostnetart.com.br\/baixada\/wp-json\/wp\/v2\/categories?post=4975"},{"taxonomy":"post_tag","embeddable":true,"href":"https:\/\/hostnetart.com.br\/baixada\/wp-json\/wp\/v2\/tags?post=4975"}],"curies":[{"name":"wp","href":"https:\/\/api.w.org\/{rel}","templated":true}]}}