{"id":4973,"date":"2018-08-06T21:54:58","date_gmt":"2018-08-07T00:54:58","guid":{"rendered":"https:\/\/hostnetart.com.br\/baixada\/eleicoes-para-delegado-sindical-da-cef-comecam-no-dia-20-de-agosto\/"},"modified":"2018-08-06T21:54:58","modified_gmt":"2018-08-07T00:54:58","slug":"eleicoes-para-delegado-sindical-da-cef-comecam-no-dia-20-de-agosto","status":"publish","type":"post","link":"https:\/\/hostnetart.com.br\/baixada\/eleicoes-para-delegado-sindical-da-cef-comecam-no-dia-20-de-agosto\/","title":{"rendered":"Elei\u00e7\u00f5es para delegado sindical da CEF come\u00e7am no dia 20 de Agosto"},"content":{"rendered":"<div class=\"itemFullText\">\n<p>Dos dias 20 a 23 de agosto, acontecer\u00e1 a elei\u00e7\u00e3o para Delegado Sindical da Caixa Econ\u00f4mica Federal.<\/p>\n<p>Os Diretores do Sindicato dos Banc\u00e1rios da Baixada Fluminense, Jos\u00e9 Guilherme Simonato Tinoco e Marcio Wanderley, percorrer\u00e3o as ag\u00eancias para a realiza\u00e7\u00e3o da elei\u00e7\u00e3o.<\/p>\n<\/div>\n","protected":false},"excerpt":{"rendered":"<p>Dos dias 20 a 23 de agosto, acontecer\u00e1 a elei\u00e7\u00e3o para Delegado Sindical da Caixa Econ\u00f4mica Federal. Os Diretores do Sindicato dos Banc\u00e1rios da Baixada Fluminense, Jos\u00e9 Guilherme Simonato Tinoco e Marcio Wanderley, percorrer\u00e3o as ag\u00eancias para a realiza\u00e7\u00e3o da elei\u00e7\u00e3o.<\/p>\n","protected":false},"author":2,"featured_media":4972,"comment_status":"","ping_status":"","sticky":false,"template":"","format":"standard","meta":{"footnotes":""},"categories":[3],"tags":[],"class_list":["post-4973","post","type-post","status-publish","format-standard","has-post-thumbnail","hentry","category-noticias"],"_links":{"self":[{"href":"https:\/\/hostnetart.com.br\/baixada\/wp-json\/wp\/v2\/posts\/4973","targetHints":{"allow":["GET"]}}],"collection":[{"href":"https:\/\/hostnetart.com.br\/baixada\/wp-json\/wp\/v2\/posts"}],"about":[{"href":"https:\/\/hostnetart.com.br\/baixada\/wp-json\/wp\/v2\/types\/post"}],"author":[{"embeddable":true,"href":"https:\/\/hostnetart.com.br\/baixada\/wp-json\/wp\/v2\/users\/2"}],"replies":[{"embeddable":true,"href":"https:\/\/hostnetart.com.br\/baixada\/wp-json\/wp\/v2\/comments?post=4973"}],"version-history":[{"count":0,"href":"https:\/\/hostnetart.com.br\/baixada\/wp-json\/wp\/v2\/posts\/4973\/revisions"}],"wp:featuredmedia":[{"embeddable":true,"href":"https:\/\/hostnetart.com.br\/baixada\/wp-json\/wp\/v2\/media\/4972"}],"wp:attachment":[{"href":"https:\/\/hostnetart.com.br\/baixada\/wp-json\/wp\/v2\/media?parent=4973"}],"wp:term":[{"taxonomy":"category","embeddable":true,"href":"https:\/\/hostnetart.com.br\/baixada\/wp-json\/wp\/v2\/categories?post=4973"},{"taxonomy":"post_tag","embeddable":true,"href":"https:\/\/hostnetart.com.br\/baixada\/wp-json\/wp\/v2\/tags?post=4973"}],"curies":[{"name":"wp","href":"https:\/\/api.w.org\/{rel}","templated":true}]}}