{"id":4969,"date":"2018-08-06T16:30:54","date_gmt":"2018-08-06T19:30:54","guid":{"rendered":"https:\/\/hostnetart.com.br\/baixada\/bancos-vao-apresentar-proposta-nesta-terca-bancarios-fazem-assembleia-na-quarta\/"},"modified":"2018-08-06T16:30:54","modified_gmt":"2018-08-06T19:30:54","slug":"bancos-vao-apresentar-proposta-nesta-terca-bancarios-fazem-assembleia-na-quarta","status":"publish","type":"post","link":"https:\/\/hostnetart.com.br\/baixada\/bancos-vao-apresentar-proposta-nesta-terca-bancarios-fazem-assembleia-na-quarta\/","title":{"rendered":"Bancos v\u00e3o apresentar proposta nesta ter\u00e7a; banc\u00e1rios fazem assembleia na quarta"},"content":{"rendered":"<div class=\"content\">\n<p>A semana da categoria banc\u00e1ria vai ser quente. Na ter\u00e7a-feira (7), os bancos devem trazer para a mesa de negocia\u00e7\u00e3o uma proposta global com \u00edndice de reajuste para os sal\u00e1rios e demais verbas da categoria. No dia seguinte (8), os trabalhadores se re\u00fanem em assembleias por todo o Brasil para analisar o que for apresentado pela Federa\u00e7\u00e3o Nacional dos Bancos (Fenaban). Caso a proposta n\u00e3o seja aprovada, os banc\u00e1rios v\u00e3o deliberar sobre quais ser\u00e3o as estrat\u00e9gias de luta.<\/p>\n<p>\u201cOs negociadores da Fenaban v\u00eam afirmando, desde a entrega da pauta, que querem resolver a campanha na mesa de negocia\u00e7\u00e3o e antes da data base dos banc\u00e1rios (1\u00ba de setembro). Chegou a hora de mostrarem se essa inten\u00e7\u00e3o \u00e9 real\u201d, afirma Juvandia Moreira, presidenta da Confedera\u00e7\u00e3o dos Trabalhadores do Ramo Financeiro (Contraf-CUT). \u201cDe nossa parte, sabemos que os bancos t\u00eam totais condi\u00e7\u00f5es de atender \u00e0s reivindica\u00e7\u00f5es da categoria: aumento real para sal\u00e1rios, vales e aux\u00edlios, PLR maior, garantia para os empregos, melhores condi\u00e7\u00f5es de trabalho para acabar com o alto n\u00edvel de adoecimento da categoria. Al\u00e9m disso tudo, garantir todos os direitos previstos na Conven\u00e7\u00e3o Coletiva de Trabalho (CCT), de forma que os contratos prec\u00e1rios autorizados pela reforma trabalhista do p\u00f3s-golpe n\u00e3o atinjam os banc\u00e1rios\u201d, ressalta a dirigente, lembrando que sindicatos e trabalhadores est\u00e3o mobilizados para proibir que contratos tempor\u00e1rios, intermitentes, terceirizados e PJs avancem sobre os empregos do setor.<\/p>\n<p>Os banc\u00e1rios do Banco do Brasil e da Caixa, cujos direitos espec\u00edficos est\u00e3o sendo negociados com as dire\u00e7\u00f5es dos respectivos bancos, tamb\u00e9m devem participar da assembleia no dia 8.<\/p>\n<p>\u00a0\u00a0\u00a0\u00a0 <strong>&gt;<\/strong> <em><a href=\"http:\/\/www.contrafcut.org.br\/noticias\/mesa-de-negociacao-com-bb-fica-zerada-na-pauta-economica-66eb\/\" target=\"_blank\" rel=\"noopener noreferrer\"><ins>Mesa de negocia\u00e7\u00e3o com BB fica zerada na pauta econ\u00f4mica<\/ins><\/a><\/em><br \/> \u00a0\u00a0\u00a0\u00a0 <strong>&gt;<\/strong> <ins><em><a href=\"http:\/\/www.contrafcut.org.br\/noticias\/caixa-nao-apresenta-propostas-para-reivindicacoes-dos-empregados-c03e\/\" target=\"_blank\" rel=\"noopener noreferrer\">Caixa n\u00e3o apresenta propostas para reivindica\u00e7\u00f5es dos empregados<\/a><\/em><\/ins><\/p>\n<p><strong>Bancos est\u00e3o devendo proposta<\/strong><br \/> A Fenaban j\u00e1 deveria ter apresentado, no dia 1\u00ba de agosto, uma proposta para os dirigentes sindicais que comp\u00f5em o Comando Nacional dos Banc\u00e1rios. No entanto, <ins><strong><em><a href=\"http:\/\/www.contrafcut.org.br\/noticias\/bancos-enrolam-e-proposta-sera-apresentada-dia-7-3b9e\" target=\"_blank\" rel=\"noopener noreferrer\">solicitaram debater melhor<\/a><\/em><\/strong><\/ins> cada cl\u00e1usula econ\u00f4mica e de igualdade de oportunidades que comp\u00f5em a pauta de reivindica\u00e7\u00f5es. Assim foi feito, com o compromisso de que uma proposta completa seria apresentada no dia 7.<\/p>\n<p>\u201cDestacamos que a categoria espera uma boa proposta com aumento real diante do crescimento de quase 34% no lucro das cinco maiores institui\u00e7\u00f5es em 2017, de 20% no primeiro trimestre de 2018 e que segue em alta diante dos balan\u00e7os do semestre j\u00e1 divulgados\u201d, lembra Juvandia, uma das coordenadoras do Comando.<\/p>\n<p>\u00a0\u00a0\u00a0\u00a0 <strong>&gt;<\/strong> <ins><em><a href=\"http:\/\/www.contrafcut.org.br\/noticias\/lucro-do-itau-chega-a-quase-r-13-bilhoes-no-1-semestre-d556\/\" target=\"_blank\" rel=\"noopener noreferrer\">Lucro do Ita\u00fa chega a quase R$ 13 bilh\u00f5es no 1\u00ba semestre<\/a><\/em><\/ins><br \/> \u00a0\u00a0\u00a0\u00a0 <strong>&gt;<\/strong> <em><ins><a href=\"http:\/\/www.contrafcut.org.br\/noticias\/lucro-do-bradesco-ultrapassa-r-10-bilhoes-no-1-semestre-1a29\/\" target=\"_blank\" rel=\"noopener noreferrer\">Lucro do Bradesco ultrapassa R$ 10 bilh\u00f5es no 1\u00ba semestre<\/a><\/ins><\/em><br \/> \u00a0\u00a0\u00a0\u00a0 <strong>&gt;<\/strong> <em><ins><a href=\"http:\/\/www.contrafcut.org.br\/noticias\/santander-lucra-5-9-bilhoes-no-primeiro-semestre-de-2018-635a\/\" target=\"_blank\" rel=\"noopener noreferrer\">Santander lucra 5,9 bilh\u00f5es no primeiro semestre de 2018<\/a><\/ins><\/em><\/p>\n<p><strong>Setor pode pagar aumento real e respeitar empregos<\/strong><br \/> Os bancos ganham muito gra\u00e7as ao trabalho banc\u00e1rio. S\u00f3 com a receita de presta\u00e7\u00e3o de servi\u00e7os e tarifas, os cinco maiores que comp\u00f5em a mesa de negocia\u00e7\u00e3o (BB, Caixa, Ita\u00fa, Bradesco e Santander) cobrem quase 140% do total dispendido em despesa de pessoal, que inclui sal\u00e1rios, encargos, benef\u00edcios, PLR, treinamentos, provis\u00f5es trabalhistas etc. Ou seja, pagam todos os funcion\u00e1rios com o que ganham com tarifas e ainda sobra muito. Nos tr\u00eas primeiros meses deste ano acumularam o montante de R$ 32,4 bilh\u00f5es com a receita de tarifas, crescimento de 6,9% em rela\u00e7\u00e3o ao mesmo per\u00edodo de 2017.<\/p>\n<p>\u201cOs bancos est\u00e3o h\u00e1 cerca de duas d\u00e9cadas acumulando lucros astron\u00f4micos. Podem pagar aumento real e devem isso aos trabalhadores. Mesmo em setores menos lucrativos, a propor\u00e7\u00e3o de reajustes acima da infla\u00e7\u00e3o foi de 84,6% no primeiro semestre de 2018\u201d, ressalta Juvandia.<\/p>\n<p>A categoria cobra tamb\u00e9m respeito aos empregos. No primeiro trimestre deste ano, houve queda de 13.564 postos de trabalho comparado ao mesmo per\u00edodo de 2017. Desde 2016 j\u00e1 foram extintos mais de 40 mil empregos no setor.<\/p>\n<p>\u201cO Brasil precisa de empregos decentes, com carteira assinada e direitos reconhecidos, para voltar a crescer. E os bancos devem isso \u00e0 sociedade brasileira que tanto lucro d\u00e1 ao setor\u201d, completa a presidenta da Contraf-CUT.<\/p>\n<\/div>\n<p id=\"page-author\"><strong>Fonte: Contraf-CUT<\/strong><\/p>\n","protected":false},"excerpt":{"rendered":"<p>A semana da categoria banc\u00e1ria vai ser quente. Na ter\u00e7a-feira (7), os bancos devem trazer para a mesa de negocia\u00e7\u00e3o uma proposta global com \u00edndice de reajuste para os sal\u00e1rios e demais verbas da categoria. No dia seguinte (8), os trabalhadores se re\u00fanem em assembleias por todo o Brasil para analisar o que for apresentado [&hellip;]<\/p>\n","protected":false},"author":2,"featured_media":4968,"comment_status":"","ping_status":"","sticky":false,"template":"","format":"standard","meta":{"footnotes":""},"categories":[3],"tags":[],"class_list":["post-4969","post","type-post","status-publish","format-standard","has-post-thumbnail","hentry","category-noticias"],"_links":{"self":[{"href":"https:\/\/hostnetart.com.br\/baixada\/wp-json\/wp\/v2\/posts\/4969","targetHints":{"allow":["GET"]}}],"collection":[{"href":"https:\/\/hostnetart.com.br\/baixada\/wp-json\/wp\/v2\/posts"}],"about":[{"href":"https:\/\/hostnetart.com.br\/baixada\/wp-json\/wp\/v2\/types\/post"}],"author":[{"embeddable":true,"href":"https:\/\/hostnetart.com.br\/baixada\/wp-json\/wp\/v2\/users\/2"}],"replies":[{"embeddable":true,"href":"https:\/\/hostnetart.com.br\/baixada\/wp-json\/wp\/v2\/comments?post=4969"}],"version-history":[{"count":0,"href":"https:\/\/hostnetart.com.br\/baixada\/wp-json\/wp\/v2\/posts\/4969\/revisions"}],"wp:featuredmedia":[{"embeddable":true,"href":"https:\/\/hostnetart.com.br\/baixada\/wp-json\/wp\/v2\/media\/4968"}],"wp:attachment":[{"href":"https:\/\/hostnetart.com.br\/baixada\/wp-json\/wp\/v2\/media?parent=4969"}],"wp:term":[{"taxonomy":"category","embeddable":true,"href":"https:\/\/hostnetart.com.br\/baixada\/wp-json\/wp\/v2\/categories?post=4969"},{"taxonomy":"post_tag","embeddable":true,"href":"https:\/\/hostnetart.com.br\/baixada\/wp-json\/wp\/v2\/tags?post=4969"}],"curies":[{"name":"wp","href":"https:\/\/api.w.org\/{rel}","templated":true}]}}