{"id":4967,"date":"2018-08-06T14:35:37","date_gmt":"2018-08-06T17:35:37","guid":{"rendered":"https:\/\/hostnetart.com.br\/baixada\/comunidades-da-baixada-fluminense-retrato-da-volta-da-extrema-pobreza\/"},"modified":"2018-08-06T14:35:37","modified_gmt":"2018-08-06T17:35:37","slug":"comunidades-da-baixada-fluminense-retrato-da-volta-da-extrema-pobreza","status":"publish","type":"post","link":"https:\/\/hostnetart.com.br\/baixada\/comunidades-da-baixada-fluminense-retrato-da-volta-da-extrema-pobreza\/","title":{"rendered":"Comunidades da Baixada Fluminense: retrato da volta da extrema pobreza"},"content":{"rendered":"<p class=\" \">Com a volta do crescimento da <a class=\"internal-link\" title=\"\" href=\"https:\/\/www.redebrasilatual.com.br\/politica\/2018\/08\/direitos-humanos-sao-mais-importantes-do-que-austeridade-fiscal-dizem-representantes-da-onu\" target=\"_blank\" rel=\"noopener noreferrer\">extrema pobreza<\/a> no Brasil, moradores das comunidades Parque Jo\u00e3o e Jonas Godin, na Baixada Fluminense, regi\u00e3o metropolitana do Rio de Janeiro, denunciam a situa\u00e7\u00e3o de vulnerabilidade social vivenciada. Divulgado no m\u00eas passado, o <a class=\"internal-link\" title=\"\" href=\"https:\/\/www.redebrasilatual.com.br\/cidadania\/2018\/07\/brasil-tera-dificuldades-de-cumprir-metas-de-desenvolvimento-sustentavel-ate-2030\" target=\"_blank\" rel=\"noopener noreferrer\">Relat\u00f3rio Luz 2018<\/a>, trouxe em dados os desdobramentos do <a class=\"internal-link\" title=\"\" href=\"https:\/\/www.redebrasilatual.com.br\/economia\/2018\/07\/pais-tem-13-milhoes-de-desempregados-e-trabalho-com-carteira-segue-em-queda\" target=\"_blank\" rel=\"noopener noreferrer\">aumento do desemprego<\/a> e a <a class=\"internal-link\" title=\"\" href=\"https:\/\/www.redebrasilatual.com.br\/cidadania\/2018\/07\/retrocessos-de-temer-e-secas-no-nordeste-aumentam-drama-da-fome-no-pais\" target=\"_blank\" rel=\"noopener noreferrer\">imin\u00eancia da fome<\/a> que amea\u00e7a os brasileiros e faz relembrar patamares de 12 anos atr\u00e1s, quando o pa\u00eds apresentava quase 12 milh\u00f5es de pessoas nesta situa\u00e7\u00e3o.<\/p>\n<p class=\" \">De acordo com o pesquisador\u00a0Francisco Menezes,\u00a0coordenador do Instituto Brasileiro de An\u00e1lises Sociais e Econ\u00f4micas (Ibase), desde 2017 as entidades civis v\u00eam alertando sobre o aumento de indicativos do quadro da fome e a possibilidade do Brasil voltar a fazer parte do Mapa da Fome da Organiza\u00e7\u00e3o das Na\u00e7\u00f5es Unidas (ONU).\u00a0&#8220;Agora j\u00e1 n\u00e3o temos mais muitas d\u00favidas&#8221;, lamenta Menezes.<\/p>\n<p class=\" \">A l\u00edder comunit\u00e1ria Maria &#8220;Chocolate&#8221; do Carmo da Silva relata ver de perto a volta desses problemas sociais, com muitos pais indo at\u00e9 ela para buscar ajuda. &#8220;Tem fam\u00edlias que voc\u00ea fica &#8216;apavorada&#8217;, porque quando voc\u00ea vai levar alguma coisa, chega na casa e v\u00ea que o cara n\u00e3o tem nada mesmo&#8221;, afirma.<\/p>\n<p class=\" \">A estudante Leydimila Alves da Silva e Silva faz denuncia semelhante. &#8220;\u00c0s vezes a gente tem um arroz e feij\u00e3o, \u00e0s vezes a gente n\u00e3o tem&#8221;, descreve, explicando que a situa\u00e7\u00e3o decorre da diminui\u00e7\u00e3o dos trabalhos da m\u00e3e, que \u00e9 faxineira e cuida ainda de mais duas irm\u00e3s pequenas.\u00a0<\/p>\n<p class=\" \">Na base dessa pir\u00e2mide de desassist\u00eancia, o pesquisador cita a aprova\u00e7\u00e3o da <a class=\"internal-link\" title=\"\" href=\"https:\/\/www.redebrasilatual.com.br\/politica\/2018\/07\/sbpc-lanca-documento-pela-ciencia-tecnologia-educacao-saude-e-democracia\" target=\"_blank\" rel=\"noopener noreferrer\">Emenda Constitucional 95<\/a> \u2013 que congela investimentos sociais por 20 anos \u2013 como um dos principais fatores causadores dessa situa\u00e7\u00e3o. &#8220;Do nosso ponto de vista (a emenda) \u00e9 inconstitucional, porque ela come\u00e7a a violar direitos que est\u00e3o l\u00e1 no artigo 6\u00ba da Constitui\u00e7\u00e3o e precisamos revogar&#8221;, alerta Menezes.<\/p>\n<h3 class=\" \">Assista \u00e0 reportagem de Viviane Nascimento: <a href=\"https:\/\/www.youtube.com\/watch?v=voanXrbr1FI\">https:\/\/www.youtube.com\/watch?v=voanXrbr1FI<\/a><\/h3>\n<p>\u00a0<\/p>\n<p><strong>FONTE: Rede Brasil Atual<\/strong><\/p>\n","protected":false},"excerpt":{"rendered":"<p>Com a volta do crescimento da extrema pobreza no Brasil, moradores das comunidades Parque Jo\u00e3o e Jonas Godin, na Baixada Fluminense, regi\u00e3o metropolitana do Rio de Janeiro, denunciam a situa\u00e7\u00e3o de vulnerabilidade social vivenciada. Divulgado no m\u00eas passado, o Relat\u00f3rio Luz 2018, trouxe em dados os desdobramentos do aumento do desemprego e a imin\u00eancia da [&hellip;]<\/p>\n","protected":false},"author":2,"featured_media":4966,"comment_status":"","ping_status":"","sticky":false,"template":"","format":"standard","meta":{"footnotes":""},"categories":[3],"tags":[],"class_list":["post-4967","post","type-post","status-publish","format-standard","has-post-thumbnail","hentry","category-noticias"],"_links":{"self":[{"href":"https:\/\/hostnetart.com.br\/baixada\/wp-json\/wp\/v2\/posts\/4967","targetHints":{"allow":["GET"]}}],"collection":[{"href":"https:\/\/hostnetart.com.br\/baixada\/wp-json\/wp\/v2\/posts"}],"about":[{"href":"https:\/\/hostnetart.com.br\/baixada\/wp-json\/wp\/v2\/types\/post"}],"author":[{"embeddable":true,"href":"https:\/\/hostnetart.com.br\/baixada\/wp-json\/wp\/v2\/users\/2"}],"replies":[{"embeddable":true,"href":"https:\/\/hostnetart.com.br\/baixada\/wp-json\/wp\/v2\/comments?post=4967"}],"version-history":[{"count":0,"href":"https:\/\/hostnetart.com.br\/baixada\/wp-json\/wp\/v2\/posts\/4967\/revisions"}],"wp:featuredmedia":[{"embeddable":true,"href":"https:\/\/hostnetart.com.br\/baixada\/wp-json\/wp\/v2\/media\/4966"}],"wp:attachment":[{"href":"https:\/\/hostnetart.com.br\/baixada\/wp-json\/wp\/v2\/media?parent=4967"}],"wp:term":[{"taxonomy":"category","embeddable":true,"href":"https:\/\/hostnetart.com.br\/baixada\/wp-json\/wp\/v2\/categories?post=4967"},{"taxonomy":"post_tag","embeddable":true,"href":"https:\/\/hostnetart.com.br\/baixada\/wp-json\/wp\/v2\/tags?post=4967"}],"curies":[{"name":"wp","href":"https:\/\/api.w.org\/{rel}","templated":true}]}}