{"id":4957,"date":"2018-08-03T16:55:41","date_gmt":"2018-08-03T19:55:41","guid":{"rendered":"https:\/\/hostnetart.com.br\/baixada\/caixa-nao-apresenta-propostas-para-reivindicacoes-dos-empregados\/"},"modified":"2018-08-03T16:55:41","modified_gmt":"2018-08-03T19:55:41","slug":"caixa-nao-apresenta-propostas-para-reivindicacoes-dos-empregados","status":"publish","type":"post","link":"https:\/\/hostnetart.com.br\/baixada\/caixa-nao-apresenta-propostas-para-reivindicacoes-dos-empregados\/","title":{"rendered":"Caixa n\u00e3o apresenta propostas para reivindica\u00e7\u00f5es dos empregados"},"content":{"rendered":"<div class=\"content\">\n<p>A Caixa Econ\u00f4mica Federal n\u00e3o apresentou propostas para as reivindica\u00e7\u00f5es dos empregados durante a mesa de negocia\u00e7\u00e3o com a Comiss\u00e3o Executiva dos Empregados da Caixa (CEE\/Caixa), realizada nesta quinta-feira (2), em S\u00e3o Paulo. Todos os itens discutidos foram norteados pela cobran\u00e7a da manuten\u00e7\u00e3o do Acordo Coletivo de Trabalho (ACT) espec\u00edfico dos empregados do banco.<\/p>\n<p>A mesa de apresenta\u00e7\u00e3o de proposta do banco foi marcada para o dia 7, na sequ\u00eancia da esperada mesa de negocia\u00e7\u00e3o entre a Federa\u00e7\u00e3o Nacional dos Bancos (Fenaban) com o Comando Nacional dos Banc\u00e1rios.<\/p>\n<p>No dia 8, os banc\u00e1rios de todo o pa\u00eds realizar\u00e3o assembleias para avalia\u00e7\u00e3o da contra proposta, que deve ser apresentada pela Fenaban no dia 7.<\/p>\n<p>Leia tamb\u00e9m:<\/p>\n<p>&gt;<a href=\"http:\/\/www.contrafcut.org.br\/noticias\/10-de-agosto-sera-o-dia-do-basta-a476\/\">10 de agosto ser\u00e1 o Dia do Basta!<\/a><\/p>\n<p>&gt;<a href=\"http:\/\/www.contrafcut.org.br\/noticias\/contraf-cut-cobra-e-caixa-nega-garantia-de-direitos-dos-empregados-fdd4\/\">Contraf-CUT cobra e Caixa nega garantia de direitos dos empregados<\/a><\/p>\n<p>&gt;<a href=\"http:\/\/www.contrafcut.org.br\/noticias\/caixa-nao-assina-garantias-contra-a-reforma-trabalhista-0bb8\/\">Caixa n\u00e3o assina garantias contra a reforma trabalhista<\/a><\/p>\n<p>&gt;<a href=\"http:\/\/www.contrafcut.org.br\/noticias\/contraf-cut-garante-calendario-de-negociacoes-com-a-caixa-1530\/\">Contraf-CUT garante calend\u00e1rio de negocia\u00e7\u00f5es com a Caixa<\/a><\/p>\n<p><strong>PLR e PLR Social<\/strong><\/p>\n<p>Os empregados cobraram a <a href=\"http:\/\/www.contrafcut.org.br\/noticias\/caixa-plr-e-plr-social-ameacados-f784\">garantia da PLR e da PLR Socia<\/a>l. Para o coordenador da CEE\/Caixa, Dionisio Reis, \u00e9 inadmiss\u00edvel que o acordo n\u00e3o abranja a todos e que resguarde contra os abusos da nova lei trabalhista. \u201cN\u00e3o vamos aceitar de forma alguma o que n\u00e3o seja regra As nossas conquistas hist\u00f3ricas est\u00e3o consignadas no acordo coletivo. \u00c9 inadmiss\u00edvel que o acordo tenha restri\u00e7\u00e3o das clausulas que j\u00e1 est\u00e3o consignadas. Queremos ampliar as conquistas e n\u00e3o restringir e por isso colocamos nosso protesto em defesa da PLR e da PLR social\u201d, reivindicou. O banco n\u00e3o garantiu o direito mantendo a limita\u00e7\u00e3o imposta pelo governo.<\/p>\n<p><strong>Sa\u00fade Caixa<\/strong><\/p>\n<p>A Caixa afirmou que ir\u00e1 aplicar a resolu\u00e7\u00e3o 23 da CGPAR e n\u00e3o garantiu a manuten\u00e7\u00e3o do modelo Sa\u00fade Caixa, da forma que foi criado. \u201cA resolu\u00e7\u00e3o afeta n\u00e3o apenas o plano de sa\u00fade dos empregados da Caixa, mas de todas as empresas p\u00fablicas. Defendemos a Sa\u00fade Caixa no acordo coletivo no modelo que ele foi constru\u00eddo historicamente pelos empregados na mesa de negocia\u00e7\u00e3o\u201d, afirmou Dionisio Reis.<\/p>\n<p>De acordo com a Fabiana Uehara, secret\u00e1ria da Cultura e representante da Contraf-CUT nas negocia\u00e7\u00f5es, \u00e9 preciso refor\u00e7ar a defesa do plano de sa\u00fade. \u201cO Sa\u00fade Caixa \u00e9 fruto de uma conquista da greve de 2003. Refor\u00e7amos a defesa do Sa\u00fade Caixa auto sustent\u00e1vel, na sua melhoria e quando necess\u00e1rio o empregado possa utiliza-lo na sua totalidade\u201d, disse.<\/p>\n<p><strong>Contrata\u00e7\u00f5es e Veda\u00e7\u00e3o do Descomissionamento de Gestantes<\/strong><\/p>\n<p>A CEE cobrou da Caixa o fim dos descomissionamentos de gestantes e a contrata\u00e7\u00e3o de mais empregados. De acordo com o coordenador da CEE\/Caixa, a a regra do banco para os descomissionamentos \u00e9 omissa. \u201cRequeremos uma veda\u00e7\u00e3o para n\u00e3o descomissionamento da gestante e a seguran\u00e7a, para que, ap\u00f3s a volta ao trabalho, ela possa ter mais 6 meses de garantia para n\u00e3o ter o descomissionamento da fun\u00e7\u00e3o\u201d, afirmou.<\/p>\n<p>Para Dion\u00edsio Reis, a situa\u00e7\u00e3o de sobrecarga de trabalho nas ag\u00eancias \u00e9 preocupante. \u201cHoje os colegas sofrem com muita sobrecarga, a reducao dos empregados faz com que as unidades se tornem ambientes cada vez mais adoecedores\u201d, revelou.<\/p>\n<p>O banco n\u00e3o apresentou proposta para ambas as reivindica\u00e7\u00f5es e indicou a possibilidade de contratar terceirizados para atividade fim.<\/p>\n<p><strong>Banc\u00e1rio Tempor\u00e1rio<\/strong><\/p>\n<p>A revoga\u00e7\u00e3o do RH 037 mais uma vez esteve em pauta na mesa de negocia\u00e7\u00e3o, por\u00e9m, mais uma vez, a resposta da Caixa foi negativa \u00e0 reivindica\u00e7\u00e3o. O normativo, que passou por atualiza\u00e7\u00e3o em agosto de 2017 para se adequar \u00e0 Lei da Terceiriza\u00e7\u00e3o, permite a contrata\u00e7\u00e3o de trabalhadores tempor\u00e1rios sem qualquer v\u00ednculo empregat\u00edcio com o banco, por meio de empresas que fornecem m\u00e3o de obra terceirizada, para a realiza\u00e7\u00e3o de tarefas de t\u00e9cnico banc\u00e1rio.<\/p>\n<p>Os empregados tamb\u00e9m discutiram sobre a cria\u00e7\u00e3o de um programa de tratamento para dependentes qu\u00edmicos. Foram apresentados todos os pontos discutidos no <a href=\"http:\/\/www.contrafcut.org.br\/noticias\/conecef-aprova-pauta-de-reivindicacoes-dos-empregados-da-caixa-6762\">\u00faltimo Conecef<\/a>, como: a defesa da Caixa 100% p\u00fablica, Nenhum direito a menos e sa\u00fade e condi\u00e7\u00f5es de trabalho sem respostas do banco.<\/p>\n<p>A Comiss\u00e3o Excecutiva da Caixa marcou uma reuni\u00e3o com o banco no dia 7 para apresenta\u00e7\u00e3o de uma proposta. Os empregados esperam que a proposta seja apresentada para que seja avaliada junto com a proposta da Fenaban nas assembleias, em todos os sindicatos do pa\u00eds, no dia 8.<\/p>\n<\/div>\n<p id=\"page-author\"><span style=\"text-decoration: underline;\"><em><strong>Fonte: Contraf-CUT<\/strong><\/em><\/span><\/p>\n","protected":false},"excerpt":{"rendered":"<p>A Caixa Econ\u00f4mica Federal n\u00e3o apresentou propostas para as reivindica\u00e7\u00f5es dos empregados durante a mesa de negocia\u00e7\u00e3o com a Comiss\u00e3o Executiva dos Empregados da Caixa (CEE\/Caixa), realizada nesta quinta-feira (2), em S\u00e3o Paulo. Todos os itens discutidos foram norteados pela cobran\u00e7a da manuten\u00e7\u00e3o do Acordo Coletivo de Trabalho (ACT) espec\u00edfico dos empregados do banco. A [&hellip;]<\/p>\n","protected":false},"author":2,"featured_media":4956,"comment_status":"","ping_status":"","sticky":false,"template":"","format":"standard","meta":{"footnotes":""},"categories":[3],"tags":[],"class_list":["post-4957","post","type-post","status-publish","format-standard","has-post-thumbnail","hentry","category-noticias"],"_links":{"self":[{"href":"https:\/\/hostnetart.com.br\/baixada\/wp-json\/wp\/v2\/posts\/4957","targetHints":{"allow":["GET"]}}],"collection":[{"href":"https:\/\/hostnetart.com.br\/baixada\/wp-json\/wp\/v2\/posts"}],"about":[{"href":"https:\/\/hostnetart.com.br\/baixada\/wp-json\/wp\/v2\/types\/post"}],"author":[{"embeddable":true,"href":"https:\/\/hostnetart.com.br\/baixada\/wp-json\/wp\/v2\/users\/2"}],"replies":[{"embeddable":true,"href":"https:\/\/hostnetart.com.br\/baixada\/wp-json\/wp\/v2\/comments?post=4957"}],"version-history":[{"count":0,"href":"https:\/\/hostnetart.com.br\/baixada\/wp-json\/wp\/v2\/posts\/4957\/revisions"}],"wp:featuredmedia":[{"embeddable":true,"href":"https:\/\/hostnetart.com.br\/baixada\/wp-json\/wp\/v2\/media\/4956"}],"wp:attachment":[{"href":"https:\/\/hostnetart.com.br\/baixada\/wp-json\/wp\/v2\/media?parent=4957"}],"wp:term":[{"taxonomy":"category","embeddable":true,"href":"https:\/\/hostnetart.com.br\/baixada\/wp-json\/wp\/v2\/categories?post=4957"},{"taxonomy":"post_tag","embeddable":true,"href":"https:\/\/hostnetart.com.br\/baixada\/wp-json\/wp\/v2\/tags?post=4957"}],"curies":[{"name":"wp","href":"https:\/\/api.w.org\/{rel}","templated":true}]}}