{"id":4955,"date":"2018-08-02T16:56:12","date_gmt":"2018-08-02T19:56:12","guid":{"rendered":"https:\/\/hostnetart.com.br\/baixada\/caixa-e-banco-do-brasil-se-juntam-aos-banqueiros-privados-para-explicar-reforma-trabalhista\/"},"modified":"2018-08-02T16:56:12","modified_gmt":"2018-08-02T19:56:12","slug":"caixa-e-banco-do-brasil-se-juntam-aos-banqueiros-privados-para-explicar-reforma-trabalhista","status":"publish","type":"post","link":"https:\/\/hostnetart.com.br\/baixada\/caixa-e-banco-do-brasil-se-juntam-aos-banqueiros-privados-para-explicar-reforma-trabalhista\/","title":{"rendered":"Caixa e Banco do Brasil se juntam aos banqueiros privados para \u201cexplicar\u201d reforma trabalhista"},"content":{"rendered":"<div class=\"content\">\n<p>Os bancos p\u00fablicos BB e Caixa, administrados pelo governo Temer na era p\u00f3s-golpe, est\u00e3o entre as entidades p\u00fablicas e privadas que patrocinam uma s\u00e9rie de semin\u00e1rios a favor dos retrocessos e da retirada de direitos pela Reforma Trabalhista.\u00a0 O \u201cProjeto Articula\u00e7\u00e3o Pol\u00edtica Pelo Emprego \u2013 Jornadas Brasileiras de Rela\u00e7\u00f5es do Trabalho\u201d \u00e9 promovido pelo Instituto Brasileiro de Ensino e Cultura (IBEC) em parceria com a Comiss\u00e3o de Trabalho, de Administra\u00e7\u00e3o e Servi\u00e7o P\u00fablico da C\u00e2mara Federal dos Deputados.<\/p>\n<p>A Caixa confirmou que repassou o montante de R$ 300 mil em patroc\u00ednio para os eventos. J\u00e1 o Banco do Brasil confirmou repasse, via BB Seguros, mas se nega a confirmar o valor. As informa\u00e7\u00f5es foram solicitadas pela Federa\u00e7\u00e3o dos Trabalhadores em Empresas de Cr\u00e9dito do Paran\u00e1 (Fetec-CUT-PR) via Lei da Transpar\u00eancia (12.527\/2011).<\/p>\n<p>\u201c\u00c9 lament\u00e1vel que a Caixa, um banco p\u00fablico, que deveria fomentar pol\u00edticas sociais que beneficiem toda a popula\u00e7\u00e3o, se preste a esse papel de financiar interesses privados, considerando que as altera\u00e7\u00f5es na legisla\u00e7\u00e3o trabalhista beneficiam somente os empres\u00e1rios e visam o lucro e o corte de direitos\u201d, afirma Jo\u00e3o Paulo Pierozan, representante dos trabalhadores banc\u00e1rios do Paran\u00e1 nas negocia\u00e7\u00f5es com a Caixa.<\/p>\n<p><strong>Programa\u00e7\u00e3o do semin\u00e1rio distorce pontos prejudiciais da reforma<\/strong><\/p>\n<p>Divulgada oficialmente pela C\u00e2mara Federal como \u201cprojeto com objetivo de debater de forma t\u00e9cnica e sem ideologia a aplica\u00e7\u00e3o da lei da reforma trabalhista\u201d, a jornada \u00e9 coordenada pelo deputado Ronaldo Nogueira, ministro do trabalho de Temer na \u00e9poca da aprova\u00e7\u00e3o da lei, e prev\u00ea em sua programa\u00e7\u00e3o abordagem direcionada com a participa\u00e7\u00e3o de Ministros do Tribunal Superior do Trabalho (TST), incluindo o ex-presidente Ives Gandra Martins Filho, not\u00f3rio defensor das altera\u00e7\u00f5es que prejudicam os trabalhadores e favorecem as empresas.<\/p>\n<p>No final de junho, a Federa\u00e7\u00e3o dos Trabalhadores em Empresas de Cr\u00e9dito do Paran\u00e1 (Fetec-CUT-PR) protocolou pedido de informa\u00e7\u00f5es junto \u00e0s empresas p\u00fablicas Caixa, Banco do Brasil e Correios, e ainda, junto \u00e0 Presid\u00eancia da Rep\u00fablica, via Lei de Acesso \u00e0 Informa\u00e7\u00e3o (12.527\/2011), para esclarecer diversas modalidades de patroc\u00ednio divulgadas, como \u201couro\u201d, \u201cprata\u201d, \u201cplatinum\u201d e \u201cmaster\u201d, al\u00e9m de apoios institucionais de empresas de comunica\u00e7\u00e3o e entidades patronais, incluindo a Federa\u00e7\u00e3o Brasileira de Bancos (Febraban).<\/p>\n<p>Em resposta, a Caixa, atrav\u00e9s da Superintend\u00eancia Nacional de Promo\u00e7\u00f5es e Eventos, confirmou que est\u00e1 patrocinando o projeto com R$ 300 mil, equivalentes ao patroc\u00ednio master. Com um t\u00f3pico de \u201cesclarecimento\u201d, o banco contextualiza os eventos com a finalidade de discutir com profundidade as altera\u00e7\u00f5es, \u201cassim como debater alternativas de potencializa\u00e7\u00e3o do crescimento econ\u00f4mico e gera\u00e7\u00e3o de emprego e renda\u201d.<\/p>\n<p>Ainda que o posicionamento do banco seja da gera\u00e7\u00e3o do emprego, dentro da gest\u00e3o da pr\u00f3pria entidade neste governo Temer, h\u00e1 reiterados ataques aos trabalhadores, com a redu\u00e7\u00e3o de vagas, a n\u00e3o realiza\u00e7\u00e3o de concursos p\u00fablicos para substituir aposentadorias e programas de desligamentos, promovendo piora nas condi\u00e7\u00f5es de trabalho e encolhimento do acesso aos servi\u00e7os banc\u00e1rios da Caixa para a popula\u00e7\u00e3o, especialmente a de baixa renda.<\/p>\n<p>\u201cIsso \u00e9 um desrespeito com o trabalhador, porque ao mesmo tempo que a Caixa se posiciona a favor da gera\u00e7\u00e3o de empregos e do crescimento do pa\u00eds, na mesa de negocia\u00e7\u00e3o o banco se nega a assinar um pr\u00e9-acordo que garanta minimamente a garantia da Conven\u00e7\u00e3o Coletiva, nenhuma garantia contra as novas leis trabalhistas\u201d, explica Junior Cesar Dias, presidente da Fetec-CUT-PR.<\/p>\n<p>A Caixa, que \u00e9 banco p\u00fablico, avan\u00e7ou no fechamento de vagas p\u00f3s-golpe de 2016, contabilizando 4.794 desligamentos, sem reposi\u00e7\u00e3o de novos concursados, entre 2017 e 2018, sendo 1.101 somente no primeiro semestre de 2018.<\/p>\n<p>Um outro esclarecimento da Caixa sobre o patroc\u00ednio, \u00e9 que ele foi aprovado pela Secretaria de Comunica\u00e7\u00e3o Social da Presid\u00eancia da Rep\u00fablica, institui\u00e7\u00e3o tamb\u00e9m consultada pela FETEC, que at\u00e9 o momento tem postergado os prazos estabelecidos na Lei da Transpar\u00eancia.<\/p>\n<p><strong>Banco do Brasil confirma patroc\u00ednio mas nega informar o valor<\/strong><\/p>\n<p>J\u00e1 o Banco do Brasil confirmou o patroc\u00ednio, que tamb\u00e9m \u00e9 \u201cmaster\u201d, tal qual o da Caixa, mas decretou sigilo quanto ao valor. A justificativa do banco p\u00fablico para a disponibiliza\u00e7\u00e3o de verba para promover semin\u00e1rios a favor da reforma trabalhista foi mercadol\u00f3gica: de acordo com a ger\u00eancia executiva da BB Seguros, logo estampada no patroc\u00ednio, trata-se de \u201ciniciativa de posicionamento de marca que suporta os objetivos estrat\u00e9gicos da Companhia, tanto do ponto de vista do interesse mercadol\u00f3gico, considerando o p\u00fablico-alvo presente nos eventos e as possibilidades negociais em potencial, quanto do ponto de vista institucional\u201d. A resposta tamb\u00e9m situou que o valor, n\u00e3o divulgado, possui \u201calinhamento de mercado\u201d e apresenta \u201cimportante pacote de contrapartidas tanto de imagem quanto de inscri\u00e7\u00f5es de participa\u00e7\u00e3o\u201d.<\/p>\n<p>\u201cO Banco do Brasil possui valor estrat\u00e9gico no mercado sim, mas \u00e9 de fomento \u00e0 agroecologia, de subs\u00eddio ao pequeno agricultor, de promo\u00e7\u00e3o \u00e0 agricultura familiar com acesso ao cr\u00e9dito. Essa mudan\u00e7a brusca de perspectiva sem compromisso social com a popula\u00e7\u00e3o \u00e9 uma das faces mais desprez\u00edveis do golpe de 2016 e os reflexos disso s\u00e3o sentidos na mesa de negocia\u00e7\u00e3o, em que os trabalhadores do BB s\u00f3 est\u00e3o perdendo direitos\u201d, explica Ana Paula Busato, representante dos trabalhadores do BB do Paran\u00e1 nas negocia\u00e7\u00f5es com o banco.<\/p>\n<p>O BB Seguros \u00e9 um bra\u00e7o do banco p\u00fablico para seguros, previd\u00eancia, capitaliza\u00e7\u00e3o e planos odontol\u00f3gicos oferecidos pelo BB, est\u00e1 se situando como mercadol\u00f3gico, mas ainda assim est\u00e1 submetido \u00e0 Lei da Transpar\u00eancia via Controladoria Geral da Uni\u00e3o (CGU), \u00f3rg\u00e3o respons\u00e1vel pela centraliza\u00e7\u00e3o dos pedidos de informa\u00e7\u00e3o sobre o poder p\u00fablico federal, escancarando o vi\u00e9s privado do governo Temer.<\/p>\n<p>A Fetec-PR estuda adotar outras medidas que garantam a informa\u00e7\u00e3o de quanto o Banco do Brasil gastou com essa promo\u00e7\u00e3o da \u201creforma trabalhista\u201d.<\/p>\n<\/div>\n<p id=\"page-author\"><span style=\"text-decoration: underline;\"><em><strong>Fonte: Fetec-PR<\/strong><\/em><\/span><\/p>\n","protected":false},"excerpt":{"rendered":"<p>Os bancos p\u00fablicos BB e Caixa, administrados pelo governo Temer na era p\u00f3s-golpe, est\u00e3o entre as entidades p\u00fablicas e privadas que patrocinam uma s\u00e9rie de semin\u00e1rios a favor dos retrocessos e da retirada de direitos pela Reforma Trabalhista.\u00a0 O \u201cProjeto Articula\u00e7\u00e3o Pol\u00edtica Pelo Emprego \u2013 Jornadas Brasileiras de Rela\u00e7\u00f5es do Trabalho\u201d \u00e9 promovido pelo Instituto [&hellip;]<\/p>\n","protected":false},"author":2,"featured_media":4954,"comment_status":"","ping_status":"","sticky":false,"template":"","format":"standard","meta":{"footnotes":""},"categories":[3],"tags":[],"class_list":["post-4955","post","type-post","status-publish","format-standard","has-post-thumbnail","hentry","category-noticias"],"_links":{"self":[{"href":"https:\/\/hostnetart.com.br\/baixada\/wp-json\/wp\/v2\/posts\/4955","targetHints":{"allow":["GET"]}}],"collection":[{"href":"https:\/\/hostnetart.com.br\/baixada\/wp-json\/wp\/v2\/posts"}],"about":[{"href":"https:\/\/hostnetart.com.br\/baixada\/wp-json\/wp\/v2\/types\/post"}],"author":[{"embeddable":true,"href":"https:\/\/hostnetart.com.br\/baixada\/wp-json\/wp\/v2\/users\/2"}],"replies":[{"embeddable":true,"href":"https:\/\/hostnetart.com.br\/baixada\/wp-json\/wp\/v2\/comments?post=4955"}],"version-history":[{"count":0,"href":"https:\/\/hostnetart.com.br\/baixada\/wp-json\/wp\/v2\/posts\/4955\/revisions"}],"wp:featuredmedia":[{"embeddable":true,"href":"https:\/\/hostnetart.com.br\/baixada\/wp-json\/wp\/v2\/media\/4954"}],"wp:attachment":[{"href":"https:\/\/hostnetart.com.br\/baixada\/wp-json\/wp\/v2\/media?parent=4955"}],"wp:term":[{"taxonomy":"category","embeddable":true,"href":"https:\/\/hostnetart.com.br\/baixada\/wp-json\/wp\/v2\/categories?post=4955"},{"taxonomy":"post_tag","embeddable":true,"href":"https:\/\/hostnetart.com.br\/baixada\/wp-json\/wp\/v2\/tags?post=4955"}],"curies":[{"name":"wp","href":"https:\/\/api.w.org\/{rel}","templated":true}]}}