{"id":4953,"date":"2018-08-02T16:20:26","date_gmt":"2018-08-02T19:20:26","guid":{"rendered":"https:\/\/hostnetart.com.br\/baixada\/peritos-da-oit-continuam-investigando-reforma-trabalhista\/"},"modified":"2018-08-02T16:20:26","modified_gmt":"2018-08-02T19:20:26","slug":"peritos-da-oit-continuam-investigando-reforma-trabalhista","status":"publish","type":"post","link":"https:\/\/hostnetart.com.br\/baixada\/peritos-da-oit-continuam-investigando-reforma-trabalhista\/","title":{"rendered":"Peritos da OIT continuam investigando &#8216;reforma&#8217; trabalhista"},"content":{"rendered":"<p>Peritos da Organiza\u00e7\u00e3o Internacional do Trabalho (OIT) mant\u00eam a investiga\u00e7\u00e3o sobre a &#8220;reforma&#8221; trabalhista brasileira, relatou o diretor-geral da entidade, Guy Ryder, durante encontro com sindicalistas brasileiros na \u00c1frica do Sul.\u00a0<a class=\"internal-link\" title=\"\" href=\"https:\/\/www.redebrasilatual.com.br\/trabalho\/2018\/05\/centrais-brasil-na-lista-da-oit-deve-revogar-a-reforma\" target=\"_blank\" rel=\"noopener noreferrer\">O Brasil foi inclu\u00eddo na chamada\u00a0<em>short list<\/em>\u00a0(lista curta)<\/a><span class=\"internal-link\">, divulgada durante recente confer\u00eancia da OIT<\/span>\u00a0e elaborada pelo Comit\u00ea de Aplica\u00e7\u00e3o de Normas, de pa\u00edses cujos governos devem dar explica\u00e7\u00f5es. No caso, sobre poss\u00edveis preju\u00edzos \u00e0 negocia\u00e7\u00e3o coletiva, entre outros itens provocados pela Lei 13.467, em vigor h\u00e1 quase nove meses.<\/p>\n<p>Representantes de centrais brasileiras estiveram na manh\u00e3 desta quinta-feira (2) com Ryder durante encontro dos Brics (bloco que re\u00fane Brasil, R\u00fassia, \u00cdndia, China e \u00c1frica do Sul) realizado em Durban, no pa\u00eds africano. O 1\u00ba secret\u00e1rio da For\u00e7a Sindical, S\u00e9rgio Luiz Leite, o Serginho, e o diretor jur\u00eddico da CTB, M\u00e1rio Teixeira, tamb\u00e9m entregaram ao diretor da OIT a chamada &#8220;<a class=\"internal-link\" title=\"\" href=\"https:\/\/www.redebrasilatual.com.br\/trabalho\/2018\/06\/centrais-aprovam-pauta-marcam-protesto-e-apontam-criminalizacao\" target=\"_blank\" rel=\"noopener noreferrer\">agenda priorit\u00e1ria da classe trabalhadora<\/a>&#8220;, com as propostas das centrais para os candidatos. Eles informaram sobre o<a class=\"internal-link\" title=\"\" href=\"https:\/\/www.redebrasilatual.com.br\/trabalho\/2018\/07\/centrais-preparam-ato-de-10-de-agosto-no-simbolo-do-golpe\" target=\"_blank\" rel=\"noopener noreferrer\">\u00a0&#8220;dia do basta&#8221;, na sexta da semana que vem (10)<\/a>.<\/p>\n<p>&#8220;Ainda relatamos ao diretor-geral os efeitos da reforma trabalhista para os trabalhadores, com a redu\u00e7\u00e3o de direitos e aumento da informalidade, bem como do desequil\u00edbrio da rela\u00e7\u00e3o capital e trabalho, com as mudan\u00e7as no sistema de custeio sindical&#8221;, disse Serginho. Segundo ele, Ryder relatou &#8220;que os peritos da OIT continuam com o processo de investiga\u00e7\u00e3o, solicitando informa\u00e7\u00f5es ao governo brasileiro sobre a reforma trabalhista&#8221; e informou ainda que o assunto ser\u00e1 abordado em novembro, durante reuni\u00e3o do Conselho de Administra\u00e7\u00e3o.<\/p>\n<p>Um dos itens da agenda das centrais \u00e9 a revoga\u00e7\u00e3o da &#8220;reforma&#8221; trabalhista. Segundo as entidades, a lei &#8220;retirou dezenas de direitos das trabalhadoras e trabalhadores brasileiros, violando normas fundamentais da OIT&#8221;.<\/p>\n<p>\u00a0<\/p>\n<p><strong>FONTE: Rede Brasil Atual<\/strong><\/p>\n","protected":false},"excerpt":{"rendered":"<p>Peritos da Organiza\u00e7\u00e3o Internacional do Trabalho (OIT) mant\u00eam a investiga\u00e7\u00e3o sobre a &#8220;reforma&#8221; trabalhista brasileira, relatou o diretor-geral da entidade, Guy Ryder, durante encontro com sindicalistas brasileiros na \u00c1frica do Sul.\u00a0O Brasil foi inclu\u00eddo na chamada\u00a0short list\u00a0(lista curta), divulgada durante recente confer\u00eancia da OIT\u00a0e elaborada pelo Comit\u00ea de Aplica\u00e7\u00e3o de Normas, de pa\u00edses cujos governos [&hellip;]<\/p>\n","protected":false},"author":2,"featured_media":4952,"comment_status":"","ping_status":"","sticky":false,"template":"","format":"standard","meta":{"footnotes":""},"categories":[3],"tags":[],"class_list":["post-4953","post","type-post","status-publish","format-standard","has-post-thumbnail","hentry","category-noticias"],"_links":{"self":[{"href":"https:\/\/hostnetart.com.br\/baixada\/wp-json\/wp\/v2\/posts\/4953","targetHints":{"allow":["GET"]}}],"collection":[{"href":"https:\/\/hostnetart.com.br\/baixada\/wp-json\/wp\/v2\/posts"}],"about":[{"href":"https:\/\/hostnetart.com.br\/baixada\/wp-json\/wp\/v2\/types\/post"}],"author":[{"embeddable":true,"href":"https:\/\/hostnetart.com.br\/baixada\/wp-json\/wp\/v2\/users\/2"}],"replies":[{"embeddable":true,"href":"https:\/\/hostnetart.com.br\/baixada\/wp-json\/wp\/v2\/comments?post=4953"}],"version-history":[{"count":0,"href":"https:\/\/hostnetart.com.br\/baixada\/wp-json\/wp\/v2\/posts\/4953\/revisions"}],"wp:featuredmedia":[{"embeddable":true,"href":"https:\/\/hostnetart.com.br\/baixada\/wp-json\/wp\/v2\/media\/4952"}],"wp:attachment":[{"href":"https:\/\/hostnetart.com.br\/baixada\/wp-json\/wp\/v2\/media?parent=4953"}],"wp:term":[{"taxonomy":"category","embeddable":true,"href":"https:\/\/hostnetart.com.br\/baixada\/wp-json\/wp\/v2\/categories?post=4953"},{"taxonomy":"post_tag","embeddable":true,"href":"https:\/\/hostnetart.com.br\/baixada\/wp-json\/wp\/v2\/tags?post=4953"}],"curies":[{"name":"wp","href":"https:\/\/api.w.org\/{rel}","templated":true}]}}