{"id":4941,"date":"2018-08-02T01:36:33","date_gmt":"2018-08-02T04:36:33","guid":{"rendered":"https:\/\/hostnetart.com.br\/baixada\/caixa-empregados-querem-resolver-impasses-nas-negociacoes\/"},"modified":"2018-08-02T01:36:33","modified_gmt":"2018-08-02T04:36:33","slug":"caixa-empregados-querem-resolver-impasses-nas-negociacoes","status":"publish","type":"post","link":"https:\/\/hostnetart.com.br\/baixada\/caixa-empregados-querem-resolver-impasses-nas-negociacoes\/","title":{"rendered":"Caixa: Empregados querem resolver impasses nas negocia\u00e7\u00f5es"},"content":{"rendered":"<div class=\"content\">\n<p>A Confedera\u00e7\u00e3o Nacional dos Trabalhadores do Ramo Financeiro (Contraf-CUT) e a Comiss\u00e3o Executiva dos Empregados da Caixa (CEE\/Caixa) se re\u00fanem com os representantes do banco nesta quinta-feira (2), a partir das 14, em S\u00e3o Paulo, para dar continuidade \u00e0s negocia\u00e7\u00f5es sobre a renova\u00e7\u00e3o do Acordo Coletivo de Trabalho (ACT) espec\u00edfico dos banc\u00e1rios da Caixa Econ\u00f4mica Federal. Os representantes dos empregados esperam que a negocia\u00e7\u00e3o desta quinta solucione os impasses surgidos nas reuni\u00f5es passadas.<\/p>\n<p>\u201cNas negocia\u00e7\u00f5es anteriores caminhamos no sentido da manuten\u00e7\u00e3o do atual modelo de delegados sindicais, para o fim dos descomissionamentos arbitr\u00e1rios de gestantes e para a suspens\u00e3o da verticaliza\u00e7\u00e3o e fechamento de ag\u00eancias. Agora, queremos avan\u00e7ar no debate sobre a PLR e a PLR Social, do Sa\u00fade Caixa e garantias de que n\u00e3o ser\u00e3o implantados formas de contrata\u00e7\u00e3o institu\u00eddas pelo governo Temer com a reforma trabalhista\u201d, disse o coordenador da CEE\/Caixa, Dion\u00edsio Reis.<\/p>\n<p><strong>Banc\u00e1rio tempor\u00e1rio<\/strong><br \/> A revoga\u00e7\u00e3o do RH 037 \u00e9 uma reivindica\u00e7\u00e3o hist\u00f3rica das entidades representativas dos empregados. Apesar de reafirmar que n\u00e3o tem inten\u00e7\u00e3o de utilizar o normativo para contratar trabalhadores terceirizados, a Caixa se nega a revog\u00e1-lo. O normativo passou por atualiza\u00e7\u00e3o em agosto de 2017 para se adequar \u00e0 Lei da Terceiriza\u00e7\u00e3o e permitir a contrata\u00e7\u00e3o de trabalhadores tempor\u00e1rios sem qualquer v\u00ednculo empregat\u00edcio com o banco, por meio de empresas que fornecem m\u00e3o de obra terceirizada, para a realiza\u00e7\u00e3o de tarefas de t\u00e9cnico banc\u00e1rio. Esse \u00e9 um exemplo das reivindica\u00e7\u00f5es pela garantia de direitos que podem ser retirados ap\u00f3s a entrada em vigor da reforma trabalhista, como a ultratividade dos acordos coletivos e a abrang\u00eancia dos acordos. Pela nova lei, o banco pode negociar diretamente com empregados com n\u00edvel superior de escolaridade e que ganhem acima de dois tetos da Previd\u00eancia (R$ 11.062,62), os chamados hipersuficientes.\u00a0<\/p>\n<p>\u00a0\u00a0\u00a0\u00a0 <strong>&gt;<\/strong> <ins><em><a href=\"http:\/\/www.contrafcut.org.br\/noticias\/empregados-da-caixa-cobram-respeito-e-valorizacao-c455\" target=\"_blank\" rel=\"noopener noreferrer\">Empregados da Caixa cobram respeito e valoriza\u00e7\u00e3o<\/a><\/em><\/ins><\/p>\n<p><strong>PLR e PLR Social<\/strong><br \/> Sobre a PLR, apesar de garantir na mesa de negocia\u00e7\u00e3o do dia 20 de junho que vai seguir a regra definida pela Federa\u00e7\u00e3o Nacional dos Bancos (Fenaban), o banco alegou tamb\u00e9m que n\u00e3o tem autoriza\u00e7\u00e3o do pagamento da PLR social. Segundo a dire\u00e7\u00e3o do banco, o pagamento depende de uma regra do governo que limita o valor a 25% do que for pago de dividendos no tesouro.<\/p>\n<p>\u00a0\u00a0\u00a0\u00a0 <strong>&gt;<\/strong> <ins><a href=\"http:\/\/contrafcut.org.br\/noticias\/caixa-plr-e-plr-social-ameacados-f784\" target=\"_blank\" rel=\"noopener noreferrer\"><em>Caixa: PLR e PLR Social amea\u00e7ados<\/em><\/a><\/ins><\/p>\n<p><strong>Sa\u00fade Caixa<\/strong><br \/> O Sa\u00fade Caixa tamb\u00e9m est\u00e1 no rol dos direitos dos empregados que est\u00e3o amea\u00e7ados. \u201cNa \u00faltima quinta-feira, a gente teve uma rodada espec\u00edfica sobre Sa\u00fade Caixa. Infelizmente, o que foi colocado \u00e9 que o banco vai aplicar a resolu\u00e7\u00e3o 23 da CGPAR. Isso afeta n\u00e3o apenas o plano de sa\u00fade dos empregados da Caixa, mas de todas as empresas p\u00fablicas. Temos que mobilizar todos os trabalhadores de empresas p\u00fablicas para derrubarmos as resolu\u00e7\u00f5es da CGPAR e defendermos essa importante conquista dos trabalhadores\u201d, frisou Fabiana Uehara Proscholdt, diretora de Cultura e representante da Contraf-CUT na mesa de negocia\u00e7\u00f5es com a Caixa.<\/p>\n<p>Al\u00e9m da resolu\u00e7\u00e3o 23, a resolu\u00e7\u00e3o 22 da Comiss\u00e3o Interministerial de Governan\u00e7a Corporativa e de Administra\u00e7\u00e3o de Participa\u00e7\u00f5es Societ\u00e1rias da Uni\u00e3o (CGPAR), tamb\u00e9m afeta o plano de sa\u00fade dos empregados. Estas resolu\u00e7\u00f5es determinam que empresas estatais reduzam despesas com a assist\u00eancia \u00e0 sa\u00fade dos trabalhadores; e altera o Estatuto da Caixa, limitando a 6,5% da folha de pagamento a participa\u00e7\u00e3o no custeio do Sa\u00fade Caixa pelo banco.<\/p>\n<p>\u00a0\u00a0\u00a0\u00a0 <strong>&gt;<\/strong> <ins><a href=\"http:\/\/contrafcut.org.br\/noticias\/fenae-e-contraf-cut-tratam-de-ameacas-ao-saude-caixa-2adf\" target=\"_blank\" rel=\"noopener noreferrer\"><em>Fenae e Contraf-CUT tratam de amea\u00e7as ao Sa\u00fade Caixa<\/em><\/a><\/ins><\/p>\n<p>A mobiliza\u00e7\u00e3o pela derrubada das resolu\u00e7\u00f5es da CGPAR passa pelo <ins><strong><a href=\"https:\/\/forms.camara.leg.br\/ex\/enquetes\/2176886\" target=\"_blank\" rel=\"noopener noreferrer\">apoio ao Projeto<\/a><\/strong><\/ins> de Decreto Legislativo <ins><strong><a href=\"http:\/\/www.camara.gov.br\/proposicoesWeb\/prop_mostrarintegra;jsessionid=6871FF3959845DC3705743F3BB1631CF.proposicoesWebExterno1?codteor=1663810&amp;filename=PDC+956\/2018\" target=\"_blank\" rel=\"noopener noreferrer\">(PDC) 956\/2018<\/a><\/strong><\/ins>, de autoria da deputada federal Erika Kokay (PT-DF), que susta os efeitos das resolu\u00e7\u00f5es da CGPAR. \u201cE a gente tem uma audi\u00eancia p\u00fablica pedida para fazer esse debate com os parlamentares e conseguir o apoio deles\u201d, acrescentou Fabiana Matheus, diretora de Sa\u00fade e Previd\u00eancia da Federa\u00e7\u00e3o Nacional das Associa\u00e7\u00f5es de Pessoal da Caixa (Fenae). Segundo a diretora da Fenae, a expectativa \u00e9 de que a audi\u00eancia ocorra ainda no m\u00eas de agosto.<\/p>\n<p>Na enquete que a C\u00e2mara dos Deputados faz para medir o apoio da popula\u00e7\u00e3o aos projetos em tramita\u00e7\u00e3o na Casa, o apoio ao PDC 956\/2018 aumento de 14.213 votos na quarta-feira (25) para mais de 30 mil no s\u00e1bado (28), ap\u00f3s as atividades do Dia Nacional em Defesa dos Planos de Sa\u00fade das Empresas P\u00fablicas.<\/p>\n<\/div>\n<p id=\"page-author\"><span style=\"text-decoration: underline;\"><em><strong>Fonte: Contraf-CUT<\/strong><\/em><\/span><\/p>\n","protected":false},"excerpt":{"rendered":"<p>A Confedera\u00e7\u00e3o Nacional dos Trabalhadores do Ramo Financeiro (Contraf-CUT) e a Comiss\u00e3o Executiva dos Empregados da Caixa (CEE\/Caixa) se re\u00fanem com os representantes do banco nesta quinta-feira (2), a partir das 14, em S\u00e3o Paulo, para dar continuidade \u00e0s negocia\u00e7\u00f5es sobre a renova\u00e7\u00e3o do Acordo Coletivo de Trabalho (ACT) espec\u00edfico dos banc\u00e1rios da Caixa Econ\u00f4mica [&hellip;]<\/p>\n","protected":false},"author":2,"featured_media":4940,"comment_status":"","ping_status":"","sticky":false,"template":"","format":"standard","meta":{"footnotes":""},"categories":[3],"tags":[],"class_list":["post-4941","post","type-post","status-publish","format-standard","has-post-thumbnail","hentry","category-noticias"],"_links":{"self":[{"href":"https:\/\/hostnetart.com.br\/baixada\/wp-json\/wp\/v2\/posts\/4941","targetHints":{"allow":["GET"]}}],"collection":[{"href":"https:\/\/hostnetart.com.br\/baixada\/wp-json\/wp\/v2\/posts"}],"about":[{"href":"https:\/\/hostnetart.com.br\/baixada\/wp-json\/wp\/v2\/types\/post"}],"author":[{"embeddable":true,"href":"https:\/\/hostnetart.com.br\/baixada\/wp-json\/wp\/v2\/users\/2"}],"replies":[{"embeddable":true,"href":"https:\/\/hostnetart.com.br\/baixada\/wp-json\/wp\/v2\/comments?post=4941"}],"version-history":[{"count":0,"href":"https:\/\/hostnetart.com.br\/baixada\/wp-json\/wp\/v2\/posts\/4941\/revisions"}],"wp:featuredmedia":[{"embeddable":true,"href":"https:\/\/hostnetart.com.br\/baixada\/wp-json\/wp\/v2\/media\/4940"}],"wp:attachment":[{"href":"https:\/\/hostnetart.com.br\/baixada\/wp-json\/wp\/v2\/media?parent=4941"}],"wp:term":[{"taxonomy":"category","embeddable":true,"href":"https:\/\/hostnetart.com.br\/baixada\/wp-json\/wp\/v2\/categories?post=4941"},{"taxonomy":"post_tag","embeddable":true,"href":"https:\/\/hostnetart.com.br\/baixada\/wp-json\/wp\/v2\/tags?post=4941"}],"curies":[{"name":"wp","href":"https:\/\/api.w.org\/{rel}","templated":true}]}}