{"id":4939,"date":"2018-08-01T17:57:46","date_gmt":"2018-08-01T20:57:46","guid":{"rendered":"https:\/\/hostnetart.com.br\/baixada\/especialista-alerta-recursos-naturais-do-planeta-se-esgotam-cada-vez-mais-cedo\/"},"modified":"2018-08-01T17:57:46","modified_gmt":"2018-08-01T20:57:46","slug":"especialista-alerta-recursos-naturais-do-planeta-se-esgotam-cada-vez-mais-cedo","status":"publish","type":"post","link":"https:\/\/hostnetart.com.br\/baixada\/especialista-alerta-recursos-naturais-do-planeta-se-esgotam-cada-vez-mais-cedo\/","title":{"rendered":"Especialista alerta: recursos naturais do planeta se esgotam cada vez mais cedo"},"content":{"rendered":"<p class=\" \">Todo o estoque de recursos naturais dispon\u00edvel para satisfazer as exig\u00eancias humanas para este ano est\u00e3o, desde esta quarta-feira, 1\u00ba de agosto, esgotados. A data marca, assim, o\u00a0Dia da Sobrecarga da Terra de 2018. Daqui em diante,\u00a0 conforme adverte o professor do Departamento de Geografia e do Programa de P\u00f3s-gradua\u00e7\u00e3o em Ci\u00eancia Ambiental da Universidade de S\u00e3o Paulo (USP), Wagner Ribeiro,\u00a0\u201cestamos &#8216;entrando no cheque especial&#8217; e, daqui a pouco, a natureza cobra.\u201d O especialista analisou a satura\u00e7\u00e3o da demanda por recursos naturais em\u00a0sua coluna\u00a0<b>na R\u00e1dio Brasil Atual.\u00a0<\/b><\/p>\n<p class=\" \">O\u00a0conceito de Sobrecarga da Terra (Overshoot Day, em ingl\u00eas) foi originalmente desenvolvido pelo instituto independente brit\u00e2nico de pesquisas\u00a0<a class=\"external-link\" title=\"\" href=\"http:\/\/www.neweconomics.org\/\" target=\"_blank\" rel=\"noopener noreferrer\">New Economics Foundation<\/a>, uma organiza\u00e7\u00e3o parceira da\u00a0<a class=\"external-link\" title=\"\" href=\"http:\/\/www.footprintnetwork.org\/en\/index.php\/GFN\/\" target=\"_blank\" rel=\"noopener noreferrer\">GLobal Footprint Network<\/a>.<\/p>\n<p class=\" \">Na pr\u00e1tica, o esgotamento do conjunto de condi\u00e7\u00f5es naturais que permitem a sobreviv\u00eancia e o consumo humanos ocorre, segundo Ribeiro, em decorr\u00eancia da incapacidade da Terra de regenerar, at\u00e9 o final de cada ano, sua capacidade de renovar o fornecimento de elementos fundamentais para a manuten\u00e7\u00e3o da vida como a conhecemos.<\/p>\n<p class=\" \">Isso equivale a dizer que, em 2018, em um total de 212 dias a humanidade comprometeu toda a reciclagem da \u00e1gua, do ar, da manuten\u00e7\u00e3o das temperaturas m\u00e9dias do planeta, da capacidade de reposi\u00e7\u00e3o do estoque de pesca, entre outros.<\/p>\n<p class=\" \">\u201cO que temos observado j\u00e1 h\u00e1 algum tempo \u00e9 que infelizmente esse volume (de recursos) \u00e9 c\u00edclico, ent\u00e3o ele tem uma capacidade (de renova\u00e7\u00e3o) calculada anualmente, e n\u00f3s estamos antecipando e usando esses servi\u00e7os da natureza cada vez mais cedo\u201d, alerta o docente.<\/p>\n<p class=\" \">Em seu coment\u00e1rio durante o\u00a0<em>Seu Jornal\u00a0<\/em>\u00a0desta quarta-feira, Ribeiro acrescenta o hist\u00f3rico dos dias em que foram constatados a Sobrecarga da Terra. \u201cEm 1997, esse dia foi marcado no final de setembro. Em 2000, foi em 5 de outubro. J\u00e1 no ano passado, ele caiu no dia 2 de agosto e neste ano, no dia 1\u00ba.\u00a0 Isso \u00e9 preocupante porque, daqui a pouco, a gente vai estar consumindo um planeta e meio por ano, em vez de consumirmos aquilo que os recursos naturais permitem para a nossa manuten\u00e7\u00e3o\u201d.<\/p>\n<p class=\" \">A solu\u00e7\u00e3o, de acordo Ribeiro, passa pelo estabelecimento de uma ordem ambiental internacional, como forma de regular a a\u00e7\u00e3o humana sobre os recursos naturais da Terra.<\/p>\n<p class=\" \">O professor tamb\u00e9m avalia negativamente a situa\u00e7\u00e3o no Brasil e aponta o\u00a0<a class=\"internal-link\" title=\"\" href=\"https:\/\/www.redebrasilatual.com.br\/ambiente\/2018\/06\/estudo-revela-avanco-global-do-desmatamento\" target=\"_blank\" rel=\"noopener noreferrer\">aumento do desmatamento\u00a0<\/a>e o atual\u00a0<a class=\"internal-link\" title=\"\" href=\"https:\/\/www.redebrasilatual.com.br\/ambiente\/2018\/07\/sistema-cantareira-entra-em-estado-de-alerta\" target=\"_blank\" rel=\"noopener noreferrer\">estado de emerg\u00eancia do abastecimento de \u00e1gua<\/a>\u00a0nas grandes cidades, mas principalmente em S\u00e3o Paulo, como exemplos.\u00a0Para ele, as\u00a0<a class=\"internal-link\" title=\"\" href=\"https:\/\/www.redebrasilatual.com.br\/ambiente\/2018\/08\/prefeitura-de-sp-ira-multar-quem-lavar-a-calcada-com-agua-potavel\" target=\"_blank\" rel=\"noopener noreferrer\">a\u00e7\u00f5es individuais<\/a>\u00a0em defesa dos recursos naturais do planeta devem estar associadas \u00e0\u00a0<a class=\"internal-link\" title=\"\" href=\"https:\/\/www.redebrasilatual.com.br\/ambiente\/2018\/08\/relacao-de-mercado-atrapalha-sabesp-no-combate-a-crise-hidrica-diz-especialista\" target=\"_blank\" rel=\"noopener noreferrer\">colabora\u00e7\u00e3o de empresas e do governo<\/a>.<\/p>\n<p class=\" \">\u00a0<\/p>\n<p class=\" \"><strong>FONTE: Rede Brasil Atual<\/strong><\/p>\n","protected":false},"excerpt":{"rendered":"<p>Todo o estoque de recursos naturais dispon\u00edvel para satisfazer as exig\u00eancias humanas para este ano est\u00e3o, desde esta quarta-feira, 1\u00ba de agosto, esgotados. A data marca, assim, o\u00a0Dia da Sobrecarga da Terra de 2018. Daqui em diante,\u00a0 conforme adverte o professor do Departamento de Geografia e do Programa de P\u00f3s-gradua\u00e7\u00e3o em Ci\u00eancia Ambiental da Universidade [&hellip;]<\/p>\n","protected":false},"author":2,"featured_media":4938,"comment_status":"","ping_status":"","sticky":false,"template":"","format":"standard","meta":{"footnotes":""},"categories":[3],"tags":[],"class_list":["post-4939","post","type-post","status-publish","format-standard","has-post-thumbnail","hentry","category-noticias"],"_links":{"self":[{"href":"https:\/\/hostnetart.com.br\/baixada\/wp-json\/wp\/v2\/posts\/4939","targetHints":{"allow":["GET"]}}],"collection":[{"href":"https:\/\/hostnetart.com.br\/baixada\/wp-json\/wp\/v2\/posts"}],"about":[{"href":"https:\/\/hostnetart.com.br\/baixada\/wp-json\/wp\/v2\/types\/post"}],"author":[{"embeddable":true,"href":"https:\/\/hostnetart.com.br\/baixada\/wp-json\/wp\/v2\/users\/2"}],"replies":[{"embeddable":true,"href":"https:\/\/hostnetart.com.br\/baixada\/wp-json\/wp\/v2\/comments?post=4939"}],"version-history":[{"count":0,"href":"https:\/\/hostnetart.com.br\/baixada\/wp-json\/wp\/v2\/posts\/4939\/revisions"}],"wp:featuredmedia":[{"embeddable":true,"href":"https:\/\/hostnetart.com.br\/baixada\/wp-json\/wp\/v2\/media\/4938"}],"wp:attachment":[{"href":"https:\/\/hostnetart.com.br\/baixada\/wp-json\/wp\/v2\/media?parent=4939"}],"wp:term":[{"taxonomy":"category","embeddable":true,"href":"https:\/\/hostnetart.com.br\/baixada\/wp-json\/wp\/v2\/categories?post=4939"},{"taxonomy":"post_tag","embeddable":true,"href":"https:\/\/hostnetart.com.br\/baixada\/wp-json\/wp\/v2\/tags?post=4939"}],"curies":[{"name":"wp","href":"https:\/\/api.w.org\/{rel}","templated":true}]}}