{"id":4935,"date":"2018-08-01T16:13:03","date_gmt":"2018-08-01T19:13:03","guid":{"rendered":"https:\/\/hostnetart.com.br\/baixada\/fenae-e-contraf-cut-tratam-de-ameacas-ao-saude-caixa\/"},"modified":"2018-08-01T16:13:03","modified_gmt":"2018-08-01T19:13:03","slug":"fenae-e-contraf-cut-tratam-de-ameacas-ao-saude-caixa","status":"publish","type":"post","link":"https:\/\/hostnetart.com.br\/baixada\/fenae-e-contraf-cut-tratam-de-ameacas-ao-saude-caixa\/","title":{"rendered":"Fenae e Contraf-CUT tratam de amea\u00e7as ao Sa\u00fade Caixa"},"content":{"rendered":"<div class=\"content\">\n<p>Durante 45 minutos, na noite desta ter\u00e7a-feira (31), as amea\u00e7as ao Sa\u00fade Caixa foram o tema do Facebook Live realizado pela Fenae. Fabiana Matheus, diretora de Sa\u00fade e Previd\u00eancia da Federa\u00e7\u00e3o, e Fabiana Uehara, diretora da Contraf-CUT e integrante da Comiss\u00e3o Executiva dos Empregados da Caixa (CEE\/Caixa), falaram sobre a retirada de direitos pretendida pelo governo e responderam perguntas enviadas pelos expectadores.<\/p>\n<p>Logo no in\u00edcio da transmiss\u00e3o, Fabiana Matheus observou que \u00e9 preciso olhar a conjuntura como um todo. \u201cHoje a gente tem visto que nosso pa\u00eds est\u00e1 sob ataque, nossas empresas p\u00fablicas, voc\u00ea v\u00ea a Caixa sendo constantemente amea\u00e7ada. E \u00e9 \u00f3bvio que isso se desdobra na tentativa de retirada dos nossos direitos. E o Sa\u00fade Caixa \u00e9 um os maiores e mais importantes direitos que a gente tem constru\u00eddo nos \u00faltimos anos, resultado de muita luta\u201d, disse.<\/p>\n<p>J\u00e1 Fabiana Uehara relatou que as negocia\u00e7\u00f5es com a dire\u00e7\u00e3o da Caixa durante a Campanha Nacional de 2018 ainda n\u00e3o avan\u00e7aram. \u201cNa \u00faltima quinta-feira, a gente teve uma rodada espec\u00edfica sobre Sa\u00fade Caixa. Infelizmente, o que foi colocado \u00e9 que o banco aplica a CGPAR 23. A gente tem que mobilizar todos os trabalhadores de empresas p\u00fablicas da import\u00e2ncia dessas conquistas e trabalhar em conjunto para derrubar as duas resolu\u00e7\u00f5es\u201d, frisou.<\/p>\n<p>As diretoras explicaram que duas principais medidas afetam o plano de sa\u00fade: as resolu\u00e7\u00f5es n\u00ba 22 e 23, da Comiss\u00e3o Interministerial de Governan\u00e7a Corporativa e de Administra\u00e7\u00e3o de Participa\u00e7\u00f5es Societ\u00e1rias da Uni\u00e3o (CGPAR), que determinam que empresas estatais reduzam despesas com a assist\u00eancia \u00e0 sa\u00fade dos trabalhadores; e a mudan\u00e7a no Estatuto da Caixa que limitou a 6,5% da folha de pagamento a participa\u00e7\u00e3o no custeio do Sa\u00fade Caixa.<\/p>\n<p>Questionadas sobre como os trabalhadores podem se mobilizar, Fabiana Matheus e Fabiana Uehara destacaram a import\u00e2ncia de apoiar o PDC 956\/2018, de autoria da deputada federal Erika Kokay (PT-DF), que susta os efeitos das resolu\u00e7\u00f5es da CGPAR. \u201cE a gente tem uma audi\u00eancia p\u00fablica pedida para que a gente possa fazer esse debate com os parlamentares e conseguir o apoio deles\u201d, acrescentou Fabiana Matheus. Segundo a diretora da Fenae, a expectativa \u00e9 de que a audi\u00eancia ocorra ainda neste m\u00eas de agosto.<\/p>\n<p>Outra quest\u00e3o importante diz respeito \u00e0s elei\u00e7\u00f5es deste ano. \u201cMais do que nunca, \u00e9 preciso ter consci\u00eancia no voto. Dentro desse cen\u00e1rio, a gente tem que eleger um Congresso progressista, que tenha compromisso com a luta dos trabalhadores, com a sociedade, n\u00e3o com o bolso deles\u201d, advertiu Fabiana Uehara. Fabiana Matheus completou: \u201cvamos continuar mobilizados, fazer o enfrentamento, e tenho plena convic\u00e7\u00e3o de que sairemos vitoriosos dessa batalha\u201d.<\/p>\n<p>Assista \u00e0\u00a0<ins><strong><a href=\"https:\/\/business.facebook.com\/FenaeFederacao\/videos\/1830994766922938\/\" target=\"_blank\" rel=\"noopener noreferrer\">\u00edntegra do Facebook Live<\/a><\/strong><\/ins>.<br \/>Confira a\u00a0<ins><strong><a href=\"http:\/\/www.fenae.org.br\/publicacoes\/livretosaudecaixa\/\" target=\"_blank\" rel=\"noopener noreferrer\">cartilha<\/a><\/strong><\/ins>\u00a0da campanha \u201cSa\u00fade Caixa: eu defendo\u201d.<br \/>Assista ao\u00a0<ins><strong><a href=\"https:\/\/business.facebook.com\/FenaeFederacao\/videos\/1820746654614416\/\" target=\"_blank\" rel=\"noopener noreferrer\">v\u00eddeo produzido pela Apcef\/SP<\/a><\/strong><\/ins>.<\/p>\n<\/div>\n<p id=\"page-author\"><strong>Fonte: Fenae<\/strong><\/p>\n","protected":false},"excerpt":{"rendered":"<p>Durante 45 minutos, na noite desta ter\u00e7a-feira (31), as amea\u00e7as ao Sa\u00fade Caixa foram o tema do Facebook Live realizado pela Fenae. Fabiana Matheus, diretora de Sa\u00fade e Previd\u00eancia da Federa\u00e7\u00e3o, e Fabiana Uehara, diretora da Contraf-CUT e integrante da Comiss\u00e3o Executiva dos Empregados da Caixa (CEE\/Caixa), falaram sobre a retirada de direitos pretendida pelo [&hellip;]<\/p>\n","protected":false},"author":2,"featured_media":4934,"comment_status":"","ping_status":"","sticky":false,"template":"","format":"standard","meta":{"footnotes":""},"categories":[3],"tags":[],"class_list":["post-4935","post","type-post","status-publish","format-standard","has-post-thumbnail","hentry","category-noticias"],"_links":{"self":[{"href":"https:\/\/hostnetart.com.br\/baixada\/wp-json\/wp\/v2\/posts\/4935","targetHints":{"allow":["GET"]}}],"collection":[{"href":"https:\/\/hostnetart.com.br\/baixada\/wp-json\/wp\/v2\/posts"}],"about":[{"href":"https:\/\/hostnetart.com.br\/baixada\/wp-json\/wp\/v2\/types\/post"}],"author":[{"embeddable":true,"href":"https:\/\/hostnetart.com.br\/baixada\/wp-json\/wp\/v2\/users\/2"}],"replies":[{"embeddable":true,"href":"https:\/\/hostnetart.com.br\/baixada\/wp-json\/wp\/v2\/comments?post=4935"}],"version-history":[{"count":0,"href":"https:\/\/hostnetart.com.br\/baixada\/wp-json\/wp\/v2\/posts\/4935\/revisions"}],"wp:featuredmedia":[{"embeddable":true,"href":"https:\/\/hostnetart.com.br\/baixada\/wp-json\/wp\/v2\/media\/4934"}],"wp:attachment":[{"href":"https:\/\/hostnetart.com.br\/baixada\/wp-json\/wp\/v2\/media?parent=4935"}],"wp:term":[{"taxonomy":"category","embeddable":true,"href":"https:\/\/hostnetart.com.br\/baixada\/wp-json\/wp\/v2\/categories?post=4935"},{"taxonomy":"post_tag","embeddable":true,"href":"https:\/\/hostnetart.com.br\/baixada\/wp-json\/wp\/v2\/tags?post=4935"}],"curies":[{"name":"wp","href":"https:\/\/api.w.org\/{rel}","templated":true}]}}