{"id":4933,"date":"2018-08-01T13:37:06","date_gmt":"2018-08-01T16:37:06","guid":{"rendered":"https:\/\/hostnetart.com.br\/baixada\/com-temer-familias-fazem-emprestimos-ate-para-pagar-contas-do-dia-a-dia\/"},"modified":"2018-08-01T13:37:06","modified_gmt":"2018-08-01T16:37:06","slug":"com-temer-familias-fazem-emprestimos-ate-para-pagar-contas-do-dia-a-dia","status":"publish","type":"post","link":"https:\/\/hostnetart.com.br\/baixada\/com-temer-familias-fazem-emprestimos-ate-para-pagar-contas-do-dia-a-dia\/","title":{"rendered":"Com Temer, fam\u00edlias fazem empr\u00e9stimos at\u00e9 para pagar contas do dia a dia"},"content":{"rendered":"<div class=\"content\">\n<p>Com a crise econ\u00f4mica e o aumento do desemprego, que\u00a0<ins><strong><a href=\"https:\/\/www.cut.org.br\/noticias\/brasil-tem-11-milhoes-de-pessoas-sem-registro-e-23-milhoes-por-conta-propria-0954\" target=\"_blank\" rel=\"noopener noreferrer\">atinge mais de 13 milh\u00f5es de trabalhadores e trabalhadoras<\/a><\/strong><\/ins>, as fam\u00edlias brasileiras est\u00e3o fazendo d\u00edvidas novas para pagar d\u00e9bitos antigos e at\u00e9 para pagar as despesas do dia a dia, como contas de \u00e1gua, luz e supermercado. Para tentar sair do sufoco, vale recorrer a empr\u00e9stimos banc\u00e1rios, usar o limite do cheque especial e parcelar contas nos cart\u00f5es de cr\u00e9dito.<\/p>\n<p>O Banco Central (BC) analisou o cr\u00e9dito banc\u00e1rio e revelou que a taxa de endividamento das fam\u00edlias, em maio &#8211; \u00faltimo dado conhecido -, atingiu 23,3% da renda que o trabalhador ganha em um ano. Este \u00e9 o maior patamar de endividamento dos \u00faltimos 14 meses.<\/p>\n<p>Segundo levantamento do Servi\u00e7o de Prote\u00e7\u00e3o ao Cr\u00e9dito (SPC) feito em julho, 46% das pessoas que usaram cheque especial entraram no limite nos \u00faltimos 12 meses, seja para quitar d\u00edvidas, cobrir gastos de emerg\u00eancia e tamb\u00e9m para pagar as contas b\u00e1sicas. De acordo com a entidade, 20% dos usu\u00e1rios usam o cart\u00e3o de cr\u00e9dito como extens\u00e3o da pr\u00f3pria renda.<\/p>\n<p>Para o presidente da Funda\u00e7\u00e3o Perseu Abramo, economista Marcio Pochmann, os dados refletem a grave crise do capitalismo brasileiro e a in\u00e9rcia do governo do golpista e ileg\u00edtimo Michel Temer (MDB-SP), que n\u00e3o tem propostas para resolver o problema do desemprego e da recess\u00e3o econ\u00f4mica.<\/p>\n<p>\u201cA economia piorou muito nos \u00faltimos dois anos. Ca\u00edmos numa armadilha recessiva, sem emprego, com um brasileiro a cada tr\u00eas desempregado e a competi\u00e7\u00e3o acirrada por uma vaga faz os sal\u00e1rios serem puxados para baixo, aumentando a explora\u00e7\u00e3o do trabalhador\u201d.<\/p>\n<p>\u201cPara cobrir a diferen\u00e7a entre o aumento do custo de vida e a queda do poder aquisitivo, as fam\u00edlias est\u00e3o se endividando\u201d, analisa o economista.<\/p>\n<p>A t\u00e9cnica da subse\u00e7\u00e3o do Dieese da CUT Nacional, Adriana Marcolino, acrescenta que, com isso, o cr\u00e9dito n\u00e3o est\u00e1 sendo usado para um ciclo produtivo na economia e, sim, para cobrir gastos do dia a dia que deveriam ser cobertos com os sal\u00e1rios.<\/p>\n<p>Para a professora da Faculdade de Economia da USP, Leda Paulani, o desemprego e as d\u00edvidas das fam\u00edlias n\u00e3o s\u00e3o prioridades do governo.<\/p>\n<p>\u201cA preocupa\u00e7\u00e3o deles [os golpistas que usurparam o poder] \u00e9 entregar tudo o que prometeram ao capital internacional, como o Pr\u00e9-Sal e as grandes empresas estatais para pagar o golpe de 2016\u201d.<\/p>\n<p>\u201cEsse projeto neoliberal n\u00e3o ganharia uma elei\u00e7\u00e3o no pa\u00eds\u201d, diz a professora.<\/p>\n<p>Pochmann tem a receita que a equipe de Temer n\u00e3o tem para tirar as fam\u00edlias brasileiras desse ciclo de endividamento.<\/p>\n<p>\u201c\u00c9 preciso que haja uma renegocia\u00e7\u00e3o das d\u00edvidas das fam\u00edlias com redu\u00e7\u00e3o das taxas de juros, programas de est\u00edmulo ao aumento da produ\u00e7\u00e3o e do emprego e a redu\u00e7\u00e3o de impostos para trabalhadoras e trabalhadores que ganham menos, a base da pir\u00e2mide social\u201d, sugere o economista.<\/p>\n<p>Mas, os golpistas n\u00e3o est\u00e3o interessados em desenvolvimento econ\u00f4mico com gera\u00e7\u00e3o de emprego e renda, na opini\u00e3o da professora Leda Paulani.<\/p>\n<p>Segundo ela, o crescimento do endividamento, tanto das fam\u00edlias como do Estado, foi causado pelas pol\u00edticas econ\u00f4micas neoliberais implementadas no mundo, que foram encampadas pelo governo golpista de Temer.<\/p>\n<p>A professora lembra que, em 2008, o ex-presidente Lula enfrentou uma das piores crises econ\u00f4micas do mundo com pol\u00edticas p\u00fablicas que estimularam a gera\u00e7\u00e3o de emprego e renda. Exatamente ao contr\u00e1rio do que faz Temer.<\/p>\n<p>\u201cPara n\u00e3o permitir que a popula\u00e7\u00e3o fosse atingida, o governo Lula concedeu subs\u00eddios para alguns setores com alto poder de empregabilidade, como o automobil\u00edstico, o de eletrodom\u00e9sticos, e a constru\u00e7\u00e3o civil em programas, como \u2019Minha Casa, Minha Vida\u2019\u201d, ressalta.<\/p>\n<p>A cr\u00edtica ao modelo neoliberal na economia de Temer tamb\u00e9m \u00e9 feita pela t\u00e9cnica do Dieese. Segundo Adriana Marcolino, a l\u00f3gica neoliberal de cortes nos investimentos p\u00fablicos, de reajustes salariais menores e os constantes reajustes nos pre\u00e7os do g\u00e1s de cozinha, nas contas de \u00e1gua e luz e outros derivados do petr\u00f3leo, acima dos \u00edndices da infla\u00e7\u00e3o, s\u00f3 aumentam a inadimpl\u00eancia das fam\u00edlias brasileiras.<\/p>\n<p>\u201cA escolha pol\u00edtica desse governo tem promovido para baixo os indicadores econ\u00f4micos, que se estabilizam, mas n\u00e3o tem f\u00f4lego. Um m\u00eas melhora um indicador, e no seguinte esse mesmo indicador, piora.\u201d<\/p>\n<p><strong>Indicadores econ\u00f4micos<\/strong><\/p>\n<p><strong>IBGE \u2013 Instituto Brasileiro de Geografia e Estat\u00edstica<\/strong><br \/>O volume de vendas de bens dur\u00e1veis como m\u00f3veis e eletrodom\u00e9sticos, que costumam acompanhar a melhora da renda, do emprego e da economia, caiu em mar\u00e7o 3,2% na compara\u00e7\u00e3o anual. No m\u00eas seguinte, houve subida de 5,5%, mas, em maio, ocorreu nova queda de 6,1%.<\/p>\n<p><strong>IBGE (PNAD)<\/strong><br \/>No trimestre encerrado em junho, o desemprego alcan\u00e7ava 12,4%, o que representa 13 milh\u00f5es de pessoas sem trabalho.<\/p>\n<p><strong>Federa\u00e7\u00e3o do Com\u00e9rcio de S\u00e3o Paulo (Fecomercio-SP)<\/strong><br \/>O \u00cdndice de Inten\u00e7\u00e3o de Consumo das Fam\u00edlias (ICF) registrou em julho a quarta queda consecutiva. No m\u00eas, o indicador atingiu os 86,2 pontos, recuo de 3,9% na compara\u00e7\u00e3o com junho. Al\u00e9m disso, 54,1% dos entrevistados disseram que est\u00e3o consumindo menos do que h\u00e1 um ano.<\/p>\n<p><strong>Funda\u00e7\u00e3o Getulio Vargas (FGV)<\/strong><br \/>O \u00cdndice de Confian\u00e7a do Com\u00e9rcio (Icom) da FGV caiu 0,8 ponto percentual em julho, para 88,8 pontos, o menor n\u00edvel desde agosto de 2017. \u00c9 a quarta queda consecutiva.<\/p>\n<p><strong>Serasa<\/strong><br \/>No \u00faltimo levantamento divulgado em maio passado, havia mais de 61,2 milh\u00f5es de brasileiros inadimplentes.<\/p>\n<p><strong>SPC \u2013 Servi\u00e7o de Prote\u00e7\u00e3o ao Cr\u00e9dito<\/strong><br \/>Oito em cada dez brasileiros realizaram cortes no or\u00e7amento no primeiro semestre deste ano para driblar a crise.<\/p>\n<p>D\u00edvidas de empresas: O Indicador de Inadimpl\u00eancia da Pessoa Jur\u00eddica cresceu 9,41% no \u00faltimo m\u00eas de junho na compara\u00e7\u00e3o com o mesmo per\u00edodo do ano passado. \u00c9 a alta mais acentuada desde setembro de 2016, quando o indicador havia registrado um crescimento de 9,61%.<\/p>\n<\/div>\n<p id=\"page-author\"><span style=\"text-decoration: underline;\"><em><strong>Fonte: CUT<\/strong><\/em><\/span><\/p>\n","protected":false},"excerpt":{"rendered":"<p>Com a crise econ\u00f4mica e o aumento do desemprego, que\u00a0atinge mais de 13 milh\u00f5es de trabalhadores e trabalhadoras, as fam\u00edlias brasileiras est\u00e3o fazendo d\u00edvidas novas para pagar d\u00e9bitos antigos e at\u00e9 para pagar as despesas do dia a dia, como contas de \u00e1gua, luz e supermercado. Para tentar sair do sufoco, vale recorrer a empr\u00e9stimos [&hellip;]<\/p>\n","protected":false},"author":2,"featured_media":4932,"comment_status":"","ping_status":"","sticky":false,"template":"","format":"standard","meta":{"footnotes":""},"categories":[3],"tags":[],"class_list":["post-4933","post","type-post","status-publish","format-standard","has-post-thumbnail","hentry","category-noticias"],"_links":{"self":[{"href":"https:\/\/hostnetart.com.br\/baixada\/wp-json\/wp\/v2\/posts\/4933","targetHints":{"allow":["GET"]}}],"collection":[{"href":"https:\/\/hostnetart.com.br\/baixada\/wp-json\/wp\/v2\/posts"}],"about":[{"href":"https:\/\/hostnetart.com.br\/baixada\/wp-json\/wp\/v2\/types\/post"}],"author":[{"embeddable":true,"href":"https:\/\/hostnetart.com.br\/baixada\/wp-json\/wp\/v2\/users\/2"}],"replies":[{"embeddable":true,"href":"https:\/\/hostnetart.com.br\/baixada\/wp-json\/wp\/v2\/comments?post=4933"}],"version-history":[{"count":0,"href":"https:\/\/hostnetart.com.br\/baixada\/wp-json\/wp\/v2\/posts\/4933\/revisions"}],"wp:featuredmedia":[{"embeddable":true,"href":"https:\/\/hostnetart.com.br\/baixada\/wp-json\/wp\/v2\/media\/4932"}],"wp:attachment":[{"href":"https:\/\/hostnetart.com.br\/baixada\/wp-json\/wp\/v2\/media?parent=4933"}],"wp:term":[{"taxonomy":"category","embeddable":true,"href":"https:\/\/hostnetart.com.br\/baixada\/wp-json\/wp\/v2\/categories?post=4933"},{"taxonomy":"post_tag","embeddable":true,"href":"https:\/\/hostnetart.com.br\/baixada\/wp-json\/wp\/v2\/tags?post=4933"}],"curies":[{"name":"wp","href":"https:\/\/api.w.org\/{rel}","templated":true}]}}