{"id":4931,"date":"2018-08-01T13:35:35","date_gmt":"2018-08-01T16:35:35","guid":{"rendered":"https:\/\/hostnetart.com.br\/baixada\/pais-tem-13-milhoes-de-desempregados-e-trabalho-com-carteira-segue-em-queda\/"},"modified":"2018-08-01T13:35:35","modified_gmt":"2018-08-01T16:35:35","slug":"pais-tem-13-milhoes-de-desempregados-e-trabalho-com-carteira-segue-em-queda","status":"publish","type":"post","link":"https:\/\/hostnetart.com.br\/baixada\/pais-tem-13-milhoes-de-desempregados-e-trabalho-com-carteira-segue-em-queda\/","title":{"rendered":"Pa\u00eds tem 13 milh\u00f5es de desempregados e trabalho com carteira segue em queda"},"content":{"rendered":"<p>A taxa m\u00e9dia de desemprego no pa\u00eds ficou em 12,4% no trimestre encerrado em junho, abaixo de mar\u00e7o (13,1%) e de igual per\u00edodo de 2017 (13%), segundo a Pesquisa Nacional por Amostra de Domic\u00edlios (Pnad) Cont\u00ednua, do IBGE. Mas, a exemplo de levantamentos anteriores, o emprego formal n\u00e3o cresce, e o que traz alguma redu\u00e7\u00e3o \u00e0 taxa \u00e9, principalmente, o trabalho informal e por conta pr\u00f3pria, al\u00e9m dos empregadores, j\u00e1 que o emprego com carteira assinada n\u00e3o avan\u00e7a.<\/p>\n<p>De acordo com a pesquisa divulgada nesta ter\u00e7a-feira (31), o n\u00famero de desempregados foi estimado em 12,966 milh\u00f5es. S\u00e3o menos 723 mil em tr\u00eas meses (-5,3%) e menos 520 mil em um ano (-3,9%). O total de ocupados, 91,237 milh\u00f5es, cresceu 0,7% (657 mil) e 1,1% (1,001 milh\u00e3o), respectivamente.<\/p>\n<p>Mas o total de empregados com carteira no setor privado (32,834 milh\u00f5es) ficou est\u00e1vel no trimestre e caiu 1,5% em 12 meses: menos 497 mil vagas formais. J\u00e1 o total de empregados sem carteira (10,989 milh\u00f5es) aumentou 2,6% (276 mil) e 3,5% (367 mil).<\/p>\n<p>O de aut\u00f4nomos (23,064 milh\u00f5es) ficou est\u00e1vel na compara\u00e7\u00e3o com mar\u00e7o e subiu 2,5% em rela\u00e7\u00e3o a junho do ano passado, com acr\u00e9scimo de 555 mil (2,5%), com destaque para os que t\u00eam CNPJ (7,5%). J\u00e1 no setor p\u00fablico, o emprego sem carteira aumentou mais do que o formal. A pesquisa mostra ainda crescimento do n\u00famero de empregadores em 12 meses (mais 176 mil, 4,2%), principalmente sem CNPJ (10,5%). Esse grupo soma 4,367 milh\u00f5es.<\/p>\n<p>Entre os setores, a maioria ficou est\u00e1vel do primeiro para o segundo trimestre. Dois tiveram crescimento na ocupa\u00e7\u00e3o: ind\u00fastria e administra\u00e7\u00e3o p\u00fablica, que inclui sa\u00fade, seguridade e educa\u00e7\u00e3o. Em rela\u00e7\u00e3o a junho de 2017, a situa\u00e7\u00e3o se repete, com pequenas varia\u00e7\u00f5es na maior parte dos casos e altas em administra\u00e7\u00e3o p\u00fablica e algumas \u00e1reas de servi\u00e7os, como cultura, esporte e repara\u00e7\u00e3o de equipamentos de inform\u00e1tica.<\/p>\n<p>Estimado em R$ 2.198, o rendimento m\u00e9dio ficou est\u00e1vel nas duas bases de compara\u00e7\u00e3o, com queda no trimestre para o trabalhador dom\u00e9stico. O mesmo aconteceu com a massa de rendimentos, que somou R$ 195,7 bilh\u00f5es.<\/p>\n<p>\u00a0<\/p>\n<p><strong>FONTE: Rede Brasil Atual<\/strong><\/p>\n","protected":false},"excerpt":{"rendered":"<p>A taxa m\u00e9dia de desemprego no pa\u00eds ficou em 12,4% no trimestre encerrado em junho, abaixo de mar\u00e7o (13,1%) e de igual per\u00edodo de 2017 (13%), segundo a Pesquisa Nacional por Amostra de Domic\u00edlios (Pnad) Cont\u00ednua, do IBGE. Mas, a exemplo de levantamentos anteriores, o emprego formal n\u00e3o cresce, e o que traz alguma redu\u00e7\u00e3o [&hellip;]<\/p>\n","protected":false},"author":2,"featured_media":4930,"comment_status":"","ping_status":"","sticky":false,"template":"","format":"standard","meta":{"footnotes":""},"categories":[3],"tags":[],"class_list":["post-4931","post","type-post","status-publish","format-standard","has-post-thumbnail","hentry","category-noticias"],"_links":{"self":[{"href":"https:\/\/hostnetart.com.br\/baixada\/wp-json\/wp\/v2\/posts\/4931","targetHints":{"allow":["GET"]}}],"collection":[{"href":"https:\/\/hostnetart.com.br\/baixada\/wp-json\/wp\/v2\/posts"}],"about":[{"href":"https:\/\/hostnetart.com.br\/baixada\/wp-json\/wp\/v2\/types\/post"}],"author":[{"embeddable":true,"href":"https:\/\/hostnetart.com.br\/baixada\/wp-json\/wp\/v2\/users\/2"}],"replies":[{"embeddable":true,"href":"https:\/\/hostnetart.com.br\/baixada\/wp-json\/wp\/v2\/comments?post=4931"}],"version-history":[{"count":0,"href":"https:\/\/hostnetart.com.br\/baixada\/wp-json\/wp\/v2\/posts\/4931\/revisions"}],"wp:featuredmedia":[{"embeddable":true,"href":"https:\/\/hostnetart.com.br\/baixada\/wp-json\/wp\/v2\/media\/4930"}],"wp:attachment":[{"href":"https:\/\/hostnetart.com.br\/baixada\/wp-json\/wp\/v2\/media?parent=4931"}],"wp:term":[{"taxonomy":"category","embeddable":true,"href":"https:\/\/hostnetart.com.br\/baixada\/wp-json\/wp\/v2\/categories?post=4931"},{"taxonomy":"post_tag","embeddable":true,"href":"https:\/\/hostnetart.com.br\/baixada\/wp-json\/wp\/v2\/tags?post=4931"}],"curies":[{"name":"wp","href":"https:\/\/api.w.org\/{rel}","templated":true}]}}