{"id":4923,"date":"2018-07-31T18:04:30","date_gmt":"2018-07-31T21:04:30","guid":{"rendered":"https:\/\/hostnetart.com.br\/baixada\/dia-1-e-dia-de-proposta-com-aumento-real-plr-maior-mais-empregos-e-manutencao-dos-direitos\/"},"modified":"2018-07-31T18:04:30","modified_gmt":"2018-07-31T21:04:30","slug":"dia-1-e-dia-de-proposta-com-aumento-real-plr-maior-mais-empregos-e-manutencao-dos-direitos","status":"publish","type":"post","link":"https:\/\/hostnetart.com.br\/baixada\/dia-1-e-dia-de-proposta-com-aumento-real-plr-maior-mais-empregos-e-manutencao-dos-direitos\/","title":{"rendered":"Dia 1\u00ba \u00e9 dia de proposta com aumento real, PLR maior, mais empregos e manuten\u00e7\u00e3o dos direitos"},"content":{"rendered":"<div class=\"content\">\n<p>Na rodada de <a href=\"http:\/\/www.contrafcut.org.br\/noticias\/ate-1-de-agosto-bancarios-devem-ter-proposta-final-05f3\" target=\"_blank\" rel=\"noopener noreferrer\"><strong><ins>negocia\u00e7\u00e3o de 12\u00a0de julho<\/ins><\/strong><\/a>, os bancos recusaram assinar o pr\u00e9-acordo de ultratividade, que garantiria a validade dos direitos dos banc\u00e1rios at\u00e9 o final das negocia\u00e7\u00f5es da Campanha Nacional 2018. A justificativa dos negociadores da Federa\u00e7\u00e3o Nacional dos Bancos (Fenaban) foi de que, no dia 1\u00ba de agosto, um m\u00eas antes da data base da categoria (1\u00ba de setembro), apresentariam uma proposta final para ser apreciada pelos trabalhadores.<\/p>\n<p>Por isso, na quinta rodada de negocia\u00e7\u00e3o, desta quarta-feira, os representantes de banc\u00e1rios de todo o Brasil, que comp\u00f5em o Comando Nacional da categoria, cobram essa proposta final. \u201cQueremos respostas para todas as reivindica\u00e7\u00f5es j\u00e1 debatidas de sa\u00fade e condi\u00e7\u00f5es de trabalho, emprego, igualdade de oportunidades, al\u00e9m das cl\u00e1usulas econ\u00f4micas que ser\u00e3o tratadas nesta quarta\u201d, afirmou Juvandia Moreira, presidenta da Confedera\u00e7\u00e3o Nacional dos Trabalhadores do Ramo Financeiro (Contraf-CUT) e uma das coordenadoras do Comando.<\/p>\n<p>N\u00e3o s\u00e3o poucos os n\u00fameros e indicadores que comprovam a plena capacidade dos bancos de atender \u00e0s reivindica\u00e7\u00f5es da categoria. Em 2017, as cinco maiores institui\u00e7\u00f5es financeiras que comp\u00f5em a mesa de negocia\u00e7\u00e3o pela Fenaban, lucraram juntas R$ 77,4 bilh\u00f5es. Um valor astron\u00f4mico que impressiona ainda mais quando revelado que o montante foi 33,5% maior que no ano anterior.<\/p>\n<p>\u201cQue setor cresceu dessa maneira numa crise da propor\u00e7\u00e3o que estamos vivendo no Brasil\u201d, questionou a dirigente. \u201cIsso \u00e9 resultado do trabalho dos banc\u00e1rios, muitas vezes al\u00e9m do limite para alcan\u00e7ar os resultados perseguidos pelos bancos\u201d, criticou Juvandia.<\/p>\n<p>A presidenta da Contraf-CUT lembra dos mais de 40 mil postos de trabalho extintos pelo setor desde 2016 para citar um outro dado que d\u00e1 a dimens\u00e3o do quanto os bancos devem ao Brasil: \u201celes s\u00e3o respons\u00e1veis por apenas 1% dos empregos criados no Brasil entre 2012 e 2017, mas por 5% dos afastamentos por doen\u00e7as relacionadas ao trabalho\u201d, de acordo com levantamento realizado pela Fecom\u00e9rcio.<\/p>\n<p>Outro dado surreal: as fam\u00edlias brasileiras comprometem a maior parte dos seus gastos com o pagamento de juros aos bancos. Foram R$ 354,8 bilh\u00f5es transferidos da renda dos trabalhadores para as institui\u00e7\u00f5es financeiras em 2017, o que representa 17,9% de aumento real, ou seja, j\u00e1 descontada a infla\u00e7\u00e3o. De acordo com a pesquisa, o montante superou os R$ 291,3 bilh\u00f5es gastos com alimenta\u00e7\u00e3o fora de casa, os R$ 154,3 bilh\u00f5es dos gastos com transporte urbano e os R$ 129,9 bilh\u00f5es pagos em aluguel.<\/p>\n<p>\u201cOs bancos t\u00eam uma d\u00edvida imensa com a sociedade brasileira e com seus empregados\u201d, destaca a presidenta da Contraf-CUT. \u201cOs banc\u00e1rios querem aumento real, PLR maior, garantia para seus empregos e direitos e cobram isso com a certeza de que trabalham para um setor que est\u00e1 em totais condi\u00e7\u00f5es de atender todas essas reivindica\u00e7\u00f5es e, mais que isso, contratar mais banc\u00e1rios para prestar um atendimento cada vez melhor para toda a sociedade.\u201d<\/p>\n<p>\u00a0<\/p>\n<\/div>\n<p id=\"page-author\"><strong>Fonte: Contraf-CUT<\/strong><\/p>\n","protected":false},"excerpt":{"rendered":"<p>Na rodada de negocia\u00e7\u00e3o de 12\u00a0de julho, os bancos recusaram assinar o pr\u00e9-acordo de ultratividade, que garantiria a validade dos direitos dos banc\u00e1rios at\u00e9 o final das negocia\u00e7\u00f5es da Campanha Nacional 2018. A justificativa dos negociadores da Federa\u00e7\u00e3o Nacional dos Bancos (Fenaban) foi de que, no dia 1\u00ba de agosto, um m\u00eas antes da data [&hellip;]<\/p>\n","protected":false},"author":2,"featured_media":4922,"comment_status":"","ping_status":"","sticky":false,"template":"","format":"standard","meta":{"footnotes":""},"categories":[3],"tags":[],"class_list":["post-4923","post","type-post","status-publish","format-standard","has-post-thumbnail","hentry","category-noticias"],"_links":{"self":[{"href":"https:\/\/hostnetart.com.br\/baixada\/wp-json\/wp\/v2\/posts\/4923","targetHints":{"allow":["GET"]}}],"collection":[{"href":"https:\/\/hostnetart.com.br\/baixada\/wp-json\/wp\/v2\/posts"}],"about":[{"href":"https:\/\/hostnetart.com.br\/baixada\/wp-json\/wp\/v2\/types\/post"}],"author":[{"embeddable":true,"href":"https:\/\/hostnetart.com.br\/baixada\/wp-json\/wp\/v2\/users\/2"}],"replies":[{"embeddable":true,"href":"https:\/\/hostnetart.com.br\/baixada\/wp-json\/wp\/v2\/comments?post=4923"}],"version-history":[{"count":0,"href":"https:\/\/hostnetart.com.br\/baixada\/wp-json\/wp\/v2\/posts\/4923\/revisions"}],"wp:featuredmedia":[{"embeddable":true,"href":"https:\/\/hostnetart.com.br\/baixada\/wp-json\/wp\/v2\/media\/4922"}],"wp:attachment":[{"href":"https:\/\/hostnetart.com.br\/baixada\/wp-json\/wp\/v2\/media?parent=4923"}],"wp:term":[{"taxonomy":"category","embeddable":true,"href":"https:\/\/hostnetart.com.br\/baixada\/wp-json\/wp\/v2\/categories?post=4923"},{"taxonomy":"post_tag","embeddable":true,"href":"https:\/\/hostnetart.com.br\/baixada\/wp-json\/wp\/v2\/tags?post=4923"}],"curies":[{"name":"wp","href":"https:\/\/api.w.org\/{rel}","templated":true}]}}