{"id":4921,"date":"2018-07-31T13:30:13","date_gmt":"2018-07-31T16:30:13","guid":{"rendered":"https:\/\/hostnetart.com.br\/baixada\/no-rio-marcha-das-mulheres-negras-reivindica-representacao-politica\/"},"modified":"2018-07-31T13:30:13","modified_gmt":"2018-07-31T16:30:13","slug":"no-rio-marcha-das-mulheres-negras-reivindica-representacao-politica","status":"publish","type":"post","link":"https:\/\/hostnetart.com.br\/baixada\/no-rio-marcha-das-mulheres-negras-reivindica-representacao-politica\/","title":{"rendered":"No Rio, Marcha das Mulheres Negras reivindica representa\u00e7\u00e3o pol\u00edtica"},"content":{"rendered":"<p class=\" \">O Dia da Mulher Negra, Latino-Americana e Caribenha foi celebrado neste domingo (29), no Rio de Janeiro, com a\u00a0<a class=\"internal-link\" title=\"\" href=\"https:\/\/www.redebrasilatual.com.br\/cidadania\/2018\/07\/em-sao-paulo-mulheres-negras-reivindicam-fim-da-opressao-e-omissao-do-estado\" target=\"_blank\" rel=\"noopener noreferrer\">Marcha das Mulheres Negras<\/a>, que ocupou a orla da zona sul da cidade. Nesta quarta edi\u00e7\u00e3o do ato promovido pelo F\u00f3rum Estadual de Mulheres Negras RJ, militantes da causa uniram-se \u201cpela vida do povo negro: mais mulheres negras no poder\u201d, e relembraram a luta antirracial.<\/p>\n<p class=\" \">Sob cantos de valoriza\u00e7\u00e3o da cultura afro e com cartazes que pediam o<a class=\"internal-link\" title=\"\" href=\"https:\/\/www.redebrasilatual.com.br\/cidadania\/2018\/07\/maes-denunciam-violacoes-cotidianas-contra-criancas-com-intervencao-no-rio\" target=\"_blank\" rel=\"noopener noreferrer\"> fim da viol\u00eancia<\/a>, as mulheres tamb\u00e9m homenagearam a vereadora do Psol\u00a0<a class=\"internal-link\" title=\"\" href=\"https:\/\/www.redebrasilatual.com.br\/politica\/2018\/03\/assassinato-de-marielle-franco-aumenta-pressao-sobre-intervencao\" target=\"_blank\" rel=\"noopener noreferrer\">Marielle Franco<\/a> e pediram apoio \u00e0 candidatura da escritora e professora universit\u00e1ria Concei\u00e7\u00e3o Evaristo, que pleiteia a cadeira 7 da Academia Brasileira de Letras (ABL).<\/p>\n<p class=\" \">No \u00faltimo dia (18), a <a class=\"external-link\" title=\"\" href=\"http:\/\/justificando.cartacapital.com.br\/2018\/07\/24\/porque-conceicao-evaristo-e-a-grande-candidata-a-academia-brasileira-de-letras\/\" target=\"_blank\" rel=\"noopener noreferrer\">escritora oficializou sua participa\u00e7\u00e3o<\/a> por meio de uma carta de autoapresenta\u00e7\u00e3o, em que declara seu desejo de ocupar a vaga de Nelson Pereira dos Santos, morto em abril. Em apoio a Concei\u00e7\u00e3o, o grupo Di\u00e1logos Insubmissos criou uma <a class=\"external-link\" title=\"\" href=\"https:\/\/www.change.org\/p\/academia-brasileira-de-letras-concei%C3%A7%C3%A3oevaristonaabl?recruiter=48238536&amp;utm_source=share_petition&amp;utm_campaign=psf_combo_share_message&amp;utm_medium=whatsapp\" target=\"_blank\" rel=\"noopener noreferrer\">peti\u00e7\u00e3o online<\/a> que j\u00e1 ultrapassa 20 mil assinaturas. Se escolhida, a escritora ser\u00e1 a primeira mulher negra representada na institui\u00e7\u00e3o.<\/p>\n<p class=\" \">\u00a0<\/p>\n<p class=\" \"><strong>FONTE: Rede Brasil Atual<\/strong><\/p>\n","protected":false},"excerpt":{"rendered":"<p>O Dia da Mulher Negra, Latino-Americana e Caribenha foi celebrado neste domingo (29), no Rio de Janeiro, com a\u00a0Marcha das Mulheres Negras, que ocupou a orla da zona sul da cidade. Nesta quarta edi\u00e7\u00e3o do ato promovido pelo F\u00f3rum Estadual de Mulheres Negras RJ, militantes da causa uniram-se \u201cpela vida do povo negro: mais mulheres [&hellip;]<\/p>\n","protected":false},"author":2,"featured_media":4920,"comment_status":"","ping_status":"","sticky":false,"template":"","format":"standard","meta":{"footnotes":""},"categories":[3],"tags":[],"class_list":["post-4921","post","type-post","status-publish","format-standard","has-post-thumbnail","hentry","category-noticias"],"_links":{"self":[{"href":"https:\/\/hostnetart.com.br\/baixada\/wp-json\/wp\/v2\/posts\/4921","targetHints":{"allow":["GET"]}}],"collection":[{"href":"https:\/\/hostnetart.com.br\/baixada\/wp-json\/wp\/v2\/posts"}],"about":[{"href":"https:\/\/hostnetart.com.br\/baixada\/wp-json\/wp\/v2\/types\/post"}],"author":[{"embeddable":true,"href":"https:\/\/hostnetart.com.br\/baixada\/wp-json\/wp\/v2\/users\/2"}],"replies":[{"embeddable":true,"href":"https:\/\/hostnetart.com.br\/baixada\/wp-json\/wp\/v2\/comments?post=4921"}],"version-history":[{"count":0,"href":"https:\/\/hostnetart.com.br\/baixada\/wp-json\/wp\/v2\/posts\/4921\/revisions"}],"wp:featuredmedia":[{"embeddable":true,"href":"https:\/\/hostnetart.com.br\/baixada\/wp-json\/wp\/v2\/media\/4920"}],"wp:attachment":[{"href":"https:\/\/hostnetart.com.br\/baixada\/wp-json\/wp\/v2\/media?parent=4921"}],"wp:term":[{"taxonomy":"category","embeddable":true,"href":"https:\/\/hostnetart.com.br\/baixada\/wp-json\/wp\/v2\/categories?post=4921"},{"taxonomy":"post_tag","embeddable":true,"href":"https:\/\/hostnetart.com.br\/baixada\/wp-json\/wp\/v2\/tags?post=4921"}],"curies":[{"name":"wp","href":"https:\/\/api.w.org\/{rel}","templated":true}]}}